{"id":221054,"date":"2025-07-02T16:12:11","date_gmt":"2025-07-02T16:12:11","guid":{"rendered":"https:\/\/www.europesays.com\/fr\/221054\/"},"modified":"2025-07-02T16:12:11","modified_gmt":"2025-07-02T16:12:11","slug":"6-millions-deuros-pour-reamenager-le-parc-francois-mitterrand","status":"publish","type":"post","link":"https:\/\/www.europesays.com\/fr\/221054\/","title":{"rendered":"6 millions d\u2019euros pour r\u00e9am\u00e9nager le parc Fran\u00e7ois-Mitterrand"},"content":{"rendered":"<p>On y passe pour aller \u00e0 la piscine Raymond-Sommet (<a href=\"https:\/\/www.leprogres.fr\/economie\/2025\/07\/01\/greve-et-grosse-affluence-le-thermometre-grimpe-et-la-tension-monte-a-la-piscine-raymond-sommet\" target=\"_blank\" rel=\"noopener\">lorsqu\u2019elle est ouverte<\/a>), pour se rendre au Fil depuis les parkings situ\u00e9s derri\u00e8re c\u00f4t\u00e9 Z\u00e9nith, pour rejoindre le parc des expositions\u2026 Mais, rares sont les personnes qui s\u2019\u00e9tendent sur les pelouses, qui viennent lire \u00e0 l\u2019ombre d\u2019un arbre, ou simplement se poser sur un banc.<\/p>\n<p>Il faut dire que, le parc Fran\u00e7ois-Mitterrand dispara\u00eet compl\u00e8tement du paysage\u00a0: cach\u00e9 par les b\u00e2timents du boulevard Thiers et du boulevard Jules-Janin, tr\u00e8s peu indiqu\u00e9 sur les panneaux malgr\u00e9 le fait qu\u2019il soit bien desservi\u2026 Dans l\u2019esprit collectif des St\u00e9phanois vivant dans le quartier, il appara\u00eet plus comme un lieu de passage qu\u2019autre chose.<\/p>\n<p>Cr\u00e9er du lien entre les quartiers<\/p>\n<p>Les travaux pr\u00e9vus, pour la somme de six millions&#8230;<\/p>\n","protected":false},"excerpt":{"rendered":"On y passe pour aller \u00e0 la piscine Raymond-Sommet (lorsqu\u2019elle est ouverte), pour se rendre au Fil depuis&hellip;\n","protected":false},"author":2,"featured_media":221055,"comment_status":"","ping_status":"","sticky":false,"template":"","format":"standard","meta":{"footnotes":""},"categories":[9653],"tags":[1111,11,2430,4749,33,7539,1777,674,1011,27,12,25,4001,7538],"class_list":{"0":"post-221054","1":"post","2":"type-post","3":"status-publish","4":"format-standard","5":"has-post-thumbnail","7":"category-saint-etienne","8":"tag-actu","9":"tag-actualites","10":"tag-auvergne-rhone-alpes","11":"tag-btp-et-chantiers","12":"tag-economie","13":"tag-edition-loire-sud","14":"tag-eu","15":"tag-europe","16":"tag-fr","17":"tag-france","18":"tag-news","19":"tag-republique-francaise","20":"tag-saint-etienne","21":"tag-saint-etienne-ville"},"share_on_mastodon":{"url":"https:\/\/pubeurope.com\/@fr\/114784524388293478","error":""},"_links":{"self":[{"href":"https:\/\/www.europesays.com\/fr\/wp-json\/wp\/v2\/posts\/221054","targetHints":{"allow":["GET"]}}],"collection":[{"href":"https:\/\/www.europesays.com\/fr\/wp-json\/wp\/v2\/posts"}],"about":[{"href":"https:\/\/www.europesays.com\/fr\/wp-json\/wp\/v2\/types\/post"}],"author":[{"embeddable":true,"href":"https:\/\/www.europesays.com\/fr\/wp-json\/wp\/v2\/users\/2"}],"replies":[{"embeddable":true,"href":"https:\/\/www.europesays.com\/fr\/wp-json\/wp\/v2\/comments?post=221054"}],"version-history":[{"count":0,"href":"https:\/\/www.europesays.com\/fr\/wp-json\/wp\/v2\/posts\/221054\/revisions"}],"wp:featuredmedia":[{"embeddable":true,"href":"https:\/\/www.europesays.com\/fr\/wp-json\/wp\/v2\/media\/221055"}],"wp:attachment":[{"href":"https:\/\/www.europesays.com\/fr\/wp-json\/wp\/v2\/media?parent=221054"}],"wp:term":[{"taxonomy":"category","embeddable":true,"href":"https:\/\/www.europesays.com\/fr\/wp-json\/wp\/v2\/categories?post=221054"},{"taxonomy":"post_tag","embeddable":true,"href":"https:\/\/www.europesays.com\/fr\/wp-json\/wp\/v2\/tags?post=221054"}],"curies":[{"name":"wp","href":"https:\/\/api.w.org\/{rel}","templated":true}]}}