{"id":221056,"date":"2025-07-02T16:13:13","date_gmt":"2025-07-02T16:13:13","guid":{"rendered":"https:\/\/www.europesays.com\/fr\/221056\/"},"modified":"2025-07-02T16:13:13","modified_gmt":"2025-07-02T16:13:13","slug":"ca-veut-dire-quoi-incel","status":"publish","type":"post","link":"https:\/\/www.europesays.com\/fr\/221056\/","title":{"rendered":"\u00e7a veut dire quoi \u00ab\u00a0incel\u00a0\u00bb\u00a0?"},"content":{"rendered":"<p>            Par<br \/>\n        <strong><br \/>\n            <a href=\"https:\/\/actu.fr\/auteur\/jade-lacroix\" title=\"Consulter tous les articles de Jade Lacroix\" rel=\"nofollow noopener\" target=\"_blank\">Jade Lacroix<\/a><br \/>\n        <\/strong><\/p>\n<p>        Publi\u00e9 le<\/p>\n<p>            2 juil. 2025 \u00e0 17h15        <\/p>\n<p>Ce mardi 1er\u00a0juillet 2025, un jeune homme de 18\u00a0ans, Timothy G., <a href=\"https:\/\/actu.fr\/auvergne-rhone-alpes\/saint-etienne_42218\/saint-etienne-un-attentat-dejoue-un-homme-de-18-ans-arrete-pres-d-un-lycee-avec-deux-couteaux_62854009.html\" rel=\"nofollow noopener\" target=\"_blank\">a \u00e9t\u00e9 arr\u00eat\u00e9 \u00e0 proximit\u00e9 d\u2019un lyc\u00e9e avec deux couteaux<\/a> dans son sac dans la r\u00e9gion de <a href=\"https:\/\/actu.fr\/saint-etienne\/\" rel=\"nofollow noopener\" target=\"_blank\">Saint-\u00c9tienne<\/a> (Loire). Il se revendiquait de la <strong>mouvance \u00ab\u2009incel\u2009\u00bb<\/strong> et voulait s\u2019en prendre \u00e0 des femmes.<\/p>\n<p class=\" wall-content\">Le Parquet national antiterroriste (Pnat) a confirm\u00e9 <strong>l\u2019ouverture d\u2019une information judiciaire<\/strong>. C\u2019est officiellement le premier dossier exclusivement li\u00e9 \u00e0 cette mouvance.<\/p>\n<p>Une mouvance n\u00e9e en ligne<\/p>\n<p class=\" wall-content\">En 2021, le R\u00e9seau de sensibilisation \u00e0 la radicalisation (RAN), une initiative europ\u00e9enne qui vise \u00e0 lutter contre la radicalisation, a sorti un rapport sur la communaut\u00e9 \u00ab\u2009incels\u2009\u00bb.<\/p>\n<p class=\" wall-content\">Ce <a href=\"https:\/\/home-affairs.ec.europa.eu\/document\/download\/02d19d72-ecf4-4643-a9d2-86f803ccc031_fr\" rel=\"nofollow noopener\" target=\"_blank\">rapport<\/a>, intitul\u00e9 Incels\u2009: premi\u00e8re analyse du ph\u00e9nom\u00e8ne (dans l\u2019UE), et impact et difficult\u00e9s associ\u00e9es sur le plan de la pr\u00e9vention et de la lutte contre l\u2019extr\u00e9misme violent, avance <strong>une d\u00e9finition<\/strong> de cette mouvance.<\/p>\n<blockquote class=\"ac-article-quote wall-content\">\n<p>Les c\u00e9libataires involontaires (\u00ab incels \u00bb) sont des hommes qui se consid\u00e8rent incapables d\u2019\u00e9tablir des relations sexuelles consensuelles en raison de leur manque d\u2019attrait physique per\u00e7u.<\/p>\n<p>    <strong>R\u00e9seau de sensibilisation \u00e0 la radicalisation (RAN)<\/strong><br \/>\n        Rapport de 2021    <\/p><\/blockquote>\n<p>Vid\u00e9os : en ce moment sur Actu<\/p>\n<p class=\" wall-content\">Ce terme est apparu en premier<strong> en 1997<\/strong>. Il s\u2019adressait alors \u00e0 tous les genres et \u00e0 toutes les sexualit\u00e9s. Une communaut\u00e9 s\u2019\u00e9tait form\u00e9e autour d\u2019un site cr\u00e9\u00e9 par une \u00e9tudiante, intitul\u00e9 \u00ab\u2009Alana\u2019s Involuntary Celibacy Project\u2009\u00bb. Il avait \u00ab\u2009pour but d\u2019offrir \u00e0 tous un lieu o\u00f9 <strong>exprimer ses frustrations en mati\u00e8re de sexe<\/strong>, relations amoureuses et sexualit\u00e9\u2009\u00bb.<\/p>\n<p>Une communaut\u00e9 qui s\u2019est radicalis\u00e9e<\/p>\n<p class=\" wall-content\">Mais cette communaut\u00e9, qui est n\u00e9e en ligne, s\u2019est radicalis\u00e9e et est <strong>devenue plus misogyne<\/strong>, excluant les femmes qui en faisaient partie.<\/p>\n<p class=\" wall-content\">Le c\u0153ur de cette mouvance est rest\u00e9 le m\u00eame que lors de sa cr\u00e9ation. Les incels concentrent toujours leur discours sur <strong>l\u2019acc\u00e8s aux relations sexuelles avec des femmes<\/strong>.<\/p>\n<p class=\" wall-content\">Ces hommes, souvent jeunes, \u00ab\u2009pensent \u00eatre d\u00e9savantag\u00e9s sur le plan g\u00e9n\u00e9tique et soci\u00e9tal au point de se voir refuser l\u2019acc\u00e8s aux relations sexuelles avec les femmes\u2009\u00bb, appuie l\u2019Union europ\u00e9enne.<\/p>\n<p class=\" wall-content\">Pr\u00e9sents sur le forum Reddit, 4chan ou encore <a href=\"https:\/\/actu.fr\/societe\/fake-news-defis-dangereux-risques-psychologiques-tiktok-doit-il-etre-interdit-en-france_62353207.html\" rel=\"nofollow noopener\" target=\"_blank\">la plateforme TikTok<\/a>, les \u00ab\u2009incels\u2009\u00bb sont notamment convaincus de l\u2019existence d\u2019une r\u00e8gle \u2013 \u00ab\u2009<strong>la r\u00e8gle 80\/20\u2009\u00bb <\/strong>\u2014 selon\u00a0laquelle 20\u2009% des hommes les plus attirants ont monopolis\u00e9 80\u2009% des femmes, rendant selon eux la t\u00e2che plus ardue pour les 80\u2009% d\u2019hommes restants.<\/p>\n<p>C&rsquo;est quoi la \u00ab\u00a0manosph\u00e8re\u00a0\u00bb ?<\/p>\n<p>La communaut\u00e9 des \u00ab\u00a0incels\u00a0\u00bb s&rsquo;inscrit plus largement dans la \u00ab\u00a0manosph\u00e8re\u00a0\u00bb. Selon le rapport de l&rsquo;Union europ\u00e9enne c&rsquo;est \u00ab\u00a0un ensemble de communaut\u00e9s antif\u00e9ministes principalement pr\u00e9sentes en ligne qui se caract\u00e9risent par une misogynie plus ou moins marqu\u00e9e et, \u00e0 l\u2019occasion, par une violence cibl\u00e9e\u00a0\u00bb.<\/p>\n<p>\u00ab\u2009Une menace pour la sant\u00e9 et la s\u00e9curit\u00e9 publique\u2009\u00bb<\/p>\n<p class=\" wall-content\">Les <a href=\"https:\/\/actu.fr\/societe\/pharos-comment-fonctionne-la-plateforme-pour-signaler-des-contenus-illegaux-sur-internet_60012942.html\" rel=\"nofollow noopener\" target=\"_blank\">contenus \u00ab\u2009incels\u2009\u00bb<\/a>, qui circulent sur les r\u00e9seaux sociaux ou des forums d\u00e9di\u00e9s, <strong>c\u00e9l\u00e8brent la violence faite aux femmes<\/strong>.<\/p>\n<p class=\" wall-content\">Et cette mouvance grossit.\u00a0Dans une \u00e9tude portant sur plus d\u2019un million de messages publi\u00e9s de janvier\u00a02021 et juillet\u00a02022, le CCDH notait une hausse de 59\u2009% de l\u2019utilisation de termes et de mots de code relatifs \u00e0 des actes de violence de masse.\u00a0Il relevait en outre <strong>une mention de viol toutes les 29\u00a0minutes<\/strong>.<\/p>\n<p class=\" wall-content\">Selon le rapport de l\u2019<a href=\"https:\/\/actu.fr\/tag\/union-europeenne\" rel=\"nofollow noopener\" target=\"_blank\">Union europ\u00e9enne<\/a>, cette communaut\u00e9 constitue donc <strong>\u00ab\u2009une menace pour la sant\u00e9 et la s\u00e9curit\u00e9 publique\u2009\u00bb<\/strong>.<\/p>\n<blockquote class=\"ac-article-quote wall-content\">\n<p>Cette approche a favoris\u00e9 la cr\u00e9ation d\u2019un environnement en ligne r\u00e9unissant des hommes isol\u00e9s, d\u00e9prim\u00e9s, souvent en col\u00e8re et parfois suicidaires. <\/p>\n<p>    <strong>R\u00e9seau de sensibilisation \u00e0 la radicalisation (RAN)<\/strong><br \/>\n        Rapport de 2021    <\/p><\/blockquote>\n<p>Des auteurs de tuerie de masse \u00e9lev\u00e9s en h\u00e9ros<\/p>\n<p class=\" wall-content\">Certains d\u2019entre eux sont m\u00eame pass\u00e9s \u00e0 l\u2019acte. C\u2019est le cas d\u2019Alek Minassian, qui a tu\u00e9 11\u00a0personnes, principalement des femmes, lors d\u2019<a href=\"https:\/\/actu.fr\/monde\/une-camionnette-fonce-sur-foule-toronto-canada-10-morts-15-blesses_16508564.html\" rel=\"nofollow noopener\" target=\"_blank\">une attaque au camion-b\u00e9lier au Canada en 2018<\/a>.<\/p>\n<p class=\" wall-content\">Quatre ans avant, <strong>en 2014<\/strong>, un Am\u00e9ricain, Elliot Rodger, qui avait proclam\u00e9 sa haine de la soci\u00e9t\u00e9 et des femmes, a tu\u00e9 six personnes, dont trois femmes, en 2014 en Californie, avant de se suicider. En <strong>2021<\/strong>, Jake Davidson avait tu\u00e9 cinq femmes \u00e0 Plymouth, au Royaume-Uni, avant de mettre fin \u00e0 ses jours.<\/p>\n<p class=\" wall-content\">Ces auteurs de tueries de masse sont<strong> devenus des symboles<\/strong> dans la communaut\u00e9. Les personnes qui ont commis des tueries de masse en raison de leurs \u00ab\u2009caract\u00e9ristiques\u2009\u00bb incels, de fa\u00e7on explicite ou implicite, sont canonis\u00e9es et \u00e9lev\u00e9es au rang de \u00ab\u2009h\u00e9ros\u2009\u00bb incels, d\u2019apr\u00e8s le RAN.<\/p>\n<p class=\" wall-content\">En France, la mouvance masculiniste est notamment pass\u00e9e sur le devant de la sc\u00e8ne d\u00e9but juin. La ministre de l\u2019\u00c9ducation nationale <a href=\"https:\/\/actu.fr\/societe\/haine-en-ligne-elisabeth-borne-veut-diffuser-la-serie-netflix-adolescence-dans-les-colleges_62745999.html\" rel=\"nofollow noopener\" target=\"_blank\">\u00c9lisabeth Borne avait annonc\u00e9<\/a> que la s\u00e9rie britannique <strong>Adolescence<\/strong>, traitant des ravages sur les jeunes des contenus masculinistes des r\u00e9seaux sociaux, allait \u00eatre propos\u00e9e comme support p\u00e9dagogique \u00e0 partir du coll\u00e8ge en France.<\/p>\n<p class=\" wall-content\">Suivez toute l\u2019actualit\u00e9 de vos villes et m\u00e9dias favoris en vous inscrivant \u00e0 <a href=\"https:\/\/moncompte.actu.fr\" title=\"D\u00e9couvez Mon Actu\" rel=\"nofollow noopener\" data-trk=\"{&quot;cta&quot;:{&quot;action&quot;:&quot;https:\\\/\\\/moncompte.actu.fr&quot;,&quot;category&quot;:&quot;mon compte&quot;,&quot;from&quot;:&quot;article footer&quot;,&quot;name&quot;:&quot;Mon actu&quot;,&quot;type&quot;:&quot;cta&quot;}}\" target=\"_blank\">Mon Actu<\/a>.<\/p>\n","protected":false},"excerpt":{"rendered":"Par Jade Lacroix Publi\u00e9 le 2 juil. 2025 \u00e0 17h15 Ce mardi 1er\u00a0juillet 2025, un jeune homme de&hellip;\n","protected":false},"author":2,"featured_media":221057,"comment_status":"","ping_status":"","sticky":false,"template":"","format":"standard","meta":{"footnotes":""},"categories":[9653],"tags":[1111,11,2430,1777,674,1011,27,12,25,4001,104,799],"class_list":{"0":"post-221056","1":"post","2":"type-post","3":"status-publish","4":"format-standard","5":"has-post-thumbnail","7":"category-saint-etienne","8":"tag-actu","9":"tag-actualites","10":"tag-auvergne-rhone-alpes","11":"tag-eu","12":"tag-europe","13":"tag-fr","14":"tag-france","15":"tag-news","16":"tag-republique-francaise","17":"tag-saint-etienne","18":"tag-societe","19":"tag-violences-sexuelles"},"share_on_mastodon":{"url":"https:\/\/pubeurope.com\/@fr\/114784528179847158","error":""},"_links":{"self":[{"href":"https:\/\/www.europesays.com\/fr\/wp-json\/wp\/v2\/posts\/221056","targetHints":{"allow":["GET"]}}],"collection":[{"href":"https:\/\/www.europesays.com\/fr\/wp-json\/wp\/v2\/posts"}],"about":[{"href":"https:\/\/www.europesays.com\/fr\/wp-json\/wp\/v2\/types\/post"}],"author":[{"embeddable":true,"href":"https:\/\/www.europesays.com\/fr\/wp-json\/wp\/v2\/users\/2"}],"replies":[{"embeddable":true,"href":"https:\/\/www.europesays.com\/fr\/wp-json\/wp\/v2\/comments?post=221056"}],"version-history":[{"count":0,"href":"https:\/\/www.europesays.com\/fr\/wp-json\/wp\/v2\/posts\/221056\/revisions"}],"wp:featuredmedia":[{"embeddable":true,"href":"https:\/\/www.europesays.com\/fr\/wp-json\/wp\/v2\/media\/221057"}],"wp:attachment":[{"href":"https:\/\/www.europesays.com\/fr\/wp-json\/wp\/v2\/media?parent=221056"}],"wp:term":[{"taxonomy":"category","embeddable":true,"href":"https:\/\/www.europesays.com\/fr\/wp-json\/wp\/v2\/categories?post=221056"},{"taxonomy":"post_tag","embeddable":true,"href":"https:\/\/www.europesays.com\/fr\/wp-json\/wp\/v2\/tags?post=221056"}],"curies":[{"name":"wp","href":"https:\/\/api.w.org\/{rel}","templated":true}]}}