{"id":221060,"date":"2025-07-02T16:15:28","date_gmt":"2025-07-02T16:15:28","guid":{"rendered":"https:\/\/www.europesays.com\/fr\/221060\/"},"modified":"2025-07-02T16:15:28","modified_gmt":"2025-07-02T16:15:28","slug":"des-medicaments-radiopharmaceutiques-pour-leurope-bientot-fabriques-pres-de-nancy","status":"publish","type":"post","link":"https:\/\/www.europesays.com\/fr\/221060\/","title":{"rendered":"des m\u00e9dicaments radiopharmaceutiques pour l\u2019Europe bient\u00f4t fabriqu\u00e9s pr\u00e8s de Nancy"},"content":{"rendered":"<p>Il ne manquait que cette pierre \u00e0 l\u2019\u00e9difice. Le groupement d\u2019int\u00e9r\u00eat \u00e9conomique (GIE) Nancyclotep, coalisant l\u2019Universit\u00e9 de Lorraine, le CHRU de Nancy et la soci\u00e9t\u00e9 Positif, qui \u0153uvre dans la recherche fondamentale et les essais cliniques en m\u00e9decine nucl\u00e9aire depuis 2007, a d\u00e9voil\u00e9 ce mercredi 2\u00a0juillet, un projet de dimension europ\u00e9enne, Protherium. La Lorraine va ainsi contribuer, \u00e0 son \u00e9chelle, \u00e0 l\u2019effort de relocalisation des&#8230;<\/p>\n","protected":false},"excerpt":{"rendered":"Il ne manquait que cette pierre \u00e0 l\u2019\u00e9difice. Le groupement d\u2019int\u00e9r\u00eat \u00e9conomique (GIE) Nancyclotep, coalisant l\u2019Universit\u00e9 de Lorraine,&hellip;\n","protected":false},"author":2,"featured_media":221061,"comment_status":"","ping_status":"","sticky":false,"template":"","format":"standard","meta":{"footnotes":""},"categories":[9635],"tags":[1111,11,33,1704,1777,674,1011,27,775,693,5015,5362,224,16292,3457,1702,1703,12,3456,25,71,767,4604],"class_list":{"0":"post-221060","1":"post","2":"type-post","3":"status-publish","4":"format-standard","5":"has-post-thumbnail","7":"category-nancy","8":"tag-actu","9":"tag-actualites","10":"tag-economie","11":"tag-edition-nancy-et-agglomeration","12":"tag-eu","13":"tag-europe","14":"tag-fr","15":"tag-france","16":"tag-grand-est","17":"tag-industrie","18":"tag-innovation-et-start-up","19":"tag-magazine-sante","20":"tag-medecine","21":"tag-medicaments","22":"tag-meurthe-et-moselle","23":"tag-nancy","24":"tag-nancy-ville-54b","25":"tag-news","26":"tag-region-lorraine","27":"tag-republique-francaise","28":"tag-sante","29":"tag-science-et-technologie","30":"tag-selection-abonne"},"share_on_mastodon":{"url":"https:\/\/pubeurope.com\/@fr\/114784536106266311","error":""},"_links":{"self":[{"href":"https:\/\/www.europesays.com\/fr\/wp-json\/wp\/v2\/posts\/221060","targetHints":{"allow":["GET"]}}],"collection":[{"href":"https:\/\/www.europesays.com\/fr\/wp-json\/wp\/v2\/posts"}],"about":[{"href":"https:\/\/www.europesays.com\/fr\/wp-json\/wp\/v2\/types\/post"}],"author":[{"embeddable":true,"href":"https:\/\/www.europesays.com\/fr\/wp-json\/wp\/v2\/users\/2"}],"replies":[{"embeddable":true,"href":"https:\/\/www.europesays.com\/fr\/wp-json\/wp\/v2\/comments?post=221060"}],"version-history":[{"count":0,"href":"https:\/\/www.europesays.com\/fr\/wp-json\/wp\/v2\/posts\/221060\/revisions"}],"wp:featuredmedia":[{"embeddable":true,"href":"https:\/\/www.europesays.com\/fr\/wp-json\/wp\/v2\/media\/221061"}],"wp:attachment":[{"href":"https:\/\/www.europesays.com\/fr\/wp-json\/wp\/v2\/media?parent=221060"}],"wp:term":[{"taxonomy":"category","embeddable":true,"href":"https:\/\/www.europesays.com\/fr\/wp-json\/wp\/v2\/categories?post=221060"},{"taxonomy":"post_tag","embeddable":true,"href":"https:\/\/www.europesays.com\/fr\/wp-json\/wp\/v2\/tags?post=221060"}],"curies":[{"name":"wp","href":"https:\/\/api.w.org\/{rel}","templated":true}]}}