{"id":221070,"date":"2025-07-02T16:20:11","date_gmt":"2025-07-02T16:20:11","guid":{"rendered":"https:\/\/www.europesays.com\/fr\/221070\/"},"modified":"2025-07-02T16:20:11","modified_gmt":"2025-07-02T16:20:11","slug":"pres-de-rouen-orages-et-chutes-darbres-inquietent-toute-une-rue","status":"publish","type":"post","link":"https:\/\/www.europesays.com\/fr\/221070\/","title":{"rendered":"pr\u00e8s de Rouen, orages et chutes d&rsquo;arbres inqui\u00e8tent toute une rue"},"content":{"rendered":"<p>            Par<br \/>\n        <strong><br \/>\n            <a href=\"https:\/\/actu.fr\/auteur\/aurelien-delavaud\" title=\"Consulter tous les articles de Aur\u00e9lien Delavaud\" target=\"_blank\" rel=\"noopener\">Aur\u00e9lien Delavaud<\/a><br \/>\n        <\/strong><\/p>\n<p>        Publi\u00e9 le<\/p>\n<p>            2 juil. 2025 \u00e0 17h51        <\/p>\n<p>Un \u00e9trange m\u00e9lange de soulagement et de col\u00e8re. Heureusement, le <b>grand tilleul<\/b> qui faisait une bonne douzaine de m\u00e8tres de haut est <b>tomb\u00e9 du bon c\u00f4t\u00e9<\/b>, dans une all\u00e9e pi\u00e9tonne, \u00e0 un moment o\u00f9 personne ne passait pas l\u00e0.<\/p>\n<p class=\" wall-content\">Mais l\u2019arbre, victime de l\u2019<b>orage <\/b>du mercredi 25 juin qui a <a href=\"https:\/\/actu.fr\/normandie\/elbeuf_76231\/nuages-massifs-arbres-et-lampadaires-tombes-un-nouvel-orage-impressionnant-sest-abattu-sur-elbeuf_62826788.html\" target=\"_blank\" rel=\"noopener\">fait des d\u00e9g\u00e2ts dans l\u2019agglo d\u2019Elbeuf<\/a>, aurait aussi bien pu tomber de l\u2019autre c\u00f4t\u00e9, sur l\u2019une des maisons de l\u2019all\u00e9e du Manoir.<\/p>\n<p class=\" wall-content\">Cette situation, c\u2019est celle que <b>craignent depuis 10\u00a0ans<\/b> les habitants de cette petite impasse aux maisons cossues, dans un <b>quartier du Buquet<\/b>, sur les hauteurs d\u2019<a href=\"https:\/\/actu.fr\/normandie\/elbeuf_76231\" target=\"_blank\" rel=\"noopener\">Elbeuf (Seine-Maritime)<\/a>.<\/p>\n<p class=\" wall-content\">Les <b>violents orages<\/b> de ce mois de juin 2025 et la nouvelle chute d\u2019un arbre qui avait l\u2019air en parfaite sant\u00e9 n\u2019ont fait que relancer leur <b>combat avec la mairie<\/b>.<\/p>\n<p>\u00ab Ces g\u00e9ants, c\u2019est devenu ma terreur ! \u00bb<\/p>\n<p class=\" wall-content\">Certains d\u2019entre eux sont arriv\u00e9s en faisant construire leurs maisons, \u00e0 la cr\u00e9ation du lotissement, il y a pr\u00e8s de 25 ans. C\u2019est le cas de Christine Al\u00e9p\u00e9e, qui se souvient bien de la plantation de cette douzaine de tilleuls.<\/p>\n<p>Vid\u00e9os : en ce moment sur Actu<\/p>\n<blockquote class=\"ac-article-quote wall-content\">\n<p>Pendant 15 ans, il n\u2019y a pas eu de soucis, c\u2019\u00e9tait magnifique. Maintenant, ces monstres, ces g\u00e9ants, c\u2019est devenu ma terreur !<\/p>\n<p>Christine Al\u00e9p\u00e9e, habitante de l\u2019all\u00e9e du Manoir<\/p><\/blockquote>\n<p class=\" wall-content\">Pour ce <b>groupe de voisins<\/b> qui se connaissent maintenant depuis des ann\u00e9es, les craintes sont partag\u00e9es : <b>arbres qui penchent dangereusement<\/b>, branches qui tombent, petits fruits jaunes qui s\u2019infiltrent un petit peu partout avec le vent\u2026<\/p>\n<p>    <img   decoding=\"async\" loading=\"lazy\" class=\"size-large\" src=\"https:\/\/www.europesays.com\/fr\/wp-content\/uploads\/2025\/07\/a4691d3005686c8691d300568ec691v-960x640.jpg\" alt=\"Elbeuf tilleul all\u00e9e du manoir\" width=\"960\" height=\"640\"\/><br \/>\n    Dans l\u2019all\u00e9e du Manoir, les riverains se demandent quel sera le prochain arbre \u00e0 tomber. \u00a9Aur\u00e9lien Delavaud<\/p>\n<p class=\" wall-content\">Mais depuis deux ans, c\u2019est bien la <b>chute des arbres<\/b> qui les pr\u00e9occupe le plus. \u00ab D\u00e9j\u00e0, il y a deux ans, celui-l\u00e0 est tomb\u00e9 tout seul, comme \u00e7a, alors qu\u2019il n\u2019y avait aucun signe avant coureur \u00bb, indique Emmanuel Himber, le doigt point\u00e9 vers l\u2019espace laiss\u00e9 vide en face de chez lui, o\u00f9 l\u2019on voit encore les racines de l\u2019arbre.<\/p>\n<p class=\" wall-content\">Lors de ce premier avertissement, il n\u2019y avait pas eu de d\u00e9g\u00e2ts non plus. Mais les habitants de l\u2019all\u00e9e du Manoir <b>refusent d\u2019attendre qu\u2019un drame se produise<\/b> pour obtenir des r\u00e9ponses concr\u00e8tes.<\/p>\n<p class=\" wall-content\">\u00ab Si \u00e7a continue, il va y en avoir un qui va tomber tous les ans. Un jour, \u00e7a tombera sur nos maisons ou sur des passants, un enfant\u2026 \u00bb, craint Christine Al\u00e9p\u00e9e.<\/p>\n<p>Des ann\u00e9es de discussions<\/p>\n<p class=\" wall-content\">Depuis la chute du deuxi\u00e8me tilleul, \u00e0 l\u2019entr\u00e9e de l\u2019all\u00e9e, les riverains ont renvoy\u00e9 des mails \u00e0 la mairie, comme ils le font depuis des ann\u00e9es.<\/p>\n<p class=\" wall-content\">Leur revendication ? \u2018\u00ab Un <b>vrai \u00e9t\u00eatage<\/b> des arbres, pour r\u00e9duire leur hauteur, pas juste couper les branches basses \u00bb, r\u00e9sume \u00c9ric Rouet.<\/p>\n<p class=\" wall-content\">Ces derni\u00e8res ann\u00e9es, apr\u00e8s plusieurs discussions, mails et r\u00e9unions de quartiers, les habitants admettent que le maire est venu constater la situation et qu\u2019un entretien des arbres a \u00e9t\u00e9 fait. \u00ab Mais il n\u2019y a jamais eu de coupe en hauteur \u00bb, d\u00e9nonce Orlane Calimia, une autre habitante de l\u2019all\u00e9e.<\/p>\n<p>Une solution \u00e0 l\u2019\u00e9tude<\/p>\n<p class=\" wall-content\">Interrog\u00e9 sur la question, <b>Djoud\u00e9 Merabet<\/b>, le <b>maire d\u2019Elbeuf<\/b>, affirme qu\u2019il a \u00ab identifi\u00e9 le sujet \u00bb et que ses \u00e9quipes ont d\u00e9j\u00e0 propos\u00e9 des solutions pour une partie des probl\u00e8mes caus\u00e9s par ces tilleuls.<\/p>\n<p class=\" wall-content\">Mais qu\u2019en est-il d\u2019un possible \u00e9t\u00eatage des arbres ?<\/p>\n<blockquote class=\"ac-article-quote wall-content\">\n<p>Ils tombent, j\u2019en suis conscient, mais ce sont aussi des \u00e9l\u00e9ments qui prot\u00e8gent de la chaleur. L\u2019\u00e9t\u00eatage, je ne l\u2019exclus pas, mais \u00e7a a un co\u00fbt et \u00e7a peut ab\u00eemer l\u2019arbre, donc on va \u00e9tudier \u00e7a avec une sp\u00e9cialiste de la question \u00e0 la M\u00e9tropole.<\/p>\n<p>Djoud\u00e9 Merabet, maire d\u2019Elbeuf<\/p><\/blockquote>\n<p class=\" wall-content\">Alors que la discussion dure d\u00e9j\u00e0 depuis des ann\u00e9es, certains habitants pourraient ne plus avoir la patience d\u2019attendre longtemps.<\/p>\n<p>    <img decoding=\"async\" loading=\"lazy\" class=\"size-large\" src=\"https:\/\/www.europesays.com\/fr\/wp-content\/uploads\/2025\/07\/5855940e626864c55940e626820659v-960x640.jpg\" alt=\"chute d'arbre all\u00e9e du manoir Elbeuf\" width=\"960\" height=\"640\"\/><br \/>\n    Avant de tomber subitement, le tilleul semblait en parfaite sant\u00e9. \u00a9Aur\u00e9lien Delavaud<\/p>\n<p class=\" wall-content\">\u00ab Moi, si \u00e7a continue comme \u00e7a, \u00e0 la retraite, je m\u2019en vais \u00bb, pr\u00e9vient Emmanuel Himber. Autour de lui, les autres hochent la t\u00eate, d\u00e9pit\u00e9s.<\/p>\n<p class=\" wall-content\">\u00ab Ce n\u2019est <b>pas normal d\u2019avoir peur<\/b> comme \u00e7a\u2026 Mais quand un drame arrivera, ils ne pourront pas dire qu\u2019ils n\u2019\u00e9taient pas pr\u00e9venus \u00bb, conclut Christine Al\u00e9p\u00e9e.<\/p>\n<p class=\" wall-content\">Suivez toute l\u2019actualit\u00e9 de vos villes et m\u00e9dias favoris en vous inscrivant \u00e0 <a href=\"https:\/\/moncompte.actu.fr\" title=\"D\u00e9couvez Mon Actu\" rel=\"nofollow noopener\" data-trk=\"{&quot;cta&quot;:{&quot;action&quot;:&quot;https:\\\/\\\/moncompte.actu.fr&quot;,&quot;category&quot;:&quot;mon compte&quot;,&quot;from&quot;:&quot;article footer&quot;,&quot;name&quot;:&quot;Mon actu&quot;,&quot;type&quot;:&quot;cta&quot;}}\" target=\"_blank\">Mon Actu<\/a>.<\/p>\n","protected":false},"excerpt":{"rendered":"Par Aur\u00e9lien Delavaud Publi\u00e9 le 2 juil. 2025 \u00e0 17h51 Un \u00e9trange m\u00e9lange de soulagement et de col\u00e8re.&hellip;\n","protected":false},"author":2,"featured_media":221071,"comment_status":"","ping_status":"","sticky":false,"template":"","format":"standard","meta":{"footnotes":""},"categories":[9587],"tags":[1111,11,436,1777,674,1011,27,3059,12,5161,4594,25,9590,104],"class_list":{"0":"post-221070","1":"post","2":"type-post","3":"status-publish","4":"format-standard","5":"has-post-thumbnail","7":"category-rouen","8":"tag-actu","9":"tag-actualites","10":"tag-environnement","11":"tag-eu","12":"tag-europe","13":"tag-fr","14":"tag-france","15":"tag-intemperies","16":"tag-news","17":"tag-normandie","18":"tag-orages","19":"tag-republique-francaise","20":"tag-rouen","21":"tag-societe"},"share_on_mastodon":{"url":"https:\/\/pubeurope.com\/@fr\/114784555782114650","error":""},"_links":{"self":[{"href":"https:\/\/www.europesays.com\/fr\/wp-json\/wp\/v2\/posts\/221070","targetHints":{"allow":["GET"]}}],"collection":[{"href":"https:\/\/www.europesays.com\/fr\/wp-json\/wp\/v2\/posts"}],"about":[{"href":"https:\/\/www.europesays.com\/fr\/wp-json\/wp\/v2\/types\/post"}],"author":[{"embeddable":true,"href":"https:\/\/www.europesays.com\/fr\/wp-json\/wp\/v2\/users\/2"}],"replies":[{"embeddable":true,"href":"https:\/\/www.europesays.com\/fr\/wp-json\/wp\/v2\/comments?post=221070"}],"version-history":[{"count":0,"href":"https:\/\/www.europesays.com\/fr\/wp-json\/wp\/v2\/posts\/221070\/revisions"}],"wp:featuredmedia":[{"embeddable":true,"href":"https:\/\/www.europesays.com\/fr\/wp-json\/wp\/v2\/media\/221071"}],"wp:attachment":[{"href":"https:\/\/www.europesays.com\/fr\/wp-json\/wp\/v2\/media?parent=221070"}],"wp:term":[{"taxonomy":"category","embeddable":true,"href":"https:\/\/www.europesays.com\/fr\/wp-json\/wp\/v2\/categories?post=221070"},{"taxonomy":"post_tag","embeddable":true,"href":"https:\/\/www.europesays.com\/fr\/wp-json\/wp\/v2\/tags?post=221070"}],"curies":[{"name":"wp","href":"https:\/\/api.w.org\/{rel}","templated":true}]}}