{"id":221086,"date":"2025-07-02T16:30:12","date_gmt":"2025-07-02T16:30:12","guid":{"rendered":"https:\/\/www.europesays.com\/fr\/221086\/"},"modified":"2025-07-02T16:30:12","modified_gmt":"2025-07-02T16:30:12","slug":"elles-viennent-detre-refaites-les-bordures-de-trottoir-dun-grand-boulevard-de-nice-sont-elles-aux-normes","status":"publish","type":"post","link":"https:\/\/www.europesays.com\/fr\/221086\/","title":{"rendered":"Elles viennent d\u2019\u00eatre refaites: les bordures de trottoir d&rsquo;un grand boulevard de Nice sont-elles aux normes?"},"content":{"rendered":"<p>Les habitants du quartier Riquier se sont presque habitu\u00e9s aux travaux qui ont d\u00e9marr\u00e9 d\u00e9but mars sur le boulevard.<\/p>\n<p>Mais les plus observateurs ont remarqu\u00e9 un d\u00e9tail au sol qui les laisse circonspects: les nouvelles bordures de trottoir au niveau des passages pi\u00e9tons ne sont pas rabaiss\u00e9es.<\/p>\n<p>Toutefois, le franchissement en fauteuil roulant ou au guidon d\u2019une poussette est possible gr\u00e2ce aux monticules de bitume qui ont \u00e9t\u00e9 coul\u00e9s devant pour former une pente. Normal?<\/p>\n<p><strong>\u00ab\u00a0Chanfreins provisoires\u00a0\u00bb<\/strong><\/p>\n<p>              <img ci-src=\"https:\/\/www.nicematin.com\/vie-locale\/protec\/DATA_ART_15826489-Xx41k6oo.jpg?vh=c44160&amp;ci_seal=063fd664b2\" alt=\"\"\/><br \/>\n        Le boulevard de Riquier \u00e0 Nice, le 30 juin.  <strong>Photo Cyril dodergny.<\/strong> <\/p>\n<p>Nous avons pos\u00e9 la question \u00e0 la Ville, qui n\u2019a pas tard\u00e9 \u00e0 r\u00e9pondre. Effectivement, il y a bien un hic. Mais \u00ab\u00a0tout est normal: il s\u2019agit de chanfreins provisoires install\u00e9s pendant les travaux. \u00c0 terme, ils seront remplac\u00e9s par des \u00e9quipements aux normes en termes d\u2019accessibilit\u00e9\u00a0\u00bb.<\/p>\n<p>Ainsi les bordures r\u00e9cemment pos\u00e9es seront enlev\u00e9es d\u2019ici la fin du chantier. Les d\u00e9finitives devraient donc permettre de franchir les trottoirs en fauteuil sans souci.<\/p>\n<p>Pour m\u00e9moire, le boulevard de Riquier est en travaux depuis d\u00e9but mars 2025. Le chantier vise quatre objectifs: apaiser la circulation; v\u00e9g\u00e9taliser les trottoirs et r\u00e9cup\u00e9rer les eaux de ruissellement; r\u00e9nover et embellir l\u2019axe; renforcer la s\u00e9curit\u00e9 des pi\u00e9tons en r\u00e9am\u00e9nageant les passages prot\u00e9g\u00e9s, avec plus de visibilit\u00e9 et des avanc\u00e9es de trottoirs.<\/p>\n<p>C\u2019est donc \u00e0 ce dernier but que r\u00e9pond l\u2019am\u00e9nagement ici en question. Le chantier s\u2019ach\u00e8vera \u00e0 la fin de l\u2019ann\u00e9e 2025.<\/p>\n","protected":false},"excerpt":{"rendered":"Les habitants du quartier Riquier se sont presque habitu\u00e9s aux travaux qui ont d\u00e9marr\u00e9 d\u00e9but mars sur le&hellip;\n","protected":false},"author":2,"featured_media":221087,"comment_status":"","ping_status":"","sticky":false,"template":"","format":"standard","meta":{"footnotes":""},"categories":[2819],"tags":[1111,11,1777,674,1011,27,12,2401,882,25,1352,3366],"class_list":{"0":"post-221086","1":"post","2":"type-post","3":"status-publish","4":"format-standard","5":"has-post-thumbnail","7":"category-nice","8":"tag-actu","9":"tag-actualites","10":"tag-eu","11":"tag-europe","12":"tag-fr","13":"tag-france","14":"tag-news","15":"tag-nice","16":"tag-provence-alpes-cote-dazur","17":"tag-republique-francaise","18":"tag-urbanisme","19":"tag-vie-locale"},"share_on_mastodon":{"url":"https:\/\/pubeurope.com\/@fr\/114784595134123908","error":""},"_links":{"self":[{"href":"https:\/\/www.europesays.com\/fr\/wp-json\/wp\/v2\/posts\/221086","targetHints":{"allow":["GET"]}}],"collection":[{"href":"https:\/\/www.europesays.com\/fr\/wp-json\/wp\/v2\/posts"}],"about":[{"href":"https:\/\/www.europesays.com\/fr\/wp-json\/wp\/v2\/types\/post"}],"author":[{"embeddable":true,"href":"https:\/\/www.europesays.com\/fr\/wp-json\/wp\/v2\/users\/2"}],"replies":[{"embeddable":true,"href":"https:\/\/www.europesays.com\/fr\/wp-json\/wp\/v2\/comments?post=221086"}],"version-history":[{"count":0,"href":"https:\/\/www.europesays.com\/fr\/wp-json\/wp\/v2\/posts\/221086\/revisions"}],"wp:featuredmedia":[{"embeddable":true,"href":"https:\/\/www.europesays.com\/fr\/wp-json\/wp\/v2\/media\/221087"}],"wp:attachment":[{"href":"https:\/\/www.europesays.com\/fr\/wp-json\/wp\/v2\/media?parent=221086"}],"wp:term":[{"taxonomy":"category","embeddable":true,"href":"https:\/\/www.europesays.com\/fr\/wp-json\/wp\/v2\/categories?post=221086"},{"taxonomy":"post_tag","embeddable":true,"href":"https:\/\/www.europesays.com\/fr\/wp-json\/wp\/v2\/tags?post=221086"}],"curies":[{"name":"wp","href":"https:\/\/api.w.org\/{rel}","templated":true}]}}