{"id":221090,"date":"2025-07-02T16:32:10","date_gmt":"2025-07-02T16:32:10","guid":{"rendered":"https:\/\/www.europesays.com\/fr\/221090\/"},"modified":"2025-07-02T16:32:10","modified_gmt":"2025-07-02T16:32:10","slug":"la-cheffe-de-file-lfi-dement-avoir-protege-un-homme-accuse-de-viol","status":"publish","type":"post","link":"https:\/\/www.europesays.com\/fr\/221090\/","title":{"rendered":"la cheffe de file LFI d\u00e9ment avoir prot\u00e9g\u00e9 un homme accus\u00e9 de viol"},"content":{"rendered":"<p>            Par<br \/>\n        <strong><br \/>\n            <a href=\"https:\/\/actu.fr\/auteur\/laure-gentil\" title=\"Consulter tous les articles de Laure Gentil\" rel=\"nofollow noopener\" target=\"_blank\">Laure Gentil<\/a><br \/>\n        <\/strong><\/p>\n<p>        Publi\u00e9 le<\/p>\n<p>            2 juil. 2025 \u00e0 18h24        <\/p>\n<p>Apr\u00e8s<a href=\"https:\/\/actu.fr\/pays-de-la-loire\/nantes_44109\/nantes-le-depute-lfi-andy-kerbrat-exclu-temporairement-de-l-assemblee-nationale_62607197.html\" rel=\"nofollow noopener\" target=\"_blank\"> l\u2019affaire Andy Kerbrat,<\/a> une \u00ab\u2009affaire Marina Ferreruela\u2009\u00bb s\u2019appr\u00eate-t-elle \u00e0 plonger \u00e0 nouveau <strong>La France Insoumise<\/strong> de <strong>Nantes<\/strong> dans la tourmente\u2009?<\/p>\n<p class=\" wall-content\">Dans <a href=\"https:\/\/blogs.mediapart.fr\/breakgurl\/blog\/160625\/de-militante-victime-quand-la-culture-du-viol-gangrene-la-gauche\" rel=\"nofollow noopener\" target=\"_blank\">un billet publi\u00e9 le 16\u00a0juin sur le Club de M\u00e9diapart<\/a>, une militante insoumise accuse un autre militant de l\u2019avoir viol\u00e9e et \u00ab\u2009une cadre tr\u00e8s influente du mouvement local\u2009\u00bb d\u2019avoir couvert l\u2019agresseur pr\u00e9sum\u00e9. Or,<a href=\"https:\/\/www.ouest-france.fr\/elections\/municipales\/info-ouest-france-la-cheffe-de-file-des-insoumis-pour-les-municipales-a-nantes-tres-fragilisee-b808e074-51c9-11f0-9d8f-210ccc004fd7\" rel=\"nofollow noopener\" target=\"_blank\"> selon le quotidien Ouest-France,<\/a> cette cadre serait <strong>Marina Ferreruela<\/strong>, la cheffe de file de LFI pour les \u00e9lections municipales de 2026.<\/p>\n<p>\u00ab\u2009Apr\u00e8s la suspension de mon agresseur, j\u2019ai \u00e9t\u00e9 ostracis\u00e9e\u2009\u00bb<\/p>\n<p class=\" wall-content\">Dans son billet, la militante explique avoir \u00e9t\u00e9 viol\u00e9e <strong>en avril\u00a02024<\/strong>. Elle a d\u00e9nonc\u00e9 son violeur aupr\u00e8s de cette \u00ab\u2009cadre tr\u00e8s influente\u2009\u00bb. Celle-ci lui aurait alors propos\u00e9 de la \u00ab\u2009mettre en face de son agresseur pour avoir une discussion\u2009\u00bb, une proposition qu\u2019elle d\u00e9crit comme violente. <strong>L\u2019agresseur pr\u00e9sum\u00e9 a finalement \u00e9t\u00e9 suspendu.<\/strong><\/p>\n<blockquote class=\"ac-article-quote wall-content\">\n<p>Elle me dit que mon agresseur a \u00ab\u202fmut\u00e9\u202f\u00bb tous les groupes de discussion militants et qu\u2019il ne comprend m\u00eame pas pourquoi il a \u00e9t\u00e9 suspendu. Et l\u00e0, elle me dit qu\u2019elle a demand\u00e9 au national d\u2019acc\u00e9l\u00e9rer la proc\u00e9dure (de suspension N.D.L.R) parce que \u00ab\u202fc\u2019est pas humain pour lui\u202f\u00bb. Je vous jure, \u00e0 ce moment-l\u00e0, j\u2019ai cru que j\u2019allais vomir.<\/p>\n<p>    <strong>Militante sur le Club de M\u00e9diapart<\/strong>\n            <\/p><\/blockquote>\n<p class=\" wall-content\">Malgr\u00e9 cette suspension, la militante assure avoir appris en novembre\u00a02024 que<strong> l\u2019homme est toujours pr\u00e9sent<\/strong> \u00ab\u2009au sein d\u2019un collectif qui travaille \u00e0 l\u2019\u00e9laboration de la campagne de l\u2019organisation politique de gauche pour les <a href=\"https:\/\/actu.fr\/tag\/municipales-2026\" rel=\"nofollow noopener\" target=\"_blank\">municipales de 2026<\/a>\u2009\u00bb. Elle raconte avoir \u00e9t\u00e9 \u00ab\u2009ghost\u00e9e\u2009\u00bb par le \u00ab\u2009noyau dur de l\u2019organisation politique de gauche\u2009\u00bb \u00e0 laquelle elle s\u2019est confi\u00e9e.<\/p>\n<p class=\" wall-content\">\u00ab\u2009Apr\u00e8s la suspension de mon agresseur, <strong>j\u2019ai \u00e9t\u00e9 ostracis\u00e9e.<\/strong> Certains ne me disaient m\u00eame plus bonjour, \u00e9crit-elle. Je sais que leur souhait, \u00e0 certains, c\u2019\u00e9tait qu\u2019il (le violeur pr\u00e9sum\u00e9 N.D.L.R) soit r\u00e9int\u00e9gr\u00e9. Parce que c\u2019est \u2018un bon militant\u2019. Parce que c\u2019est \u2018un camarade\u2019. Peu importe qu\u2019il m\u2019ait viol\u00e9e.\u2009\u00bb<\/p>\n<p class=\" wall-content\">Contact\u00e9e par actu Nantes, Marine Ferreruela d\u00e9ment compl\u00e8tement ces accusations.<\/p>\n<p>\u00ab\u2009Une man\u0153uvre politique grossi\u00e8re\u2009\u00bb<\/p>\n<p class=\" wall-content\">\u00ab\u2009Je r\u00e9fute formellement les accusations qui me sont faites\u2009\u00bb, a-t-elle d\u00e9clar\u00e9 aupr\u00e8s d\u2019actu Nantes. \u00ab\u2009Ce sont des accusations graves, publiques et mensong\u00e8res\u2009\u00bb. Selon elle, cela rel\u00e8ve d\u2019une \u00ab\u2009man\u0153uvre politique grossi\u00e8re\u2009\u00bb et d\u2019une \u00ab\u2009campagne de calomnies\u2009\u00bb.<\/p>\n<blockquote class=\"ac-article-quote wall-content\">\n<p>Cela pi\u00e9tine les principes m\u00eames de la lutte contre les violences sexistes et sexuelles. Je consid\u00e8re que croire une victime, ce n&rsquo;est pas seulement lui dire &lsquo;je te crois&rsquo;, c&rsquo;est aussi agir pour la prot\u00e9ger.<\/p>\n<p>    <strong>Marina Ferreruela<\/strong><br \/>\n        Cheffe de file de LFI aux municipales de Nantes    <\/p><\/blockquote>\n<p class=\" wall-content\">Elle l\u2019assure, d\u00e8s qu\u2019elle a eu connaissance de la situation de la militante, le 7\u00a0septembre 2024, elle a \u00ab\u2009invit\u00e9 la victime \u00e0 saisir les instances comp\u00e9tentes\u2009\u00bb, c\u2019est-\u00e0-dire le <strong>Comit\u00e9 de suivi contre les violences sexistes et sexuelles (CVSS)<\/strong> de La France Insoumise. Une semaine apr\u00e8s, Marina Ferreruela saisit le CVSS elle-m\u00eame\u2009: \u00ab\u2009j\u2019ai demand\u00e9 en urgence la suspension du militant mis en cause\u2009\u00bb dans l\u2019attente de la demande officielle de la victime.<\/p>\n<p class=\" wall-content\">Quant aux all\u00e9gations d\u2019ostracisation contre la militante, Marina Ferreruela maintient qu\u2019elle a toujours \u00e9t\u00e9 \u00ab\u2009pr\u00e9sente aux pots militants festifs\u2009\u00bb et aux rendez-vous apr\u00e8s les manifestations.<\/p>\n<p class=\" wall-content\">\u00ab\u2009On ne peut pas dire qu\u2019elle a \u00e9t\u00e9 ghost\u00e9e\u2009\u00bb, nous a-t-elle dit. \u00ab\u2009Apr\u00e8s, que des personnes aient pu se sentir mal \u00e0 l\u2019aise dans une situation de VSS (violences sexistes et sexuelles N.D.L.R.), cela peut arriver, ce n\u2019est pas propre \u00e0 La France Insoumise. \u00bb<\/p>\n<p class=\" wall-content\">Suivez toute l\u2019actualit\u00e9 de vos villes et m\u00e9dias favoris en vous inscrivant \u00e0 <a href=\"https:\/\/moncompte.actu.fr\" title=\"D\u00e9couvez Mon Actu\" rel=\"nofollow noopener\" data-trk=\"{&quot;cta&quot;:{&quot;action&quot;:&quot;https:\\\/\\\/moncompte.actu.fr&quot;,&quot;category&quot;:&quot;mon compte&quot;,&quot;from&quot;:&quot;article footer&quot;,&quot;name&quot;:&quot;Mon actu&quot;,&quot;type&quot;:&quot;cta&quot;}}\" target=\"_blank\">Mon Actu<\/a>.<\/p>\n<ul class=\"ac-article-tag wall-content\">\n<li><a href=\"https:\/\/actu.fr\/tag\/la-france-insoumise-lfi\" data-trk=\"{&quot;cta&quot;:{&quot;action&quot;:&quot;La France Insoumise (LFI)&quot;,&quot;category&quot;:&quot;tag&quot;,&quot;from&quot;:&quot;article footer&quot;,&quot;name&quot;:&quot;La France Insoumise (LFI)&quot;,&quot;type&quot;:&quot;cta&quot;}}\" rel=\"nofollow noopener\" target=\"_blank\">#La France Insoumise (LFI)<\/a><\/li>\n<li><a href=\"https:\/\/actu.fr\/tag\/violences-sexuelles\" data-trk=\"{&quot;cta&quot;:{&quot;action&quot;:&quot;Violences sexuelles&quot;,&quot;category&quot;:&quot;tag&quot;,&quot;from&quot;:&quot;article footer&quot;,&quot;name&quot;:&quot;Violences sexuelles&quot;,&quot;type&quot;:&quot;cta&quot;}}\" rel=\"nofollow noopener\" target=\"_blank\">#Violences sexuelles<\/a><\/li>\n<\/ul>\n","protected":false},"excerpt":{"rendered":"Par Laure Gentil Publi\u00e9 le 2 juil. 2025 \u00e0 18h24 Apr\u00e8s l\u2019affaire Andy Kerbrat, une \u00ab\u2009affaire Marina Ferreruela\u2009\u00bb&hellip;\n","protected":false},"author":2,"featured_media":221091,"comment_status":"","ping_status":"","sticky":false,"template":"","format":"standard","meta":{"footnotes":""},"categories":[2818],"tags":[1111,11,1777,674,1011,27,1023,766,12,2636,316,25,799],"class_list":{"0":"post-221090","1":"post","2":"type-post","3":"status-publish","4":"format-standard","5":"has-post-thumbnail","7":"category-nantes","8":"tag-actu","9":"tag-actualites","10":"tag-eu","11":"tag-europe","12":"tag-fr","13":"tag-france","14":"tag-la-france-insoumise-lfi","15":"tag-nantes","16":"tag-news","17":"tag-pays-de-la-loire","18":"tag-politique","19":"tag-republique-francaise","20":"tag-violences-sexuelles"},"share_on_mastodon":{"url":"https:\/\/pubeurope.com\/@fr\/114784602892502424","error":""},"_links":{"self":[{"href":"https:\/\/www.europesays.com\/fr\/wp-json\/wp\/v2\/posts\/221090","targetHints":{"allow":["GET"]}}],"collection":[{"href":"https:\/\/www.europesays.com\/fr\/wp-json\/wp\/v2\/posts"}],"about":[{"href":"https:\/\/www.europesays.com\/fr\/wp-json\/wp\/v2\/types\/post"}],"author":[{"embeddable":true,"href":"https:\/\/www.europesays.com\/fr\/wp-json\/wp\/v2\/users\/2"}],"replies":[{"embeddable":true,"href":"https:\/\/www.europesays.com\/fr\/wp-json\/wp\/v2\/comments?post=221090"}],"version-history":[{"count":0,"href":"https:\/\/www.europesays.com\/fr\/wp-json\/wp\/v2\/posts\/221090\/revisions"}],"wp:featuredmedia":[{"embeddable":true,"href":"https:\/\/www.europesays.com\/fr\/wp-json\/wp\/v2\/media\/221091"}],"wp:attachment":[{"href":"https:\/\/www.europesays.com\/fr\/wp-json\/wp\/v2\/media?parent=221090"}],"wp:term":[{"taxonomy":"category","embeddable":true,"href":"https:\/\/www.europesays.com\/fr\/wp-json\/wp\/v2\/categories?post=221090"},{"taxonomy":"post_tag","embeddable":true,"href":"https:\/\/www.europesays.com\/fr\/wp-json\/wp\/v2\/tags?post=221090"}],"curies":[{"name":"wp","href":"https:\/\/api.w.org\/{rel}","templated":true}]}}