{"id":221108,"date":"2025-07-02T16:41:10","date_gmt":"2025-07-02T16:41:10","guid":{"rendered":"https:\/\/www.europesays.com\/fr\/221108\/"},"modified":"2025-07-02T16:41:10","modified_gmt":"2025-07-02T16:41:10","slug":"lyon-tacca-via-roll-definitivement-ferme-a-lyon","status":"publish","type":"post","link":"https:\/\/www.europesays.com\/fr\/221108\/","title":{"rendered":"Lyon. Tacca via Roll d\u00e9finitivement ferm\u00e9 \u00e0 Lyon"},"content":{"rendered":"<p>Aux Halles Paul Bocuse, la boutique-restaurant Tacca via Rolle a \u00e9t\u00e9 plac\u00e9e en liquidation judiciaire le 17\u00a0juin. Le sp\u00e9cialiste du foie gras de canard et du saumon fum\u00e9 depuis 1971, avait diversifi\u00e9 ses activit\u00e9s il y a quelques ann\u00e9es en ouvrant cette adresse qui proposait notamment des sp\u00e9cialit\u00e9s italiennes.<\/p>\n<p>Contact\u00e9e par Le Progr\u00e8s , l\u2019enseigne n\u2019a pas souhait\u00e9 commenter. En septembre, la cellule devrait \u00eatre reprise par un traiteur italien.<\/p>\n","protected":false},"excerpt":{"rendered":"Aux Halles Paul Bocuse, la boutique-restaurant Tacca via Rolle a \u00e9t\u00e9 plac\u00e9e en liquidation judiciaire le 17\u00a0juin. Le&hellip;\n","protected":false},"author":2,"featured_media":221109,"comment_status":"","ping_status":"","sticky":false,"template":"","format":"standard","meta":{"footnotes":""},"categories":[1889],"tags":[1111,11,2430,4406,33,2757,1777,674,1011,27,2428,4751,4750,12,25],"class_list":{"0":"post-221108","1":"post","2":"type-post","3":"status-publish","4":"format-standard","5":"has-post-thumbnail","7":"category-lyon","8":"tag-actu","9":"tag-actualites","10":"tag-auvergne-rhone-alpes","11":"tag-commerce-et-services","12":"tag-economie","13":"tag-edition-lyon-villeurbanne","14":"tag-eu","15":"tag-europe","16":"tag-fr","17":"tag-france","18":"tag-lyon","19":"tag-lyon-3e","20":"tag-lyon-3e-arrondissement","21":"tag-news","22":"tag-republique-francaise"},"share_on_mastodon":{"url":"https:\/\/pubeurope.com\/@fr\/114784638330503304","error":""},"_links":{"self":[{"href":"https:\/\/www.europesays.com\/fr\/wp-json\/wp\/v2\/posts\/221108","targetHints":{"allow":["GET"]}}],"collection":[{"href":"https:\/\/www.europesays.com\/fr\/wp-json\/wp\/v2\/posts"}],"about":[{"href":"https:\/\/www.europesays.com\/fr\/wp-json\/wp\/v2\/types\/post"}],"author":[{"embeddable":true,"href":"https:\/\/www.europesays.com\/fr\/wp-json\/wp\/v2\/users\/2"}],"replies":[{"embeddable":true,"href":"https:\/\/www.europesays.com\/fr\/wp-json\/wp\/v2\/comments?post=221108"}],"version-history":[{"count":0,"href":"https:\/\/www.europesays.com\/fr\/wp-json\/wp\/v2\/posts\/221108\/revisions"}],"wp:featuredmedia":[{"embeddable":true,"href":"https:\/\/www.europesays.com\/fr\/wp-json\/wp\/v2\/media\/221109"}],"wp:attachment":[{"href":"https:\/\/www.europesays.com\/fr\/wp-json\/wp\/v2\/media?parent=221108"}],"wp:term":[{"taxonomy":"category","embeddable":true,"href":"https:\/\/www.europesays.com\/fr\/wp-json\/wp\/v2\/categories?post=221108"},{"taxonomy":"post_tag","embeddable":true,"href":"https:\/\/www.europesays.com\/fr\/wp-json\/wp\/v2\/tags?post=221108"}],"curies":[{"name":"wp","href":"https:\/\/api.w.org\/{rel}","templated":true}]}}