{"id":221110,"date":"2025-07-02T16:42:11","date_gmt":"2025-07-02T16:42:11","guid":{"rendered":"https:\/\/www.europesays.com\/fr\/221110\/"},"modified":"2025-07-02T16:42:11","modified_gmt":"2025-07-02T16:42:11","slug":"le-leclerc-champvert-attaque-le-trace-au-tribunal-et-salarme-de-lacces-a-lhypermarche","status":"publish","type":"post","link":"https:\/\/www.europesays.com\/fr\/221110\/","title":{"rendered":"le Leclerc Champvert attaque le trac\u00e9 au tribunal et s\u2019alarme de l\u2019acc\u00e8s \u00e0 l\u2019hypermarch\u00e9"},"content":{"rendered":"<p>Mardi, c\u2019est une portion de la voie lyonnaise 8 comprise entre Tassin-la-Demi-Lune et Lyon 5e\u00a0 qui \u00e9tait port\u00e9 \u00e0 l\u2019attention des juges du tribunal administratif. La m\u00eame matin\u00e9e, la ligne 6 l\u2019avait \u00e9t\u00e9 dans le cadre d\u2019 <a href=\"https:\/\/www.leprogres.fr\/environnement\/2025\/07\/02\/voie-lyonnaise-6-le-bras-de-fer-entre-oullins-et-la-metropole-de-lyon-se-poursuit-au-tribunal\" target=\"_blank\" rel=\"noopener\">une requ\u00eate en annulation<\/a> port\u00e9e par la commune d\u2019Oullins-Pierre-B\u00e9nite.<\/p>\n<p>\u00ab\u00a0Un projet structurant\u00a0\u00bb<\/p>\n<p>Cette fois, c\u2019est la soci\u00e9t\u00e9 Lyon DIS qui exploite la grande surface E.Leclerc de Champvert qui demande l\u2019annulation d\u2019une d\u00e9lib\u00e9ration prise en commission permanente de la M\u00e9tropole du Lyon le 16\u00a0octobre 2023.<\/p>\n<p>Pour Lyon DIS, le programme de travaux est litigieux car il ne&#8230;<\/p>\n","protected":false},"excerpt":{"rendered":"Mardi, c\u2019est une portion de la voie lyonnaise 8 comprise entre Tassin-la-Demi-Lune et Lyon 5e\u00a0 qui \u00e9tait port\u00e9&hellip;\n","protected":false},"author":2,"featured_media":221111,"comment_status":"","ping_status":"","sticky":false,"template":"","format":"standard","meta":{"footnotes":""},"categories":[1889],"tags":[1111,11,2430,3542,2757,436,1777,674,274,1011,27,2428,2756,12,1800,25,2429,2803],"class_list":{"0":"post-221110","1":"post","2":"type-post","3":"status-publish","4":"format-standard","5":"has-post-thumbnail","7":"category-lyon","8":"tag-actu","9":"tag-actualites","10":"tag-auvergne-rhone-alpes","11":"tag-circulation","12":"tag-edition-lyon-villeurbanne","13":"tag-environnement","14":"tag-eu","15":"tag-europe","16":"tag-faits-divers-justice","17":"tag-fr","18":"tag-france","19":"tag-lyon","20":"tag-lyon-bassin","21":"tag-news","22":"tag-pollution","23":"tag-republique-francaise","24":"tag-rhone","25":"tag-transport"},"share_on_mastodon":{"url":"https:\/\/pubeurope.com\/@fr\/114784642183594508","error":""},"_links":{"self":[{"href":"https:\/\/www.europesays.com\/fr\/wp-json\/wp\/v2\/posts\/221110","targetHints":{"allow":["GET"]}}],"collection":[{"href":"https:\/\/www.europesays.com\/fr\/wp-json\/wp\/v2\/posts"}],"about":[{"href":"https:\/\/www.europesays.com\/fr\/wp-json\/wp\/v2\/types\/post"}],"author":[{"embeddable":true,"href":"https:\/\/www.europesays.com\/fr\/wp-json\/wp\/v2\/users\/2"}],"replies":[{"embeddable":true,"href":"https:\/\/www.europesays.com\/fr\/wp-json\/wp\/v2\/comments?post=221110"}],"version-history":[{"count":0,"href":"https:\/\/www.europesays.com\/fr\/wp-json\/wp\/v2\/posts\/221110\/revisions"}],"wp:featuredmedia":[{"embeddable":true,"href":"https:\/\/www.europesays.com\/fr\/wp-json\/wp\/v2\/media\/221111"}],"wp:attachment":[{"href":"https:\/\/www.europesays.com\/fr\/wp-json\/wp\/v2\/media?parent=221110"}],"wp:term":[{"taxonomy":"category","embeddable":true,"href":"https:\/\/www.europesays.com\/fr\/wp-json\/wp\/v2\/categories?post=221110"},{"taxonomy":"post_tag","embeddable":true,"href":"https:\/\/www.europesays.com\/fr\/wp-json\/wp\/v2\/tags?post=221110"}],"curies":[{"name":"wp","href":"https:\/\/api.w.org\/{rel}","templated":true}]}}