{"id":221129,"date":"2025-07-02T16:53:11","date_gmt":"2025-07-02T16:53:11","guid":{"rendered":"https:\/\/www.europesays.com\/fr\/221129\/"},"modified":"2025-07-02T16:53:11","modified_gmt":"2025-07-02T16:53:11","slug":"merz-indigne-en-ironisant-sur-le-drapeau-lgbt","status":"publish","type":"post","link":"https:\/\/www.europesays.com\/fr\/221129\/","title":{"rendered":"Merz indigne en ironisant sur le drapeau LGBT+"},"content":{"rendered":"<p><img decoding=\"async\" src=\"https:\/\/www.europesays.com\/fr\/wp-content\/uploads\/2025\/07\/68655b0c202c949818aa3011_FRIEDRICH MERZ - GettyImages-2214391098.jpg\" loading=\"lazy\" width=\"Auto\" height=\"Auto\" alt=\"\" class=\"articles-banner\"\/><\/p>\n<p>Cr\u00e9dit : Michael Kappeler\/picture alliance via Getty Images<\/p>\n<p>Le parlement n&rsquo;est \u00ab\u00a0pas un chapiteau de cirque\u00a0\u00bb : le chancelier Friedrich Merz est sous le feu des critiques mercredi pour avoir soutenu le refus de hisser le drapeau arc-en-ciel sur le Bundestag lors de la marche des fiert\u00e9s \u00e0 Berlin.<\/p>\n<p>La principale association LGBT+, la charg\u00e9e des questions homosexuelles au sein du gouvernement allemand, ainsi que des \u00e9lus du centre et de la gauche, y compris dans la majorit\u00e9, ont condamn\u00e9 les propos du dirigeant conservateur.\u00a0<\/p>\n<p>Dans un entretien mardi \u00e0 la t\u00e9l\u00e9vision publique ARD, Friedrich Merz avait d\u00e9fendu la d\u00e9cision de la pr\u00e9sidente du Bundestag, d\u00e9mocrate-chr\u00e9tienne comme lui, de ne pas hisser le drapeau arc-en-ciel au fronton du parlement, le 26 juillet, lors de la marche des fiert\u00e9s \u00e0 Berlin, contrairement aux autres ann\u00e9es.<\/p>\n<p>\u00ab\u00a0C&rsquo;est la bonne d\u00e9cision (&#8230;) Le Bundestag n&rsquo;est pas un chapiteau de cirque, o\u00f9 l&rsquo;on peut hisser des drapeaux comme bon nous semble\u00a0\u00bb, a affirm\u00e9 Friedrich Merz.\u00a0<\/p>\n<p>Pour justifier son refus, la pr\u00e9sidente du Bundestag, Julia Kl\u00f6ckner, avait d\u00e9clar\u00e9 avoir d\u00e9j\u00e0 hiss\u00e9 le drapeau arc-en-ciel le 17 mai, journ\u00e9e internationale contre l&rsquo;homophobie.<\/p>\n<p>Les personnes queer font \u00ab\u00a0partie int\u00e9grante de notre soci\u00e9t\u00e9\u00a0\u00bb et le drapeau arc-en-ciel sur le Bundestag aurait \u00e9t\u00e9 \u00ab\u00a0un engagement puissant de l&rsquo;Etat\u00a0\u00bb pour leur protection, a regrett\u00e9 la charg\u00e9e des questions homosexuelles au gouvernement, Sophie Koch.<\/p>\n<blockquote><p><a href=\"https:\/\/www.brut.media\/fr\/articles\/international\/actualite-europeenne\/allemagne-vers-un-net-durcissement-des-regles-migratoires-sous-un-gouvernement-merz\" target=\"_blank\" rel=\"nofollow noopener\">Allemagne : vers un net durcissement des r\u00e8gles migratoires sous un gouvernement Merz<\/a><\/p><\/blockquote>\n<p>\u00ab\u00a0Un d\u00e9rapage\u00a0\u00bb<\/p>\n<p>Reprochant \u00e0 Friedrich Merz un \u00ab\u00a0d\u00e9rapage\u00a0\u00bb, la principale association LGBT+ a soulign\u00e9 que le drapeau arc-en-ciel \u00e9tait \u00ab\u00a0un symbole universel de la diversit\u00e9 et des droits de l&rsquo;homme\u00a0\u00bb.<\/p>\n<p>\u00ab\u00a0Je rappelle au chancelier qu&rsquo;il parle d&rsquo;un groupe pers\u00e9cut\u00e9 sous le national-socialisme et qui a \u00e9t\u00e9 longtemps r\u00e9prim\u00e9 et criminalis\u00e9\u00a0\u00bb y compris du temps de la RFA (1949-1990) a ajout\u00e9 sur ZDF Andre Lehman, pr\u00e9sident de la f\u00e9d\u00e9ration LSVD.<\/p>\n<p>Au sein de l&rsquo;opposition de gauche, m\u00eame fureur. Friedrich Merz a \u00ab\u00a0le talent de faire gaffe sur gaffe et de heurter les gens\u00a0\u00bb, a ass\u00e9n\u00e9 la cheffe du groupe parlementaire des Verts, Britta Hasselmann, sur le r\u00e9seau social X.\u00a0<\/p>\n<p>Un porte-parole du gouvernement allemand, Sebastian Hille, a r\u00e9pondu mercredi que le chancelier \u00ab\u00a0avait clairement soulign\u00e9 l&rsquo;importance de la marche des fiert\u00e9s\u00a0\u00bb.<\/p>\n<p>C&rsquo;est un \u00ab\u00a0\u00e9v\u00e9nement important pour la diversit\u00e9\u00a0\u00bb et les droits des personnes gays, lesbiennes et queer, a-t-il dit, lors d&rsquo;un point presse r\u00e9gulier, \u00ab\u00a0Ce sont pr\u00e9cis\u00e9ment ces objectifs que le gouvernement soutient\u00a0\u00bb.<\/p>\n<p>Cr\u00e9\u00e9es \u00e0 la suite des\u00a0 \u00e9meutes de Stonewall\u00a0aux\u00a0\u00c9tats-Unis\u00a0en 1969, des marches des fiert\u00e9s sont g\u00e9n\u00e9ralement organis\u00e9es chaque ann\u00e9e autour du mois de juin, le\u00a0mois des fiert\u00e9s LGBT+, un peu partout dans le monde.<\/p>\n","protected":false},"excerpt":{"rendered":"Cr\u00e9dit : Michael Kappeler\/picture alliance via Getty Images Le parlement n&rsquo;est \u00ab\u00a0pas un chapiteau de cirque\u00a0\u00bb : le&hellip;\n","protected":false},"author":2,"featured_media":221130,"comment_status":"","ping_status":"","sticky":false,"template":"","format":"standard","meta":{"footnotes":""},"categories":[1587],"tags":[11,672,1804,1805,1803,1777,674,1801,12,1802],"class_list":{"0":"post-221129","1":"post","2":"type-post","3":"status-publish","4":"format-standard","5":"has-post-thumbnail","7":"category-allemagne","8":"tag-actualites","9":"tag-allemagne","10":"tag-bundesrepublik-deutschland","11":"tag-de","12":"tag-deutschland","13":"tag-eu","14":"tag-europe","15":"tag-germany","16":"tag-news","17":"tag-republique-federale-dallemagne"},"share_on_mastodon":{"url":"https:\/\/pubeurope.com\/@fr\/114784685505042285","error":""},"_links":{"self":[{"href":"https:\/\/www.europesays.com\/fr\/wp-json\/wp\/v2\/posts\/221129","targetHints":{"allow":["GET"]}}],"collection":[{"href":"https:\/\/www.europesays.com\/fr\/wp-json\/wp\/v2\/posts"}],"about":[{"href":"https:\/\/www.europesays.com\/fr\/wp-json\/wp\/v2\/types\/post"}],"author":[{"embeddable":true,"href":"https:\/\/www.europesays.com\/fr\/wp-json\/wp\/v2\/users\/2"}],"replies":[{"embeddable":true,"href":"https:\/\/www.europesays.com\/fr\/wp-json\/wp\/v2\/comments?post=221129"}],"version-history":[{"count":0,"href":"https:\/\/www.europesays.com\/fr\/wp-json\/wp\/v2\/posts\/221129\/revisions"}],"wp:featuredmedia":[{"embeddable":true,"href":"https:\/\/www.europesays.com\/fr\/wp-json\/wp\/v2\/media\/221130"}],"wp:attachment":[{"href":"https:\/\/www.europesays.com\/fr\/wp-json\/wp\/v2\/media?parent=221129"}],"wp:term":[{"taxonomy":"category","embeddable":true,"href":"https:\/\/www.europesays.com\/fr\/wp-json\/wp\/v2\/categories?post=221129"},{"taxonomy":"post_tag","embeddable":true,"href":"https:\/\/www.europesays.com\/fr\/wp-json\/wp\/v2\/tags?post=221129"}],"curies":[{"name":"wp","href":"https:\/\/api.w.org\/{rel}","templated":true}]}}