{"id":221131,"date":"2025-07-02T16:54:10","date_gmt":"2025-07-02T16:54:10","guid":{"rendered":"https:\/\/www.europesays.com\/fr\/221131\/"},"modified":"2025-07-02T16:54:10","modified_gmt":"2025-07-02T16:54:10","slug":"la-chine-est-devenue-lusine-de-leurope-lamerique-du-sud-ne-peut-pas-devenir-sa-ferme","status":"publish","type":"post","link":"https:\/\/www.europesays.com\/fr\/221131\/","title":{"rendered":"\u00abLa Chine est devenue l\u2019usine de l\u2019Europe, l\u2019Am\u00e9rique du Sud ne peut pas devenir sa ferme\u00bb"},"content":{"rendered":"<p><strong>TRIBUNE &#8211; <\/strong>L\u2019eurod\u00e9put\u00e9e LR C\u00e9line Imart et l\u2019avocat Thibault de\u00a0Montbrial d\u00e9noncent cet accord qui risque, selon eux, de cr\u00e9er une fracture suppl\u00e9mentaire entre le peuple fran\u00e7ais et ses dirigeants, apr\u00e8s celle du r\u00e9f\u00e9rendum de 2005.<\/p>\n<p class=\"fig-paragraph\">C\u00e9line Imart est agricultrice, d\u00e9put\u00e9e europ\u00e9enne LR et vice-pr\u00e9sidente du parti Les R\u00e9publicains. Thibault de\u00a0Montbrial, avocat, est pr\u00e9sident du CRSI (think-tank).<\/p>\n<p class=\"fig-paragraph\">Vous souvenez-vous de 1999\u00a0? L\u2019Union europ\u00e9enne comptait quinze \u00c9tats. On payait en francs. Le Bluetooth venait tout juste d\u2019appara\u00eetre. Et d\u00e9j\u00e0, l\u2019UE lan\u00e7ait les n\u00e9gociations pour un accord de libre-\u00e9change avec les pays du\u00a0<a href=\"http:\/\/www.lefigaro.fr\/flash-eco\/commerce-le-texte-de-l-accord-ue-mercosur-attendu-dans-les-prochains-jours-20250630\" data-fig-type=\"NewsFlash\" data-gtm-custom-categorie=\"navigation\" data-gtm-custom-action=\"crossclick\" data-gtm-custom-label=\"Contextuel\" data-gtm-event=\"customEventSPE\" data-fig-domain=\"LEFIGARO\" target=\"_blank\" rel=\"noopener\">Mercosur<\/a>. Vingt-six ans plus tard, apr\u00e8s d\u2019innombrables atermoiements, la Commission europ\u00e9enne s\u2019obstine. Elle veut imposer cet accord co\u00fbte que co\u00fbte. Pourquoi\u00a0? Pour sauver la face. Peu importe si, en chemin, on sacrifie nos paysans et notre souverainet\u00e9 alimentaire.<\/p>\n<p class=\"fig-paragraph\">Face \u00e0 ce passage en force, la\u00a0<a href=\"http:\/\/www.lefigaro.fr\/politique\/mercosur-une-resolution-pour-que-la-france-refuse-l-accord-examinee-le-29-janvier-a-l-assemblee-20250121\" data-fig-type=\"NewsFlash\" data-gtm-custom-categorie=\"navigation\" data-gtm-custom-action=\"crossclick\" data-gtm-custom-label=\"Contextuel\" data-gtm-event=\"customEventSPE\" data-fig-domain=\"LEFIGARO\" target=\"_blank\" rel=\"noopener\">France\u00a0<\/a>doit dire non \u2013 et entra\u00eener l\u2019Europe avec elle. Car derri\u00e8re la m\u00e9canique technocratique se joue une question vitale\u00a0: voulons-nous encore \u00eatre ma\u00eetres de ce que nous mangeons\u00a0?<\/p>\n<p class=\"fig-paragraph\">\u00ab\u00a0La ferme France est la premi\u00e8re de l\u2019Union europ\u00e9enne, c\u2019est une fiert\u00e9\u00a0\u00bb. Cette phrase, prononc\u00e9e\u2026<\/p>\n<p class=\"fig-premium-paywall__infos\">\n        Cet article est r\u00e9serv\u00e9 aux abonn\u00e9s.        Il vous reste 83% \u00e0 d\u00e9couvrir.\n    <\/p>\n<p>                <img  data- alt=\"Le Figaro\" class=\"fig-img--complete fig-img\"\/><\/p>\n<p class=\"fig-premium-paywall__title\">Vous avez envie de lire la suite ?<\/p>\n<p class=\"fig-premium-paywall__subtitle\">D\u00e9bloquez tous les articles imm\u00e9diatement.<\/p>\n<p class=\"fig-premium-paywall__connect\">\n                D\u00e9j\u00e0 abonn\u00e9\u00a0?                <a class=\"fig-premium-paywall__connect-link\" href=\"https:\/\/connect.lefigaro.fr\/login?client=horizon_web&amp;type=main&amp;redirect_uri=https%3A%2F%2Fwww.lefigaro.fr%2Fvox%2Feconomie%2Fmercosur-la-chine-est-devenue-l-usine-de-l-europe-l-amerique-du-sud-ne-peut-pas-devenir-sa-ferme-20250702\" data-js-gtm=\"{&quot;customCategorie&quot;: &quot;conversion&quot;, &quot;customAction&quot;: &quot;before_Landing_Connexion_paywall_auto&quot;, &quot;customLabel&quot;: &quot;bGVmaWdhcm8uZnJfXzFmMDU3NDExLWQ1NjItNmE2ZS04Mjk0LTMxYTg4NzMxZjc1ZF9fQXJ0aWNsZQ==_Mercosur\u00a0: \u00abLa Chine est devenue l\u2019usine de l\u2019Europe, l\u2019Am\u00e9rique du Sud ne peut pas devenir sa ferme\u00bb_104&quot;, &quot;customIDSPE&quot;: &quot;bGVmaWdhcm8uZnJfXzFmMDU3NDExLWQ1NjItNmE2ZS04Mjk0LTMxYTg4NzMxZjc1ZF9fQXJ0aWNsZQ==&quot;, &quot;event&quot;: &quot;customEventSPE&quot;}\" target=\"_blank\" rel=\"noopener\"><br \/>\n                    Connectez-vous<br \/>\n                <\/a>\n            <\/p>\n","protected":false},"excerpt":{"rendered":"TRIBUNE &#8211; L\u2019eurod\u00e9put\u00e9e LR C\u00e9line Imart et l\u2019avocat Thibault de\u00a0Montbrial d\u00e9noncent cet accord qui risque, selon eux, de&hellip;\n","protected":false},"author":2,"featured_media":221132,"comment_status":"","ping_status":"","sticky":false,"template":"","format":"standard","meta":{"footnotes":""},"categories":[1586],"tags":[11,2572,1777,674,1011,27,21426,12,25,364],"class_list":{"0":"post-221131","1":"post","2":"type-post","3":"status-publish","4":"format-standard","5":"has-post-thumbnail","7":"category-europe","8":"tag-actualites","9":"tag-agriculteurs","10":"tag-eu","11":"tag-europe","12":"tag-fr","13":"tag-france","14":"tag-mercosur","15":"tag-news","16":"tag-republique-francaise","17":"tag-union-europeenne"},"share_on_mastodon":{"url":"https:\/\/pubeurope.com\/@fr\/114784689465643749","error":""},"_links":{"self":[{"href":"https:\/\/www.europesays.com\/fr\/wp-json\/wp\/v2\/posts\/221131","targetHints":{"allow":["GET"]}}],"collection":[{"href":"https:\/\/www.europesays.com\/fr\/wp-json\/wp\/v2\/posts"}],"about":[{"href":"https:\/\/www.europesays.com\/fr\/wp-json\/wp\/v2\/types\/post"}],"author":[{"embeddable":true,"href":"https:\/\/www.europesays.com\/fr\/wp-json\/wp\/v2\/users\/2"}],"replies":[{"embeddable":true,"href":"https:\/\/www.europesays.com\/fr\/wp-json\/wp\/v2\/comments?post=221131"}],"version-history":[{"count":0,"href":"https:\/\/www.europesays.com\/fr\/wp-json\/wp\/v2\/posts\/221131\/revisions"}],"wp:featuredmedia":[{"embeddable":true,"href":"https:\/\/www.europesays.com\/fr\/wp-json\/wp\/v2\/media\/221132"}],"wp:attachment":[{"href":"https:\/\/www.europesays.com\/fr\/wp-json\/wp\/v2\/media?parent=221131"}],"wp:term":[{"taxonomy":"category","embeddable":true,"href":"https:\/\/www.europesays.com\/fr\/wp-json\/wp\/v2\/categories?post=221131"},{"taxonomy":"post_tag","embeddable":true,"href":"https:\/\/www.europesays.com\/fr\/wp-json\/wp\/v2\/tags?post=221131"}],"curies":[{"name":"wp","href":"https:\/\/api.w.org\/{rel}","templated":true}]}}