{"id":221133,"date":"2025-07-02T16:55:14","date_gmt":"2025-07-02T16:55:14","guid":{"rendered":"https:\/\/www.europesays.com\/fr\/221133\/"},"modified":"2025-07-02T16:55:14","modified_gmt":"2025-07-02T16:55:14","slug":"la-commission-europeenne-fixe-lobjectif-dune-reduction-de-90-des-emissions-en-2040-mais-se-montre-flexible-sur-la-facon-de-latteindre","status":"publish","type":"post","link":"https:\/\/www.europesays.com\/fr\/221133\/","title":{"rendered":"La Commission europ\u00e9enne fixe l&rsquo;objectif d&rsquo;une r\u00e9duction de 90\u00a0% des \u00e9missions en 2040, mais se montre flexible sur la fa\u00e7on de l&rsquo;atteindre"},"content":{"rendered":"<p class=\"ap-StoryElement ap-StoryElement--mb js-paywall-target ap-StoryText\">La Commission von der Leyen II a attendu sept mois avant de d\u00e9poser sa proposition d&rsquo;amendement de la loi climat de l&rsquo;UE adopt\u00e9e en 2021, afin d&rsquo;y introduire l&rsquo;objectif de 2040. \u00ab\u00a0Il s&rsquo;agit d&rsquo;un sujet sensible. D&rsquo;apr\u00e8s mon exp\u00e9rience, la politique tient autant au processus pour obtenir une majorit\u00e9 et \u00e0 la communication qu&rsquo;au contenu politique lui-m\u00eame\u00a0\u00bb, a justifi\u00e9 le commissaire europ\u00e9en au Climat Wopke Hoekstra, qui a pr\u00e9sent\u00e9 le plan en compagnie de la n\u00b02 de la Commission, la vice-pr\u00e9sidente Teresa Ribera charg\u00e9e de la Transition propre, juste et comp\u00e9titive.<\/p>\n<p class=\"ap-StoryElement ap-StoryElement--mb ap-StoryText\">Avant m\u00eame d&rsquo;avoir \u00e9t\u00e9 pr\u00e9sent\u00e9, la proposition de la Commission \u2013 dont le d\u00e9p\u00f4t a \u00e9t\u00e9 report\u00e9 \u00e0 plusieurs reprises \u2013 a en effet fait l&rsquo;objet de critiques et de certains \u00c9tats membres, dont la France, et de la droite du Parlement europ\u00e9en. Leur crainte est que l&rsquo;Union se fixe un objectif climatique sans avoir suffisamment r\u00e9fl\u00e9chi aux moyens d&rsquo;y parvenir et aux cons\u00e9quences. Et donc que les ambitions europ\u00e9ennes aient pour effet pervers d&rsquo;aggraver le retard de comp\u00e9titivit\u00e9 \u00e9conomique pris sur les \u00c9tats-Unis et la Chine. Aussi, si le cap de 90 % est maintenu, la feuille de route offre d\u00e9sormais davantage de latitudes pour y parvenir, \u00e0 travers diff\u00e9rentes \u00ab\u00a0flexibilit\u00e9s\u00a0\u00bb, cens\u00e9es rass\u00e9r\u00e9ner les inquiets<\/p>\n<p><a href=\"https:\/\/www.lalibre.be\/planete\/environnement\/2025\/06\/27\/avant-meme-davoir-ete-propose-par-la-commission-lobjectif-climatique-pour-2040-echauffe-les-esprits-des-europeens-FVUFLUZTHRFCFALO2CJJMR6ETQ\/\" target=\"_blank\" rel=\"noopener noreferrer\" class=\"ap-StoryInterstitialLink ap-StoryElement ap-StoryElement--mb\">Avant m\u00eame d&rsquo;avoir \u00e9t\u00e9 propos\u00e9 par la Commission, l&rsquo;objectif climatique pour 2040 \u00e9chauffe les esprits des Europ\u00e9ens<\/a>Une partie de l&rsquo;effort europ\u00e9en r\u00e9alis\u00e9 hors de l&rsquo;Union<\/p>\n<p class=\"ap-StoryElement ap-StoryElement--mb ap-StoryText\">Un des \u00e9l\u00e9ments marquants de la proposition de la Commission est la possibilit\u00e9 d&rsquo;utiliser, d\u00e8s 2036, des \u00ab\u00a0cr\u00e9dits carbones internationaux de haute qualit\u00e9\u00a0\u00bb, un m\u00e9canisme pr\u00e9vu par l&rsquo;article 6 de l&rsquo;accord de Paris \u2013 pour contribuer \u00e0 l&rsquo;objectif europ\u00e9en. Concr\u00e8tement, cela signifiera que l&rsquo;UE financera des projets permettant de r\u00e9duire des \u00e9missions dans des pays tiers, mais que ces r\u00e9ductions seront comptabilis\u00e9es dans l&rsquo;effort europ\u00e9en, jusqu&rsquo;\u00e0 3 % du niveau d&rsquo;\u00e9missions de 1990. C&rsquo;est pr\u00e9cis\u00e9ment le pourcentage qui figure dans l&rsquo;accord de coalition du gouvernement allemand, r\u00e9unissant les chr\u00e9tiens-d\u00e9mocrates et les sociaux-d\u00e9mocrates. Et ce n&rsquo;est pas rien.<\/p>\n<p class=\"ap-StoryElement ap-StoryElement--mb ap-StoryText\">Le groupe des Verts au Parlement europ\u00e9en et les ONG environnementalistes d\u00e9noncent ce qu&rsquo;ils consid\u00e8rent \u00eatre un artifice dont l&rsquo;effet pourrait, qui plus est, d\u00e9tourner de l&rsquo;UE des investissements qui se dirigeraient vers d&rsquo;autres continents. \u00ab\u00a0L&rsquo;endroit o\u00f9 on r\u00e9duit les \u00e9missions \u00e0 peu d&rsquo;importance\u00a0\u00bb, d\u00e9fend le commissaire Hoekstra. Le N\u00e9erlandais assure que tout le monde en sort gagnant. \u00ab\u00a0Nos amis du Sud sont en contact avec nous, parce qu&rsquo;ils voient la valeur ajout\u00e9e\u00a0\u00bb de ce syst\u00e8me.<\/p>\n<p>Flexibilit\u00e9s internes<\/p>\n<p class=\"ap-StoryElement ap-StoryElement--mb ap-StoryText\">La Commission a pr\u00e9vu d&rsquo;autres m\u00e9canismes de flexibilit\u00e9, afin d&rsquo;att\u00e9nuer les effets de l&rsquo;effort de r\u00e9duction pour les \u00c9tats membres. Ainsi sugg\u00e8re-t-elle de comptabiliser les absorptions de carbone, tant naturelles (par l&rsquo;usage des terres et des for\u00eats) qu&rsquo;industrielles dans la r\u00e9alisation des objectifs de r\u00e9duction des \u00e9missions. Il est \u00e9galement question d&rsquo;int\u00e9grer la capture et le stockage de CO2 au march\u00e9 carbone (l&rsquo;ETS, qui permet aux entreprises d&rsquo;acheter des quotas d&rsquo;\u00e9missions de carbone). Une entreprise, active dans la bio\u00e9nergie, par exemple, qui capture et stocke du CO2 pourrait recevoir des permis et les vendre sur le march\u00e9. \u00ab\u00a0C&rsquo;est un levier suppl\u00e9mentaire pour les entreprises, si la technologie existe et qu&rsquo;elle est efficace, de r\u00e9duire leurs \u00e9missions de mani\u00e8re moins compliqu\u00e9e\u00a0\u00bb, expose l&rsquo;eurod\u00e9put\u00e9 centriste fran\u00e7ais Pascal Canfin (groupe Renew).<\/p>\n<p class=\"ap-StoryElement ap-StoryElement--mb ap-StoryText\">L&rsquo;ex\u00e9cutif europ\u00e9en propose encore d&rsquo;apporter davantage de flexibilit\u00e9 sans le calcul de l&rsquo;effort de r\u00e9duction men\u00e9 par un pays de l&rsquo;Union. \u00ab\u00a0Cela permettrait \u00e0 un \u00c9tat membre, par exemple, de compenser les difficult\u00e9s qu&rsquo;il rencontre dans le secteur de l&rsquo;utilisation des sols par une r\u00e9duction des \u00e9missions plus importantes des \u00e9missions dans le domaine des d\u00e9chets et des transports\u00a0\u00bb, d\u00e9taille Wopke Hoekstra.<\/p>\n<p class=\"ap-StoryElement ap-StoryElement--mb ap-StoryText\">Pour favoriser les chances d&rsquo;atteindre les 90% annonce que les futures propositions du futur paquet \u00ab\u00a0Fit for 90\u00a0\u00bb en mati\u00e8re de climat et d&rsquo;\u00e9nergie pour post-2030 tiendront compte de la neutralit\u00e9 technologique. De quoi ravir la France et les pays \u00ab\u00a0amis de l&rsquo;atome\u00a0\u00bb, puisque cela conf\u00e9rerait au nucl\u00e9aire le m\u00eame statut que les \u00e9nergies renouvelables en tant que technologies permettant la d\u00e9carbonation.<\/p>\n<p>Une adoption rapide ?<\/p>\n<p class=\"ap-StoryElement ap-StoryElement--mb ap-StoryText\">Sera-ce suffisant pour rallier des majorit\u00e9s au Conseil et au Parlement pour amender la loi climat ainsi que le propose la Commission ? A voir. Les conservateurs du Parti populaire europ\u00e9en (PPE), premi\u00e8re force au Parlement europ\u00e9en, et plusieurs \u00c9tats membres, jugent que le compte n&rsquo;y est pas encore en termes d&rsquo;actions europ\u00e9ennes pour int\u00e9grer la dimension comp\u00e9titivit\u00e9 \u00e0 l&rsquo;effort climatique.<\/p>\n<p class=\"ap-StoryElement ap-StoryElement--mb ap-StoryText\">La question des \u00e9ch\u00e9ances fait aussi d\u00e9bat. La pr\u00e9sidence danoise du Conseil ambitionne que la loi int\u00e9grant l&rsquo;objectif 2040 soit adopt\u00e9e d&rsquo;ici novembre au plus tard, en vue la Cop 30 qui se tiendra \u00e0 B\u00e9lem, au Br\u00e9sil. Elle veut lier la progression de ce dossier \u00e0 l&rsquo;adoption l&rsquo;objectif de r\u00e9duction pour 2035 que l&rsquo;UE est cens\u00e9e pr\u00e9senter aux Nations unies en septembre, dans le cadre de l&rsquo;accord de Paris.<\/p>\n<p><a href=\"https:\/\/www.lalibre.be\/international\/europe\/2025\/07\/01\/la-guerre-en-ukraine-et-donald-trump-ont-contribue-au-changement-dattitude-du-danemark-vis-a-vis-de-lunion-europeenne-MTPKNIGKBBGTPJV3RG6L2MAWXE\/\" target=\"_blank\" rel=\"noopener noreferrer\" class=\"ap-StoryInterstitialLink ap-StoryElement ap-StoryElement--mb\">La guerre en Ukraine et Donald Trump ont contribu\u00e9 au changement d&rsquo;attitude du Danemark vis-\u00e0-vis de l&rsquo;Union europ\u00e9enne<\/a><\/p>\n<p class=\"ap-StoryElement ap-StoryElement--mb ap-StoryText\">Certains pays comme la Pologne, la R\u00e9publique tch\u00e8que, l&rsquo;Italie et la France veulent d\u00e9coupler les deux, estimant que l&rsquo;objectif 2040 r\u00e9clame une discussion plus approfondie. La Belgique n&rsquo;a pas encore d&rsquo;avis sur la question.<\/p>\n","protected":false},"excerpt":{"rendered":"La Commission von der Leyen II a attendu sept mois avant de d\u00e9poser sa proposition d&rsquo;amendement de la&hellip;\n","protected":false},"author":2,"featured_media":221134,"comment_status":"","ping_status":"","sticky":false,"template":"","format":"standard","meta":{"footnotes":""},"categories":[1586],"tags":[11,1777,674,1779,1011,27,1227,12,25,34066,1778,364],"class_list":{"0":"post-221133","1":"post","2":"type-post","3":"status-publish","4":"format-standard","5":"has-post-thumbnail","7":"category-europe","8":"tag-actualites","9":"tag-eu","10":"tag-europe","11":"tag-european-union","12":"tag-fr","13":"tag-france","14":"tag-horizontal","15":"tag-news","16":"tag-republique-francaise","17":"tag-summit","18":"tag-ue","19":"tag-union-europeenne"},"share_on_mastodon":{"url":"https:\/\/pubeurope.com\/@fr\/114784693334736692","error":""},"_links":{"self":[{"href":"https:\/\/www.europesays.com\/fr\/wp-json\/wp\/v2\/posts\/221133","targetHints":{"allow":["GET"]}}],"collection":[{"href":"https:\/\/www.europesays.com\/fr\/wp-json\/wp\/v2\/posts"}],"about":[{"href":"https:\/\/www.europesays.com\/fr\/wp-json\/wp\/v2\/types\/post"}],"author":[{"embeddable":true,"href":"https:\/\/www.europesays.com\/fr\/wp-json\/wp\/v2\/users\/2"}],"replies":[{"embeddable":true,"href":"https:\/\/www.europesays.com\/fr\/wp-json\/wp\/v2\/comments?post=221133"}],"version-history":[{"count":0,"href":"https:\/\/www.europesays.com\/fr\/wp-json\/wp\/v2\/posts\/221133\/revisions"}],"wp:featuredmedia":[{"embeddable":true,"href":"https:\/\/www.europesays.com\/fr\/wp-json\/wp\/v2\/media\/221134"}],"wp:attachment":[{"href":"https:\/\/www.europesays.com\/fr\/wp-json\/wp\/v2\/media?parent=221133"}],"wp:term":[{"taxonomy":"category","embeddable":true,"href":"https:\/\/www.europesays.com\/fr\/wp-json\/wp\/v2\/categories?post=221133"},{"taxonomy":"post_tag","embeddable":true,"href":"https:\/\/www.europesays.com\/fr\/wp-json\/wp\/v2\/tags?post=221133"}],"curies":[{"name":"wp","href":"https:\/\/api.w.org\/{rel}","templated":true}]}}