{"id":221135,"date":"2025-07-02T16:56:11","date_gmt":"2025-07-02T16:56:11","guid":{"rendered":"https:\/\/www.europesays.com\/fr\/221135\/"},"modified":"2025-07-02T16:56:11","modified_gmt":"2025-07-02T16:56:11","slug":"la-france-plus-que-jamais-sous-la-menace-des-creanciers-alerte-la-cour-des-comptes","status":"publish","type":"post","link":"https:\/\/www.europesays.com\/fr\/221135\/","title":{"rendered":"La France plus que jamais sous la menace des cr\u00e9anciers, alerte la Cour des comptes"},"content":{"rendered":"<p><strong>D\u00c9CRYPTAGE &#8211; <\/strong>L\u2019institution conjure le gouvernement de \u00ab\u00a0cr\u00e9dibiliser d\u2019urgence\u00a0\u00bb l\u2019effort budg\u00e9taire qu\u2019il compte mettre en \u0153uvre l\u2019an prochain.<\/p>\n<p class=\"fig-paragraph\">En pleine canicule, la Cour des comptes alerte sur un \u00ab\u00a0effet boule de neige\u00a0\u00bb qui pourrait ensevelir les comptes publics. Dans son rapport sur la situation des finances publiques, publi\u00e9 ce mercredi, l\u2019institution tire la sonnette d\u2019alarme comme rarement. La premi\u00e8re phrase du volumineux document annonce la tonalit\u00e9\u00a0: \u00ab\u00a0La France vient de traverser deux ann\u00e9es noires en mati\u00e8re de finances publiques\u00a0\u00bb, tranchent les experts, qui s\u2019inqui\u00e8tent\u00a0<a href=\"http:\/\/www.lefigaro.fr\/conjoncture\/commission-d-enquete-sur-le-derapage-des-deficits-bruno-le-maire-estime-que-le-rapport-lui-rend-justice-20250415\" data-fig-type=\"Article\" data-gtm-custom-categorie=\"navigation\" data-gtm-custom-action=\"crossclick\" data-gtm-custom-label=\"Contextuel\" data-gtm-event=\"customEventSPE\" data-fig-domain=\"LEFIGARO\" rel=\"nofollow noopener\" target=\"_blank\">d\u2019autant plus que ces ann\u00e9es ne peuvent pas \u00eatre mises sur le compte d\u2019un choc \u00e9conomique majeur.<\/a><\/p>\n<p class=\"fig-paragraph\">Elles sont le fruit, au contraire, de \u00ab\u00a0l\u2019incapacit\u00e9 \u00e0 ma\u00eetriser la dynamique de la d\u00e9pense et encore plus encore \u00e0 engager des efforts d\u2019\u00e9conomies p\u00e9rennes\u00a0\u00bb, condamne la cour. R\u00e9sultat\u00a0: cette d\u00e9rive a doubl\u00e9 l\u2019effort n\u00e9cessaire pour parvenir \u00e0 ramener le d\u00e9ficit sous les 3\u00a0% du PIB. D\u00e9sormais, le gouvernement devra fournir 105\u00a0milliards d\u2019euros d\u2019\u00e9conomies d\u2019ici \u00e0 2029 pour passer sous cette barre symbolique, alors que 50\u00a0milliards\u2026<\/p>\n<p class=\"fig-premium-paywall__infos\">\n        Cet article est r\u00e9serv\u00e9 aux abonn\u00e9s.        Il vous reste 81% \u00e0 d\u00e9couvrir.\n    <\/p>\n<p>                <img  data- alt=\"Le Figaro\" class=\"fig-img--complete fig-img\"\/><\/p>\n<p class=\"fig-premium-paywall__title\">Vous avez envie de lire la suite ?<\/p>\n<p class=\"fig-premium-paywall__subtitle\">D\u00e9bloquez tous les articles imm\u00e9diatement.<\/p>\n<p class=\"fig-premium-paywall__connect\">\n                D\u00e9j\u00e0 abonn\u00e9\u00a0?                <a class=\"fig-premium-paywall__connect-link\" href=\"https:\/\/connect.lefigaro.fr\/login?client=horizon_web&amp;type=main&amp;redirect_uri=https%3A%2F%2Fwww.lefigaro.fr%2Fconjoncture%2Fla-france-plus-que-jamais-sous-la-menace-des-creanciers-alerte-la-cour-des-comptes-20250702\" data-js-gtm=\"{&quot;customCategorie&quot;: &quot;conversion&quot;, &quot;customAction&quot;: &quot;before_Landing_Connexion_paywall_auto&quot;, &quot;customLabel&quot;: &quot;bGVmaWdhcm8uZnJfXzFmMDU3MWMyLTFhNjAtNjViNC05NGZiLWE3ZTBhZTY2ZWJiM19fQXJ0aWNsZQ==_La France plus que jamais sous la menace des cr\u00e9anciers, alerte la Cour des comptes_441&quot;, &quot;customIDSPE&quot;: &quot;bGVmaWdhcm8uZnJfXzFmMDU3MWMyLTFhNjAtNjViNC05NGZiLWE3ZTBhZTY2ZWJiM19fQXJ0aWNsZQ==&quot;, &quot;event&quot;: &quot;customEventSPE&quot;}\" rel=\"nofollow noopener\" target=\"_blank\"><br \/>\n                    Connectez-vous<br \/>\n                <\/a>\n            <\/p>\n","protected":false},"excerpt":{"rendered":"D\u00c9CRYPTAGE &#8211; L\u2019institution conjure le gouvernement de \u00ab\u00a0cr\u00e9dibiliser d\u2019urgence\u00a0\u00bb l\u2019effort budg\u00e9taire qu\u2019il compte mettre en \u0153uvre l\u2019an prochain.&hellip;\n","protected":false},"author":2,"featured_media":221136,"comment_status":"","ping_status":"","sticky":false,"template":"","format":"standard","meta":{"footnotes":""},"categories":[2],"tags":[11,6329,1011,27,12,25],"class_list":{"0":"post-221135","1":"post","2":"type-post","3":"status-publish","4":"format-standard","5":"has-post-thumbnail","7":"category-actualites","8":"tag-actualites","9":"tag-finances-publiques","10":"tag-fr","11":"tag-france","12":"tag-news","13":"tag-republique-francaise"},"share_on_mastodon":{"url":"https:\/\/pubeurope.com\/@fr\/114784697433774169","error":""},"_links":{"self":[{"href":"https:\/\/www.europesays.com\/fr\/wp-json\/wp\/v2\/posts\/221135","targetHints":{"allow":["GET"]}}],"collection":[{"href":"https:\/\/www.europesays.com\/fr\/wp-json\/wp\/v2\/posts"}],"about":[{"href":"https:\/\/www.europesays.com\/fr\/wp-json\/wp\/v2\/types\/post"}],"author":[{"embeddable":true,"href":"https:\/\/www.europesays.com\/fr\/wp-json\/wp\/v2\/users\/2"}],"replies":[{"embeddable":true,"href":"https:\/\/www.europesays.com\/fr\/wp-json\/wp\/v2\/comments?post=221135"}],"version-history":[{"count":0,"href":"https:\/\/www.europesays.com\/fr\/wp-json\/wp\/v2\/posts\/221135\/revisions"}],"wp:featuredmedia":[{"embeddable":true,"href":"https:\/\/www.europesays.com\/fr\/wp-json\/wp\/v2\/media\/221136"}],"wp:attachment":[{"href":"https:\/\/www.europesays.com\/fr\/wp-json\/wp\/v2\/media?parent=221135"}],"wp:term":[{"taxonomy":"category","embeddable":true,"href":"https:\/\/www.europesays.com\/fr\/wp-json\/wp\/v2\/categories?post=221135"},{"taxonomy":"post_tag","embeddable":true,"href":"https:\/\/www.europesays.com\/fr\/wp-json\/wp\/v2\/tags?post=221135"}],"curies":[{"name":"wp","href":"https:\/\/api.w.org\/{rel}","templated":true}]}}