{"id":221137,"date":"2025-07-02T16:57:15","date_gmt":"2025-07-02T16:57:15","guid":{"rendered":"https:\/\/www.europesays.com\/fr\/221137\/"},"modified":"2025-07-02T16:57:15","modified_gmt":"2025-07-02T16:57:15","slug":"en-direct-canicule-4-departements-encore-en-rouge-jusqua-22h-40-departements-en-orange-demain","status":"publish","type":"post","link":"https:\/\/www.europesays.com\/fr\/221137\/","title":{"rendered":"EN DIRECT &#8211; Canicule : 4 d\u00e9partements encore en rouge jusqu&rsquo;\u00e0 22h, 40 d\u00e9partements en orange demain"},"content":{"rendered":"<ul class=\"jsx-862013697 ArticleChapo__List\">\n<li class=\"jsx-862013697 ArticleChapo__List_Item flex\">Une vague de chaleur in\u00e9dite touche la France cette semaine, et 4 d\u00e9partements sont toujours en vigilance rouge canicule ce mercredi jusqu&rsquo;\u00e0 22.<\/li>\n<li class=\"jsx-862013697 ArticleChapo__List_Item flex\">Des orages, de la gr\u00eale et de forts vents sont attendus d\u00e8s l&rsquo;apr\u00e8s-midi.<\/li>\n<li class=\"jsx-862013697 ArticleChapo__List_Item flex\">Suivez les derni\u00e8res informations et les pr\u00e9visions.<\/li>\n<\/ul>\n<p>Les \u00e9l\u00e9ments marquantsQUATRE D\u00c9PARTEMENTS TOUJOURS EN VIGILANCE ROUGE16:06<\/p>\n<p>Quatre d\u00e9partements restent en vigilance rouge canicule ce mercredi jusqu&rsquo;\u00e0 22h, annonce M\u00e9t\u00e9o-France. Il s&rsquo;agit de l&rsquo;Aube, de l&rsquo;Yonne, du Loiret et du Cher. Ils repasseront en vigilance vert ensuite, alors que les deux tiers du reste de l&rsquo;Hexagone sont en orange. Il restera encore 40 d\u00e9partements en vigilance orange pour la journ\u00e9e de jeudi, dont la Corse du sud, pas touch\u00e9e ce mercredi.<\/p>\n<blockquote data-testid=\"EmbedTwitter\" id=\"tweet-1940411617067544843-:R76keamij9n79m:\" class=\"jsx-aeff1a1c40f54d7a twitter-tweet flex justify-center items-center\"><p>Pour mercredi 02 juillet 2025 : \ud83d\udd34 4 d\u00e9partements en Vigilance rouge \ud83d\udfe0 55 d\u00e9partements en Vigilance orange Pour jeudi 03 juillet 2025 : \ud83d\udfe0 40 d\u00e9partements en Vigilance orange Restez prudents et inform\u00e9s : https:\/\/t.co\/JGz4rTV3xn pic.twitter.com\/Caq1Kgl0v5 \u2014 VigiM\u00e9t\u00e9oFrance (@VigiMeteoFrance)  July 2, 2025<\/p><\/blockquote>\n<p>Minute par minuteLES RESTRICTIONS LEV\u00c9ES EN \u00ceLE-DE-FRANCE D\u00c8S 22H18:12<\/p>\n<p>La pr\u00e9fecture de police annonce la lev\u00e9e des restrictions \u00e0 Paris et en petite couronne dans les prochaines heures. \u00ab\u00a0Compte tenu de l&rsquo;am\u00e9lioration de la qualit\u00e9 de l&rsquo;air et de la fin de l&rsquo;\u00e9pisode caniculaire, (&#8230;) l&rsquo;ensemble des mesures d&rsquo;urgence visant \u00e0 r\u00e9duire les concentrations de polluants dans l&rsquo;atmosph\u00e8re\u00a0\u00bb seront lev\u00e9es ce mercredi \u00e0 22h, indique le pr\u00e9fet de police Laurent Nu\u00f1ez.<\/p>\n<blockquote data-testid=\"EmbedTwitter\" id=\"tweet-1940442628648292579-:R760kqqamij9n79m:\" class=\"jsx-aeff1a1c40f54d7a twitter-tweet flex justify-center items-center\"><p>Pollution \u00e0 l&rsquo;Ozone (O\u2083) en \u00cele-de-France : \u27a1\ufe0f Lev\u00e9e des mesures de restriction \u00e0 compter de ce mercredi 2 juillet 2025 \u00e0 partir de 22h00. Consultez notre communiqu\u00e9 de presse \ud83d\udc47  pic.twitter.com\/DO4bnMkz4o \u2014 Pr\u00e9fecture de Police (@prefpolice)  July 2, 2025<\/p><\/blockquote>\n<p>MINI-VENTILATEURS, LA FAUSSE BONNE ID\u00c9E ?18:09<\/p>\n<p>C&rsquo;\u00e9tait l&rsquo;accessoire de ces derniers jours en France : le mini-ventilateur. Ce petit appareil portable qui permet de se rafra\u00eechir lors des fortes chaleurs conna\u00eet un succ\u00e8s grandissant. Mais s&rsquo;il apporte un certain confort, ce gadget a un co\u00fbt environnemental important.<\/p>\n<p>Environnement<img decoding=\"async\" src=\"https:\/\/www.europesays.com\/fr\/wp-content\/uploads\/2025\/07\/canicule-mini-ventilateurs-climat-6491ff-0@1x.jpeg\" alt=\"Fortes chaleurs : les mini-ventilateurs, une fausse bonne id\u00e9e ?\" loading=\"lazy\" importance=\"low\" fetchpriority=\"low\" class=\"\" aria-hidden=\"true\"\/>Publi\u00e9 aujourd&rsquo;hui \u00e0 18h01\u00c0 QUOI S&rsquo;ATTENDRE ?17:38<\/p>\n<p>Voici ce qui vous attend ce soir, avec notamment des orages, et pour la fin de la semaine, avec la fin de l&rsquo;\u00e9pisode de chaleur.<\/p>\n<p>M\u00e9t\u00e9o : les pr\u00e9visions du 2 juillet 2025 \u00e0 16hSource : TF1 Info<\/p>\n<p><img decoding=\"async\" src=\"https:\/\/www.europesays.com\/fr\/wp-content\/uploads\/2025\/07\/meteo-les-previsions-du-2-juillet-2025-a-16h-01277c-0@1x.jpg\" alt=\"M\u00e9t\u00e9o : les pr\u00e9visions du 2 juillet 2025 \u00e0 16h\" loading=\"lazy\" class=\"jsx-d0de44c05fe3042c PlayerLazyload__Image\"\/><img decoding=\"async\" src=\"https:\/\/www.tf1info.fr\/images\/icons\/player-logo-play.svg\" alt=\"Logo lecture\" class=\"jsx-d0de44c05fe3042c PlayerLazyload__Play\"\/>D\u00c9BUT DES ORAGES17:08<\/p>\n<p>Apr\u00e8s la chaleur, voil\u00e0 les orages. \u00ab\u00a0Des orages localement forts \u00e9clatent des Ardennes \u00e0 l&rsquo;Auvergne, de l&rsquo;arri\u00e8re-pays du Languedoc \u00e0 l&rsquo;arri\u00e8re-pays proven\u00e7al\u00a0\u00bb, indique l&rsquo;observatoire Keraunos, qui recense des rafales \u00e0 110 km\/h dans le Var et les Alpes-Maritimes. Les deux tiers de la France ont \u00e9t\u00e9 plac\u00e9s en vigilance jaune orages par M\u00e9t\u00e9o-France.<\/p>\n<blockquote data-testid=\"EmbedTwitter\" id=\"tweet-1940426224012333190-:R7624qqamij9n79m:\" class=\"jsx-aeff1a1c40f54d7a twitter-tweet flex justify-center items-center\"><p>Des orages localement forts \u00e9clatent des Ardennes \u00e0 l&rsquo;Auvergne, de l&rsquo;arri\u00e8re pays du Languedoc \u00e0 l&rsquo;arri\u00e8re pays proven\u00e7al. Sur le Var et les Alpes-Maritimes, rafales de 90\/110 km\/h localement sous certaines cellules. Suivi temps r\u00e9el :  https:\/\/t.co\/6GNoAjTll1 pic.twitter.com\/NyWksAzFaF \u2014 Keraunos (@KeraunosObs)  July 2, 2025<\/p><\/blockquote>\n<p>ORAGES \u00ab\u00a0VIRULENTS\u00a0\u00bb ATTENDUS16:52<\/p>\n<p>En fin d&rsquo;apr\u00e8s-midi et ce soir, des \u00ab\u00a0orages localement virulents \u00a0sont susceptibles de produire de fortes lames d&rsquo;eau en peu de temps, de la gr\u00eale et des rafales parfois autour de 80\/90 km\/h sur de nombreux d\u00e9partements d&rsquo;une bonne moiti\u00e9 est du territoire\u00a0\u00bb, pr\u00e9vient M\u00e9t\u00e9o-France.<\/p>\n<p>VERS UNE NOUVELLE VAGUE DE CHALEUR ?16:36<\/p>\n<p>D&rsquo;apr\u00e8s notre sp\u00e9cialiste m\u00e9t\u00e9o Guillaume Woznica, \u00ab\u00a0de plus en plus de signaux vont dans le sens d&rsquo;une nouvelle vague de chaleur \u00e0 l&rsquo;approche de la mi-juillet\u00a0\u00bb. Le r\u00e9pit pourrait \u00eatre de courte dur\u00e9e&#8230;<\/p>\n<blockquote data-testid=\"EmbedTwitter\" id=\"tweet-1940383545870192860-:R7634qqamij9n79m:\" class=\"jsx-aeff1a1c40f54d7a twitter-tweet flex justify-center items-center\"><p>[CECI N&rsquo;EST PAS UNE PR\u00c9VISION] De + en + de signaux vont dans le sens d&rsquo;une nouvelle vague de  #chaleur \u00e0 l&rsquo;approche de la mi-juillet&#8230; Ces cartes issues des 4 derniers sc\u00e9narios du mod\u00e8le de pr\u00e9vision am\u00e9ricain pour le 14 juillet y vont fort : vers la 3\u00e8me  #canicule de l&rsquo;\u00e9t\u00e9 ?  pic.twitter.com\/NfVoxGO1Od \u2014 Guillaume Woznica (@GWoznica)  July 2, 2025<\/p><\/blockquote>\n<p>UN IMPACT SUR TOUTE LA POPULATION16:12<\/p>\n<p>Les temp\u00e9ratures se sont traduites par une augmentation des affections li\u00e9es \u00e0 la chaleur dans toutes les tranches d&rsquo;\u00e2ge, et pas juste la population la plus \u00e2g\u00e9e, met en garde Sant\u00e9 publique France.<\/p>\n<p>Les plus \u00e2g\u00e9s sont toutefois les plus touch\u00e9s. D&rsquo;apr\u00e8s l&rsquo;agence sanitaire, les recours quotidiens aux soins d&rsquo;urgence ont doubl\u00e9 chez les plus de 75 ans par rapport au d\u00e9but de la vague de chaleur, surtout pour des cas de d\u00e9shydratation et d&rsquo;hyponatr\u00e9mie, un sympt\u00f4me aussi li\u00e9 \u00e0 une hydratation insuffisante.<\/p>\n<p>QUATRE D\u00c9PARTEMENTS TOUJOURS EN VIGILANCE ROUGE16:06<\/p>\n<p>Quatre d\u00e9partements restent en vigilance rouge canicule ce mercredi jusqu&rsquo;\u00e0 22h, annonce M\u00e9t\u00e9o-France. Il s&rsquo;agit de l&rsquo;Aube, de l&rsquo;Yonne, du Loiret et du Cher. Ils repasseront en vigilance vert ensuite, alors que les deux tiers du reste de l&rsquo;Hexagone sont en orange. Il restera encore 40 d\u00e9partements en vigilance orange pour la journ\u00e9e de jeudi, dont la Corse du sud, pas touch\u00e9e ce mercredi.<\/p>\n<blockquote data-testid=\"EmbedTwitter\" id=\"tweet-1940411617067544843-:R7644qqamij9n79m:\" class=\"jsx-aeff1a1c40f54d7a twitter-tweet flex justify-center items-center\"><p>Pour mercredi 02 juillet 2025 : \ud83d\udd34 4 d\u00e9partements en Vigilance rouge \ud83d\udfe0 55 d\u00e9partements en Vigilance orange Pour jeudi 03 juillet 2025 : \ud83d\udfe0 40 d\u00e9partements en Vigilance orange Restez prudents et inform\u00e9s : https:\/\/t.co\/JGz4rTV3xn pic.twitter.com\/Caq1Kgl0v5 \u2014 VigiM\u00e9t\u00e9oFrance (@VigiMeteoFrance)  July 2, 2025<\/p><\/blockquote>\n<p>LA QUASI-TOTALIT\u00c9 DE L&rsquo;HEXAGONE A \u00c9T\u00c9 TOUCH\u00c9E15:48<\/p>\n<p>Quelque \u00ab\u00a090% de la population fran\u00e7aise\u00a0\u00bb a \u00e9t\u00e9 \u00ab\u00a0concern\u00e9e par au moins un jour de vigilance orange canicule\u00a0\u00bb depuis le 20 juin, fait valoir Sant\u00e9 publique France dans son bulletin hebdomadaire.<\/p>\n<p>LES URGENCES MOBILIS\u00c9ES15:18<\/p>\n<p>Durant cette vague caniculaire, les services d&rsquo;urgence sont mobilis\u00e9s, notamment pour les personnes les plus fragiles. Certains d&rsquo;entre eux voient passer deux fois plus de patients que d&rsquo;habitude. Reportage du 13H de TF1.<\/p>\n<p>Urgences et infirmiers mobilis\u00e9s pour les plus fragilesSource : JT 13h Semaine<\/p>\n<p>\u00c0 QUOI S&rsquo;ATTENDRE CET APR\u00c8S-MIDI ?15:14<\/p>\n<p>\u00ab\u00a0Ce mercredi apr\u00e8s-midi, la canicule se poursuit, sur une portion est du pays, intense du Cher \u00e0 l&rsquo;Aube, avec des pointes de 39\u00b0C pr\u00e9vues\u00a0\u00bb, indique M\u00e9t\u00e9o-France. \u00ab\u00a0On attend encore autour de 34\u00b0C \u00e0 Paris, 36 \u00e0 38\u00b0C \u00e0 Strasbourg, Lyon, Grenoble, Avignon.\u00a0\u00bb<\/p>\n<p>ORAGES EN VUE14:53<\/p>\n<p>Comme l&rsquo;explique le m\u00e9t\u00e9orologue et pr\u00e9sentateur m\u00e9t\u00e9o de LCI, des orages vont frapper la France dans les prochaines heures. La Normandie, les Hauts-de-France, l&rsquo;\u00cele-de-France vont notamment \u00eatre touch\u00e9s.<\/p>\n<blockquote data-testid=\"EmbedTwitter\" id=\"tweet-1940385433151791473-:R7664qqamij9n79m:\" class=\"jsx-aeff1a1c40f54d7a twitter-tweet flex justify-center items-center\"><p>\u26a0 Gare aux  #orages ces prochaines heures avec une ligne circulant de la  #Normandie aux  #HautsDeFrance et en  #IleDeFrance ce soir. Dans la moiti\u00e9 est, ils vont se multiplier cet apr\u00e8s-midi, s&rsquo;accompagnant de  #gr\u00eale et de puissantes rafales de  #vent (90-100 km\/h)&#8230; Prudence !  pic.twitter.com\/t4rCkAVWbi \u2014 Guillaume Woznica (@GWoznica)  July 2, 2025<\/p><\/blockquote>\n<p>6.000 CLIENTS D&rsquo;ENEDIS ENCORE SANS \u00c9LECTRICIT\u00c914:33<\/p>\n<p>Quelque 6.000 clients d&rsquo;Enedis \u00e9taient encore priv\u00e9s d&rsquo;\u00e9lectricit\u00e9 \u00e0 12H30 ce mercredi en raison des \u00ab\u00a0fortes chaleurs\u00a0\u00bb qui affectent les infrastructures souterraines, selon le dernier bilan du gestionnaire du r\u00e9seau de distribution \u00e9lectrique transmis \u00e0 l&rsquo;AFP. lls \u00e9taient 8.000 en d\u00e9but de matin\u00e9e.<\/p>\n<p>\u00ab\u00a0En raison d&rsquo;un \u00e9pisode exceptionnel de fortes chaleurs sur l&rsquo;ensemble du territoire, Enedis recense des incidents sur le r\u00e9seau \u00e9lectrique souterrain, notamment en Occitanie, Provence-Alpes-C\u00f4te d&rsquo;Azur, Ile-de-France et Auvergne-Rh\u00f4ne-Alpes\u00a0\u00bb, indique le gestionnaire.<\/p>\n<p>AU TOUR DE L&rsquo;ALLEMAGNE14:24<\/p>\n<p>Apr\u00e8s la France et le pourtour m\u00e9diterran\u00e9en, le nord de l&rsquo;Europe, peu habitu\u00e9 aux canicules, transpire sous la fournaise avec un pic de chaleur ce mercredi en Allemagne o\u00f9 les autorit\u00e9s multiplient les messages de pr\u00e9vention.<\/p>\n<p>Dans le pays europ\u00e9en le plus peupl\u00e9, la temp\u00e9rature doit atteindre des maximales comprises entre 34 et 38\u00b0C, et jusqu&rsquo;\u00e0 40\u00b0C localement, tel \u00e0 Mannheim, dans le sud-ouest, selon le service m\u00e9t\u00e9orologique allemand.<\/p>\n<p>Cette journ\u00e9e de temp\u00e9ratures record pour d\u00e9but juillet pourrait s&rsquo;achever par des orages particuli\u00e8rement forts accompagn\u00e9s de gr\u00eale et de rafales de vent jusqu&rsquo;\u00e0 120 km\/h, dans le nord-ouest du pays &#8211; de Cologne \u00e0 Hambourg.<\/p>\n<p>AVERSES EN VUE14:05<\/p>\n<p>Les pr\u00e9cipitations d\u00e9j\u00e0 fortes des Pays de la Loire \u00e0 la Normandie ce midi progresseront cet apr\u00e8s-midi vers le nord de la r\u00e9gion Centre, l\u2019\u00cele-de-France et les Hauts-de-France. Elles seront accompagn\u00e9es de rafales et de gr\u00eale.<\/p>\n<blockquote data-testid=\"EmbedTwitter\" id=\"tweet-1940358465572217045-:R767kqqamij9n79m:\" class=\"jsx-aeff1a1c40f54d7a twitter-tweet flex justify-center items-center\"><p>\u26a0\ufe0fDes averses orageuses localement fortes circulent des Pays de la Loire \u00e0 la Normandie ce midi. Ces pr\u00e9cipitations parfois intenses progresseront cet apr\u00e8s-midi vers le nord de la r\u00e9gion Centre, l\u2019\u00cele-de-France et les Hauts-de-France, accompagn\u00e9es de rafales de vent et de gr\u00eale.  pic.twitter.com\/vWl45tEisL \u2014 VigiM\u00e9t\u00e9oFrance (@VigiMeteoFrance)  July 2, 2025<\/p><\/blockquote>\n<p>4 D\u00c9PARTEMENTS EN ROUGE14:02<\/p>\n<p>Les d\u00e9partements de l&rsquo;Aube, l&rsquo;Yonne, le Loiret et le Cher demeurent au niveau rouge ce mercredi.<\/p>\n<p>\u00ab\u00a0La canicule se poursuit, avec cependant une baisse de la chaleur par l&rsquo;ouest d&rsquo;o\u00f9 une descente du niveau orange au niveau jaune &lsquo;canicule&rsquo; des Hauts-de-France, aux Pays-de-la-Loire, la fa\u00e7ade atlantique et un nombre important de d\u00e9partements du sud-ouest du pays\u00a0\u00bb, indique M\u00e9t\u00e9o-France.<\/p>\n<blockquote data-testid=\"EmbedTwitter\" id=\"tweet-1940321279132811679-:R7684qqamij9n79m:\" class=\"jsx-aeff1a1c40f54d7a twitter-tweet flex justify-center items-center\"><p>Pour mercredi 02 juillet 2025 : \ud83d\udd34 4 d\u00e9partements en Vigilance rouge \ud83d\udfe0 55 d\u00e9partements en Vigilance orange Pour jeudi 03 juillet 2025 : \ud83d\udfe0 39 d\u00e9partements en Vigilance orange Restez prudents et inform\u00e9s : https:\/\/t.co\/JGz4rTUvHP pic.twitter.com\/UQqAafSj2x \u2014 VigiM\u00e9t\u00e9oFrance (@VigiMeteoFrance)  July 2, 2025<\/p><\/blockquote>\n<p>AVERSES EN VUE14:01<\/p>\n<p>M\u00e9t\u00e9o France annonce des aversions qui arrivent par l&rsquo;Ouest de la France&#8230;<\/p>\n<blockquote data-testid=\"EmbedTwitter\" id=\"tweet-1940358465572217045-:R768kqqamij9n79m:\" class=\"jsx-aeff1a1c40f54d7a twitter-tweet flex justify-center items-center\"><p>\u26a0\ufe0fDes averses orageuses localement fortes circulent des Pays de la Loire \u00e0 la Normandie ce midi. Ces pr\u00e9cipitations parfois intenses progresseront cet apr\u00e8s-midi vers le nord de la r\u00e9gion Centre, l\u2019\u00cele-de-France et les Hauts-de-France, accompagn\u00e9es de rafales de vent et de gr\u00eale.  pic.twitter.com\/vWl45tEisL \u2014 VigiM\u00e9t\u00e9oFrance (@VigiMeteoFrance)  July 2, 2025<\/p><\/blockquote>\n<p>LE POINT \u00c0 14H14:00<\/p>\n<p>Voici le point sur la canicule &#8211; dont on voit le bout &#8211; et les orages \u00e0 venir.<\/p>\n<p>Canicule : 4 d\u00e9partements en rouge et des orages \u00e0 venirSource : TF1 Info<\/p>\n<p><img decoding=\"async\" src=\"https:\/\/www.europesays.com\/fr\/wp-content\/uploads\/2025\/07\/canicule-4-departements-en-rouge-et-des-orages-a-venir-b151e3-0@1x.jpeg\" alt=\"Canicule : 4 d\u00e9partements en rouge et des orages \u00e0 venir\" loading=\"lazy\" importance=\"low\" fetchpriority=\"low\" class=\"\"\/><img decoding=\"async\" src=\"https:\/\/www.tf1info.fr\/images\/icons\/player-logo-play.svg\" alt=\"Logo lecture\" class=\"jsx-d0de44c05fe3042c PlayerLazyload__Play\"\/>8000 CLIENTS D\u2019ENEDIS PRIV\u00c9S D\u2019\u00c9LECTRICIT\u00c911:46<\/p>\n<p>Quelque 8.000 clients d&rsquo;Enedis \u00e9taient priv\u00e9s d&rsquo;\u00e9lectricit\u00e9 ce mercredi matin \u00e0 8 heures en raison des \u00ab\u00a0fortes chaleurs\u00a0\u00bb qui affectent les infrastructures souterraines, selon un bilan du gestionnaire du r\u00e9seau de distribution \u00e9lectrique transmis \u00e0 l&rsquo;AFP.<\/p>\n<p>\u00ab\u00a0En raison d&rsquo;un \u00e9pisode exceptionnel de fortes chaleurs sur l&rsquo;ensemble du territoire, Enedis recense des incidents sur le r\u00e9seau \u00e9lectrique souterrain, notamment en Occitanie, Provence-Alpes-C\u00f4te d&rsquo;Azur, Ile-de-France et Auvergne-Rh\u00f4ne-Alpes\u00a0\u00bb, indique le gestionnaire. \u00ab\u00a0La situation reste \u00e9volutive\u00a0\u00bb, pr\u00e9cise-t-il.<\/p>\n<p>NIVEAU D\u2019OZONE11:00<\/p>\n<p>Les concentrations d\u2019ozone resteront \u00e9lev\u00e9es sur l\u2019ensemble de la m\u00e9tropole avec des d\u00e9passements pr\u00e9vus du seuil d\u2019information et de recommandations de 180 \u00b5g\/m3 en maximum journalier, surtout sur la moiti\u00e9 Est du pays, indique l\u2019Institut National de l\u2019Environnement Industriel et des Risques.<\/p>\n<p>La situation devrait s\u2019am\u00e9liorer progressivement \u00e0 partir de jeudi, sauf sur le quart sud-est o\u00f9 les d\u00e9passements pourraient perdurer.<\/p>\n<p>DEUX D\u00c9C\u00c8S LI\u00c9S \u00c0 LA CHALEUR09:34<\/p>\n<p>Agn\u00e8s Pannier-Runacher annonce que pour l&rsquo;instant, deux d\u00e9c\u00e8s sont officiellement recens\u00e9s comme directement li\u00e9s \u00e0 la canicule. \u00ab\u00a0Deux personnes sont d\u00e9c\u00e9d\u00e9es \u00e0 la suite de malaises\u00a0\u00bb, indique-t-elle. Elle ajoute que \u00ab\u00a0plus de 300 personnes ont \u00e9t\u00e9 prises en charge en urgence par les pompiers\u00a0\u00bb. Quelques minutes apr\u00e8s cette annonce, l&rsquo;entourage de la ministre a pr\u00e9cis\u00e9 qu&rsquo;il ne s&rsquo;agissait pas d&rsquo;une \u00ab\u00a0confirmation officielle\u00a0\u00bb, ajoutant qu&rsquo;elle avait \u00ab\u00a0seulement repris une information \u00ab\u00a0sur la place publique\u00a0\u00bb&lsquo;, en r\u00e9f\u00e9rence \u00e0 des informations de presse.<\/p>\n<p>RECORD (PRESQUE) BATTU 09:23<\/p>\n<p>\u00ab\u00a0Juin 2025 devient le deuxi\u00e8me mois de juin le plus chaud depuis le d\u00e9but des mesures en 1900, derri\u00e8re le mois de juin 2003\u00a0\u00bb, indique la ministre de la Transition \u00e9cologique Agn\u00e8s Pannier-Runacher. L&rsquo;anomalie de temp\u00e9rature a atteint +3,3\u00b0C contre +3,6\u00b0C en juin 2003, pr\u00e9cise son entourage.<\/p>\n<p>ALERTES ET PR\u00c9VISIONS08:56<\/p>\n<p>4 d\u00e9partements restent en <strong>vigilance rouge <\/strong>aujourd\u2019hui, l&rsquo;Aube, l&rsquo;Yonne, le Loiret et le Cher, \u00e0 ce stade jusqu&rsquo;\u00e0 22H00, indique la ministre de la Transition \u00e9cologique Agn\u00e8s Pannier-Runacher lors d\u2019une r\u00e9union de crise ce mercredi matin.<\/p>\n<p>26 d\u00e9partements sont en <strong>vigilance s\u00e9cheresse<\/strong> contre 20 \u00e0 la m\u00eame p\u00e9riode en 2023.<\/p>\n<p>Sur les 15 prochains jours,<strong> un refroidissement marqu\u00e9<\/strong> s\u2019amorce dans tout le pays sans exclure des temp\u00e9ratures caniculaires.<\/p>\n<p>Sur les 3 prochains mois, M\u00e9t\u00e9o France annonce <strong>\u00ab\u00a0un \u00e9t\u00e9 plus chaud que la normale s\u2019annonce\u00a0\u00bb<\/strong>, selon les pr\u00e9visions.<\/p>\n<p>TRANSPORTS08:26<\/p>\n<p>\u00c0 Clermont, la chaleur perturbe la circulation des trains, comme l&rsquo;explique le correspondant de \u00ab\u00a0Bonjour ! La Matinale\u00a0\u00bb de TF1&#8230;<\/p>\n<p>Canicule : la ligne Clermont-Paris perturb\u00e9e \u00e0 cause des fortes chaleursSource : TF1 Info<\/p>\n<p><img decoding=\"async\" src=\"https:\/\/www.europesays.com\/fr\/wp-content\/uploads\/2025\/07\/canicule-la-ligne-clermont-paris-perturbee-a-cause-des-fortes-chaleurs-5e4acb-0@1x.jpeg\" alt=\"Canicule : la ligne Clermont-Paris perturb\u00e9e \u00e0 cause des fortes chaleurs\" loading=\"lazy\" importance=\"low\" fetchpriority=\"low\" class=\"\"\/><img decoding=\"async\" src=\"https:\/\/www.tf1info.fr\/images\/icons\/player-logo-play.svg\" alt=\"Logo lecture\" class=\"jsx-d0de44c05fe3042c PlayerLazyload__Play\"\/>BIENT\u00d4T LA FIN ?06:29<\/p>\n<p>Si les temp\u00e9ratures se sont r\u00e9guli\u00e8rement approch\u00e9es des 40\u00b0C mardi apr\u00e8s-midi, la baisse du mercure approche. De l\u2019air moins chaud va envahir progressivement le pays par l\u2019ouest \u00e0 partir de ce mercredi. Des orages vont \u00e9galement \u00e9clater, tout en restant g\u00e9n\u00e9ralement d\u2019intensit\u00e9 mod\u00e9r\u00e9e.\u00a0<\/p>\n<p>M\u00e9t\u00e9o et intemp\u00e9ries<img decoding=\"async\" src=\"https:\/\/www.europesays.com\/fr\/wp-content\/uploads\/2025\/07\/canicule-canal-saint-martin-pars-1er-juillet-2025-489be4-0@1x.jpeg\" alt=\"La France voit rouge : bient\u00f4t la fin de la canicule et le retour des orages ?\" loading=\"lazy\" importance=\"low\" fetchpriority=\"low\" class=\"\" aria-hidden=\"true\"\/>Publi\u00e9 aujourd&rsquo;hui \u00e0 6h27ENFIN UN PEU D&rsquo;AIR ?06:14<\/p>\n<p>Le pic de la canicule pass\u00e9, va-t-on enfin pouvoir respirer un peu ?<\/p>\n<p>Canicule : enfin un peu d&rsquo;air ?Source : TF1 Info<\/p>\n<p><img decoding=\"async\" src=\"https:\/\/www.europesays.com\/fr\/wp-content\/uploads\/2025\/07\/canicule-enfin-un-peu-d-air-69efc4-0@1x.jpeg\" alt=\"Canicule : enfin un peu d'air ?\" loading=\"lazy\" importance=\"low\" fetchpriority=\"low\" class=\"\"\/><img decoding=\"async\" src=\"https:\/\/www.tf1info.fr\/images\/icons\/player-logo-play.svg\" alt=\"Logo lecture\" class=\"jsx-d0de44c05fe3042c PlayerLazyload__Play\"\/>UNE NOUVELLE NUIT TROPICALE06:12<\/p>\n<p>Ce mercredi vers 5 heures, les temp\u00e9ratures \u00e9taient fr\u00e9quemment sup\u00e9rieures \u00e0 20\u00b0C en dehors d&rsquo;un petit quart nord-ouest du pays et en montagne. Il fait encore autour de 25\u00b0C dans la Capitale, autant que sur les littoraux m\u00e9diterran\u00e9ens&#8230;<\/p>\n<p>55 D\u00c9PARTEMENTS EN ORANGE06:12<\/p>\n<p>Alors que la vigilance rouge a \u00e9t\u00e9 lev\u00e9e pour 10 d\u00e9partements, 55 d\u00e9partements sont d\u00e9sormais en alerte orange pour ce mercredi. 39 d\u00e9partements resteront en orange pour la journ\u00e9e de jeudi.<\/p>\n<p>\u00c9COLES FERM\u00c9ES MARDI06:01<\/p>\n<p>Plus de 2.200 \u00e9tablissements scolaires ont \u00e9t\u00e9 ferm\u00e9s mardi \u00e0 cause de la canicule, essentiellement des \u00e9coles, alors que plus de 100 \u00e9coles devraient l&rsquo;\u00eatre ce mercredi, a indiqu\u00e9 le minist\u00e8re de l&rsquo;Education dans un dernier bilan.<\/p>\n<p>Quelque 2.213 \u00e9tablissements ont \u00e9t\u00e9 ferm\u00e9s mardi dont 2.200 \u00e9coles, 12 coll\u00e8ges et 1 lyc\u00e9e, a-t-il pr\u00e9cis\u00e9, quand 1.762 \u00e9tablissements ont assur\u00e9 un service d&rsquo;accueil. Pour la journ\u00e9e de mercredi, 136 \u00e9coles ont pr\u00e9vu d&rsquo;\u00eatre ferm\u00e9es.<\/p>\n<p>LA FIN DU TUNNEL06:01<\/p>\n<p>Une grande partie de la France va vivre ce mercredi une derni\u00e8re journ\u00e9e de canicule apr\u00e8s avoir suffoqu\u00e9 la veille sous des temp\u00e9ratures allant jusqu&rsquo;\u00e0 41,4\u00b0C, une vague de chaleur pr\u00e9coce qui a \u00e9galement concern\u00e9 des millions d&rsquo;Europ\u00e9ens.<\/p>\n<p>ALERTE ROUGE LEV\u00c9E POUR PLUSIEURS D\u00c9PARTEMENTS06:01<\/p>\n<p>La vigilance \u00e0 la canicule est pass\u00e9e du rouge au orange depuis 6h pour <strong>Paris<\/strong>, <strong>Hauts-de-Seine<\/strong>, <strong>Seine-Saint-Denis<\/strong>, <strong>Val-de-Marne<\/strong>,<strong> Val-d&rsquo;Oise<\/strong>, <strong>Yvelines<\/strong>, <strong>Essonne<\/strong>,<strong> Seine-et-Marne<\/strong>, <strong>Vienne<\/strong>, <strong>Indre<\/strong>, <strong>Indre-et-Loire<\/strong> et<strong> Loir-et-Cher.<\/strong> Seuls vont rester en niveau rouge l&rsquo;<strong>Aube<\/strong>, l&rsquo;<strong>Yonne<\/strong>, le <strong>Loiret <\/strong>et le <strong>Cher<\/strong>, annonce M\u00e9t\u00e9o-France.\u00a0<\/p>\n<blockquote data-testid=\"EmbedTwitter\" id=\"tweet-1940259437949681821-:R76fkqqamij9n79m:\" class=\"jsx-aeff1a1c40f54d7a twitter-tweet flex justify-center items-center\"><p>Pour mercredi 02 juillet 2025 : \ud83d\udd34 4 d\u00e9partements en Vigilance rouge \ud83d\udfe0 55 d\u00e9partements en Vigilance orange Pour jeudi 03 juillet 2025 : \ud83d\udfe0 39 d\u00e9partements en Vigilance orange Restez prudents et inform\u00e9s : https:\/\/t.co\/JGz4rTUvHP pic.twitter.com\/8oQBFPVWmY \u2014 VigiM\u00e9t\u00e9oFrance (@VigiMeteoFrance)  July 2, 2025<\/p><\/blockquote>\n<p data-module=\"article-paragraph\" class=\"jsx-3046738180 Paragraph Paragraph__End\">Un pic de chaleur pr\u00e9coce. Mais <a href=\"https:\/\/www.tf1info.fr\/sante\/on-va-surement-etre-a-30-40-avec-la-canicule-le-samu-de-paris-enregistre-un-pic-d-appels-2380307.html\" target=\"_blank\" rel=\"noopener\">la vague de chaleur exceptionnelle<\/a> qui touche la France cette semaine est aussi particuli\u00e8re par sa dur\u00e9e, poussant les autorit\u00e9s \u00e0 prendre des mesures pour prot\u00e9ger les plus vuln\u00e9rables. En d\u00e9but de soir\u00e9e mardi, le soleil reste br\u00fblant et le mercure atteignait encore 39\u00b0C vers 18h, dans la capitale, selon M\u00e9t\u00e9o-France. \u00a0<\/p>\n<p data-module=\"article-paragraph\" class=\"jsx-3046738180 Paragraph\">Mais la canicule n&rsquo;a pas touch\u00e9 que la r\u00e9gion parisienne. Le thermom\u00e8tre est ainsi mont\u00e9 jusqu&rsquo;\u00e0 41,4\u00b0C \u00e0 Cadenet (Vaucluse), 41,2\u00b0C \u00e0 Chateaumeillant (Cher) ou encore 40,3\u00b0C \u00e0 N\u00eemes-Garons (Gard) et Castelnaudry (Aude), a d\u00e9taill\u00e9 M\u00e9t\u00e9o-France mardi soir.<\/p>\n<p data-module=\"article-paragraph\" class=\"jsx-3046738180 Paragraph Paragraph__End\">\u00ab\u00a0Des mesures ont \u00e9t\u00e9 activ\u00e9es d\u00e8s ce matin <a href=\"https:\/\/www.tf1info.fr\/meteo\/video-reportage-tf1-horaires-adaptes-tenues-legeres-comment-rendre-le-travail-supportable-en-pleine-canicule-2378256.html\" target=\"_blank\" rel=\"noopener\">pour la protection des travailleurs<\/a> et notamment adapter les horaires, suspendre les t\u00e2ches p\u00e9nibles, am\u00e9nager les postes de travail\u00a0\u00bb, a assur\u00e9 Fran\u00e7ois Bayrou depuis le Centre op\u00e9rationnel de gestion interminist\u00e9rielle des crises.<\/p>\n<blockquote data-testid=\"EmbedTwitter\" id=\"tweet-1940139454389235988-:R2e6ij9n79m:\" class=\"jsx-aeff1a1c40f54d7a twitter-tweet flex justify-center items-center\"><p>Pour mardi 01 juillet 2025 : \ud83d\udd34 16 d\u00e9partements en Vigilance rouge \ud83d\udfe0 67 d\u00e9partements en Vigilance orange Pour mercredi 02 juillet 2025 : \ud83d\udd34 16 d\u00e9partements en Vigilance rouge \ud83d\udfe0 67 d\u00e9partements en Vigilance orange Restez prudents et inform\u00e9s : https:\/\/t.co\/JGz4rTUvHP pic.twitter.com\/X95kv4J3Mk \u2014 VigiM\u00e9t\u00e9oFrance (@VigiMeteoFrance)  July 1, 2025<\/p><\/blockquote>\n<p data-module=\"article-paragraph\" class=\"jsx-3046738180 Paragraph Paragraph__End\">Des restrictions de circulation ont \u00e9t\u00e9 mises en place dans l&rsquo;agglom\u00e9ration parisienne. M\u00eame la tour Eiffel est \u00e0 la peine\u00a0: le sommet des 330 m\u00e8tres de fer puddl\u00e9 restera ferm\u00e9 au public jusqu&rsquo;\u00e0 mercredi inclus.\u00a0<\/p>\n<p>La r\u00e9daction de TF1info<\/p>\n<p><script async src=\"https:\/\/platform.twitter.com\/widgets.js\" charset=\"utf-8\"><\/script><\/p>\n","protected":false},"excerpt":{"rendered":"Une vague de chaleur in\u00e9dite touche la France cette semaine, et 4 d\u00e9partements sont toujours en vigilance rouge&hellip;\n","protected":false},"author":2,"featured_media":221138,"comment_status":"","ping_status":"","sticky":false,"template":"","format":"standard","meta":{"footnotes":""},"categories":[2],"tags":[1111,11,1921,6698,4734,1011,27,1922,35533,11007,12,11008,2119,25,133,11009],"class_list":{"0":"post-221137","1":"post","2":"type-post","3":"status-publish","4":"format-standard","5":"has-post-thumbnail","7":"category-actualites","8":"tag-actu","9":"tag-actualites","10":"tag-article-video","11":"tag-canicule","12":"tag-changement-climatique","13":"tag-fr","14":"tag-france","15":"tag-info","16":"tag-la-france-face-a-une-canicule-dune-ampleur-inedite","17":"tag-meteo-quotidienne","18":"tag-news","19":"tag-phenomenes-meteo","20":"tag-previsions-meteo","21":"tag-republique-francaise","22":"tag-video","23":"tag-video-meteo-et-intemperies"},"share_on_mastodon":{"url":"https:\/\/pubeurope.com\/@fr\/114784701551583943","error":""},"_links":{"self":[{"href":"https:\/\/www.europesays.com\/fr\/wp-json\/wp\/v2\/posts\/221137","targetHints":{"allow":["GET"]}}],"collection":[{"href":"https:\/\/www.europesays.com\/fr\/wp-json\/wp\/v2\/posts"}],"about":[{"href":"https:\/\/www.europesays.com\/fr\/wp-json\/wp\/v2\/types\/post"}],"author":[{"embeddable":true,"href":"https:\/\/www.europesays.com\/fr\/wp-json\/wp\/v2\/users\/2"}],"replies":[{"embeddable":true,"href":"https:\/\/www.europesays.com\/fr\/wp-json\/wp\/v2\/comments?post=221137"}],"version-history":[{"count":0,"href":"https:\/\/www.europesays.com\/fr\/wp-json\/wp\/v2\/posts\/221137\/revisions"}],"wp:featuredmedia":[{"embeddable":true,"href":"https:\/\/www.europesays.com\/fr\/wp-json\/wp\/v2\/media\/221138"}],"wp:attachment":[{"href":"https:\/\/www.europesays.com\/fr\/wp-json\/wp\/v2\/media?parent=221137"}],"wp:term":[{"taxonomy":"category","embeddable":true,"href":"https:\/\/www.europesays.com\/fr\/wp-json\/wp\/v2\/categories?post=221137"},{"taxonomy":"post_tag","embeddable":true,"href":"https:\/\/www.europesays.com\/fr\/wp-json\/wp\/v2\/tags?post=221137"}],"curies":[{"name":"wp","href":"https:\/\/api.w.org\/{rel}","templated":true}]}}