{"id":221141,"date":"2025-07-02T17:01:10","date_gmt":"2025-07-02T17:01:10","guid":{"rendered":"https:\/\/www.europesays.com\/fr\/221141\/"},"modified":"2025-07-02T17:01:10","modified_gmt":"2025-07-02T17:01:10","slug":"transfert-1m96-116kg-et-22-selections-montauban-signe-un-ancien-all-black-pour-exister-en-top-14","status":"publish","type":"post","link":"https:\/\/www.europesays.com\/fr\/221141\/","title":{"rendered":"TRANSFERT. 1m96, 116kg et 22 s\u00e9lections : Montauban signe un ancien All Black pour exister en Top 14"},"content":{"rendered":"<p>Auteur d\u2019une fin de saison exceptionnelle en ProD2, qui l\u2019a amen\u00e9 jusqu\u2019\u00e0 une promotion inattendue en <a href=\"https:\/\/www.lerugbynistere.fr\/championnats\/top-14\" ui-sref=\"app.competition({competitionId: 1})\" alt=\"Top 14\" data-route=\"app.competition\" data-param=\"competitionId\" data-id=\"1\" rel=\"nofollow noopener\" target=\"_blank\">Top 14<\/a>, <a href=\"https:\/\/www.lerugbynistere.fr\/clubs\/mtg-montauban.php\" ui-sref=\"app.team({teamId: 49})\" alt=\"Montauban\" data-route=\"app.team\" data-param=\"teamId\" data-id=\"49\" rel=\"nofollow noopener\" target=\"_blank\">Montauban<\/a> compte d\u00e9sormais vendre ch\u00e8rement sa peau dans l\u2019\u00e9lite.<\/p>\n<p>Et si les Sapiacais savent que ce sera tr\u00e8s compliqu\u00e9 face aux <a href=\"https:\/\/www.lerugbynistere.fr\/clubs\/le-stade-toulousain.php\" ui-sref=\"app.team({teamId: 34})\" alt=\"Toulouse\" data-route=\"app.team\" data-param=\"teamId\" data-id=\"34\" rel=\"nofollow noopener\" target=\"_blank\">Toulouse<\/a>, <a href=\"https:\/\/www.lerugbynistere.fr\/clubs\/ubb-bordeaux-begles.php\" ui-sref=\"app.team({teamId: 32})\" alt=\"Bordeaux\" data-route=\"app.team\" data-param=\"teamId\" data-id=\"32\" rel=\"nofollow noopener\" target=\"_blank\">Bordeaux<\/a> and co, avec le plus petit budget du championnat, l\u2019USM a quand m\u00eame cibl\u00e9 quelques noms bien pr\u00e9cis.<\/p>\n<p><a class=\"inserer_lien_article\" href=\"https:\/\/www.lerugbynistere.fr\/news\/transfert-pourquoi-montauban-ne-recrutera-presque-personne-en-top-14-1206251251.php\" data-id=\"45253\" data-route=\"app.article\" data-param=\"articleId\" ui-sref=\"app.article({articleId: 45253})\" alt=\"TRANSFERT. Pourquoi Montauban ne recrutera (presque) personne en Top 14 ?\" title=\"TRANSFERT. Pourquoi Montauban ne recrutera (presque) personne en Top 14 ?\" rel=\"nofollow noopener\" target=\"_blank\"><img decoding=\"async\" src=\"https:\/\/www.europesays.com\/fr\/wp-content\/uploads\/2025\/07\/montauban-12-06-25-5738.jpg\" alt=\"TRANSFERT. Pourquoi Montauban ne recrutera (presque) personne en Top 14 ?\"\/>TRANSFERT. Pourquoi Montauban ne recrutera (presque) personne en Top 14 ?<\/a><\/p>\n<p>Sans faire de folie sur le march\u00e9 des <a href=\"https:\/\/www.lerugbynistere.fr\/transferts\/\" ui-sref=\"app.category(categoryId: 1})\" alt=\"Transferts\" data-route=\"app.category\" data-param=\"categoryId\" data-id=\"10\" rel=\"nofollow noopener\" target=\"_blank\">transferts<\/a> avec tr\u00e8s peu de mouvements \u00e0 l\u2019intersaison, Montauban aurait quand m\u00eame obtenu l\u2019accord d\u2019un ancien All Black. Selon Actu Rugby, c\u2019est un certain <a href=\"https:\/\/www.lerugbynistere.fr\/fiches-joueurs\/vaea-fifita.php\" ui-sref=\"app.player({playerId: 5664})\" alt=\"Vaea Fifita\" data-route=\"app.player\" data-param=\"playerId\" data-id=\"5664\" rel=\"nofollow noopener\" target=\"_blank\">Vaea Fifita<\/a> qui va d\u00e9barquer dans le Tarn-et-Garonne.<\/p>\n<p>Un joueur de rupture<\/p>\n<p>S\u2019il dynamise et densifie le pack des <a href=\"https:\/\/www.lerugbynistere.fr\/clubs\/llanelli-scarlets.php\" ui-sref=\"app.team({teamId: 81})\" alt=\"Scarlets\" data-route=\"app.team\" data-param=\"teamId\" data-id=\"81\" rel=\"nofollow noopener\" target=\"_blank\">Scarlets<\/a> depuis 3 ans et compte d\u00e9sormais 11 capes pour les <a href=\"https:\/\/www.lerugbynistere.fr\/equipes-nationales\/tonga.php\" ui-sref=\"app.team({teamId: 60})\" alt=\"Tonga\" data-route=\"app.team\" data-param=\"teamId\" data-id=\"60\" rel=\"nofollow noopener\" target=\"_blank\">Tonga<\/a>, son pays de naissance, le troisi\u00e8me ligne de 33 ans fut 11 fois All Black entre 2016 et 2019, aussi.<\/p>\n<p>Joueur athl\u00e9tique, rugueux et dot\u00e9 d\u2019une foul\u00e9e \u00e0 faire p\u00e2lir certains 3\/4, l\u2019ancien flanker des <a href=\"https:\/\/www.lerugbynistere.fr\/clubs\/hurricanes.php\" ui-sref=\"app.team({teamId: 2309})\" alt=\"Hurricanes\" data-route=\"app.team\" data-param=\"teamId\" data-id=\"2309\" rel=\"nofollow noopener\" target=\"_blank\">Hurricanes<\/a> est aussi capable d\u2019\u00e9voluer num\u00e9ro 8 et 2\u00e8me ligne, gr\u00e2ce \u00e0 son gabarit hybride (1m96 pour 116kg).<\/p>\n<\/p>\n<p>Il devrait donc apporter de nombreux solutions au pack montalbanais, d\u00e9sireux de se renforcer pour r\u00e9sister \u00e0 la densit\u00e9 du Top 14. C\u2019est ainsi que dans ses rangs, Montauban devrait aussi voir arriver Nafi Ma\u2019afu, le solide 2\u00e8me ligne am\u00e9ricain de <a href=\"https:\/\/www.lerugbynistere.fr\/clubs\/bo-biarritz-olympique.php\" ui-sref=\"app.team({teamId: 56})\" alt=\"Biarritz\" data-route=\"app.team\" data-param=\"teamId\" data-id=\"56\" rel=\"nofollow noopener\" target=\"_blank\">Biarritz<\/a>.<\/p>\n<p>Deux belles recrues avant d\u2019en accueillir d\u2019autres en vue du Top 14 ? <\/p>\n","protected":false},"excerpt":{"rendered":"Auteur d\u2019une fin de saison exceptionnelle en ProD2, qui l\u2019a amen\u00e9 jusqu\u2019\u00e0 une promotion inattendue en Top 14,&hellip;\n","protected":false},"author":2,"featured_media":221142,"comment_status":"","ping_status":"","sticky":false,"template":"","format":"standard","meta":{"footnotes":""},"categories":[1416],"tags":[1011,27,479,1468,60],"class_list":{"0":"post-221141","1":"post","2":"type-post","3":"status-publish","4":"format-standard","5":"has-post-thumbnail","7":"category-rugby","8":"tag-fr","9":"tag-france","10":"tag-rugby","11":"tag-rugby-football","12":"tag-sports"},"share_on_mastodon":{"url":"https:\/\/pubeurope.com\/@fr\/114784716903490414","error":""},"_links":{"self":[{"href":"https:\/\/www.europesays.com\/fr\/wp-json\/wp\/v2\/posts\/221141","targetHints":{"allow":["GET"]}}],"collection":[{"href":"https:\/\/www.europesays.com\/fr\/wp-json\/wp\/v2\/posts"}],"about":[{"href":"https:\/\/www.europesays.com\/fr\/wp-json\/wp\/v2\/types\/post"}],"author":[{"embeddable":true,"href":"https:\/\/www.europesays.com\/fr\/wp-json\/wp\/v2\/users\/2"}],"replies":[{"embeddable":true,"href":"https:\/\/www.europesays.com\/fr\/wp-json\/wp\/v2\/comments?post=221141"}],"version-history":[{"count":0,"href":"https:\/\/www.europesays.com\/fr\/wp-json\/wp\/v2\/posts\/221141\/revisions"}],"wp:featuredmedia":[{"embeddable":true,"href":"https:\/\/www.europesays.com\/fr\/wp-json\/wp\/v2\/media\/221142"}],"wp:attachment":[{"href":"https:\/\/www.europesays.com\/fr\/wp-json\/wp\/v2\/media?parent=221141"}],"wp:term":[{"taxonomy":"category","embeddable":true,"href":"https:\/\/www.europesays.com\/fr\/wp-json\/wp\/v2\/categories?post=221141"},{"taxonomy":"post_tag","embeddable":true,"href":"https:\/\/www.europesays.com\/fr\/wp-json\/wp\/v2\/tags?post=221141"}],"curies":[{"name":"wp","href":"https:\/\/api.w.org\/{rel}","templated":true}]}}