{"id":221143,"date":"2025-07-02T17:02:17","date_gmt":"2025-07-02T17:02:17","guid":{"rendered":"https:\/\/www.europesays.com\/fr\/221143\/"},"modified":"2025-07-02T17:02:17","modified_gmt":"2025-07-02T17:02:17","slug":"wimbledon-alize-cornet-sur-sabalenka-un-jour-jetais-dans-le-restaurant-de-lus-open-accoudee-a-une-table-en-train-de-pleurer-silencieusement-et-aryna-qui-etait-sur-le-point-de-rentrer-sur-l","status":"publish","type":"post","link":"https:\/\/www.europesays.com\/fr\/221143\/","title":{"rendered":"Wimbledon > Aliz\u00e9 Cornet sur Sabalenka : \u00ab\u00a0Un jour, j&rsquo;\u00e9tais dans le restaurant de l&rsquo;US Open, accoud\u00e9e \u00e0 une table, en train de pleurer silencieusement. Et Aryna, qui \u00e9tait sur le point de rentrer sur le court pour un match, a travers\u00e9 la salle, est venue mettre une main sur mon \u00e9paule, et m&rsquo;a demand\u00e9 : &lsquo;Est-ce que \u00e7a va ?'\u00a0\u00bb"},"content":{"rendered":"<p>Aliz\u00e9 Cornet, qui n\u2019a malheu\u00adreu\u00adse\u00adment pas r\u00e9ussi \u00e0 fran\u00adchir le cap des quali\u00adfi\u00adca\u00adtions, a rejoint l\u2019\u00e9quipe des consul\u00adtants de\u00a0beIN Sports\u00a0pour cette quin\u00adzaine londonienne.\u00a0<\/p>\n<p>Fid\u00e8le \u00e0 elle\u2010m\u00eame, la Fran\u00e7aise r\u00e9gale les t\u00e9l\u00e9\u00adspec\u00adta\u00adteurs avec ses anec\u00addotes de vestiaire, comme ce fut le cas juste avant le lance\u00adment du match d\u2019Aryna Sabalenka.<\/p>\n<p>Durant sa carri\u00e8re, Cornet a crois\u00e9 \u00e0 plusieurs reprises la num\u00e9ro un mondiale, qu\u2019elle a toujours trouv\u00e9e tr\u00e8s sympa\u00adthique. Elle a notam\u00adment partag\u00e9 une histoire marquante datant de l\u2019US Open\u00a02022.\u00a0<\/p>\n<p><strong>\u00ab\u202fElle m\u2019a toujours parue tr\u00e8s sympa\u00adthique. Un jour, il y a trois ans, j\u2019\u00e9tais \u00e0 l\u2019US Open et j\u2019avais des probl\u00e8mes person\u00adnels, je n\u2019\u00e9tais pas au mieux dans ma vie, et j\u2019\u00e9tais en train de pleurer, accoud\u00e9e \u00e0 une table dans un coin du restau\u00adrant, isol\u00e9e de tout le monde. Je pleu\u00adrais silen\u00adcieu\u00adse\u00adment. Et Aryna, qui \u00e9tait sur le point de rentrer sur le court pour un match, s\u2019est lev\u00e9e de sa chaise, a travers\u00e9 toute la salle, est venue mettre une main sur mon \u00e9paule, et elle m\u2019a demand\u00e9 \u00ab\u202fEst\u2010ce que \u00e7a va\u202f? \u00bb Rien que \u00e7a, \u00e7a prouve un petit peu le genre de personne qu\u2019elle est, parce que dans le monde du tennis, c\u2019est un peu chacun pour soi. \u00c7a m\u2019avait beau\u00adcoup touch\u00e9e, et je me souviens lui avoir dit \u00ab\u202fgr\u00e2ce \u00e0 toi \u00e7a va d\u00e9j\u00e0 un peu mieux, merci en tout cas\u202f\u00bb, mais j\u2019\u00e9tais vrai\u00adment tr\u00e8s \u00e9tonn\u00e9e de ce geste de sa part.\u202f\u00bb<\/strong> a d\u00e9clar\u00e9 la consultante.\u00a0<\/p>\n<p class=\"post-published-date\" style=\"color: silver; font-size: 75%; text-align: left;\">Publi\u00e9 le mercredi 2 juillet 2025 \u00e0 15:12<\/p>\n","protected":false},"excerpt":{"rendered":"Aliz\u00e9 Cornet, qui n\u2019a malheu\u00adreu\u00adse\u00adment pas r\u00e9ussi \u00e0 fran\u00adchir le cap des quali\u00adfi\u00adca\u00adtions, a rejoint l\u2019\u00e9quipe des consul\u00adtants&hellip;\n","protected":false},"author":2,"featured_media":124362,"comment_status":"","ping_status":"","sticky":false,"template":"","format":"standard","meta":{"footnotes":""},"categories":[1415],"tags":[7615,8001,1011,27,60,1467],"class_list":{"0":"post-221143","1":"post","2":"type-post","3":"status-publish","4":"format-standard","5":"has-post-thumbnail","7":"category-tennis","8":"tag-aryna-sabalenka","9":"tag-cornet","10":"tag-fr","11":"tag-france","12":"tag-sports","13":"tag-tennis"},"share_on_mastodon":{"url":"https:\/\/pubeurope.com\/@fr\/114784720864231370","error":""},"_links":{"self":[{"href":"https:\/\/www.europesays.com\/fr\/wp-json\/wp\/v2\/posts\/221143","targetHints":{"allow":["GET"]}}],"collection":[{"href":"https:\/\/www.europesays.com\/fr\/wp-json\/wp\/v2\/posts"}],"about":[{"href":"https:\/\/www.europesays.com\/fr\/wp-json\/wp\/v2\/types\/post"}],"author":[{"embeddable":true,"href":"https:\/\/www.europesays.com\/fr\/wp-json\/wp\/v2\/users\/2"}],"replies":[{"embeddable":true,"href":"https:\/\/www.europesays.com\/fr\/wp-json\/wp\/v2\/comments?post=221143"}],"version-history":[{"count":0,"href":"https:\/\/www.europesays.com\/fr\/wp-json\/wp\/v2\/posts\/221143\/revisions"}],"wp:featuredmedia":[{"embeddable":true,"href":"https:\/\/www.europesays.com\/fr\/wp-json\/wp\/v2\/media\/124362"}],"wp:attachment":[{"href":"https:\/\/www.europesays.com\/fr\/wp-json\/wp\/v2\/media?parent=221143"}],"wp:term":[{"taxonomy":"category","embeddable":true,"href":"https:\/\/www.europesays.com\/fr\/wp-json\/wp\/v2\/categories?post=221143"},{"taxonomy":"post_tag","embeddable":true,"href":"https:\/\/www.europesays.com\/fr\/wp-json\/wp\/v2\/tags?post=221143"}],"curies":[{"name":"wp","href":"https:\/\/api.w.org\/{rel}","templated":true}]}}