{"id":221154,"date":"2025-07-02T17:09:09","date_gmt":"2025-07-02T17:09:09","guid":{"rendered":"https:\/\/www.europesays.com\/fr\/221154\/"},"modified":"2025-07-02T17:09:09","modified_gmt":"2025-07-02T17:09:09","slug":"jean-michel-othoniel-en-verre-et-pour-tout-liberation","status":"publish","type":"post","link":"https:\/\/www.europesays.com\/fr\/221154\/","title":{"rendered":"Jean-Michel Othoniel, en verre et pour tout \u2013 Lib\u00e9ration"},"content":{"rendered":"<p class=\"sc-ksZaOG ehjQrN text-element\">A J-1 de son exposition gigantesque \u00e0 Avignon, Jean-Michel Othoniel est proche du jetlag. Ces derniers temps, celui qui joue depuis trente ans avec les reflets et la lumi\u00e8re a d\u00fb se transformer en travailleur de nuit pour diss\u00e9miner avec son \u00e9quipe 250 \u0153uvres dans dix mus\u00e9es et lieux historiques de la cit\u00e9 papale. Cette star de l\u2019art contemporain fran\u00e7ais \u00e9tait l\u2019un des rares \u00e0 \u00eatre entr\u00e9 vivant dans les collections du Mus\u00e9e du Louvre et le premier \u00e0 avoir con\u00e7u une \u0153uvre p\u00e9renne dans les jardins du Ch\u00e2teau de Versailles. Que lui souhaiter de plus ? Prendre d\u2019assaut toute une ville. C\u2019est la \u00abjouissance supr\u00eame\u00bb pour celui qui semble avoir trouv\u00e9 un \u00e9quilibre entre sa timidit\u00e9 et ses productions monumentales. Est-ce l\u2019homme qui fait l\u2019\u0153uvre ou l\u2019\u0153uvre qui fait l\u2019homme ? On ne se risquera pas \u00e0 d\u00e9nouer l\u2019insoluble myst\u00e8re avec ce passionn\u00e9 de boucles infinies et autres th\u00e9ories sur les n\u0153uds borrom\u00e9ens.<\/p>\n<p class=\"sc-ksZaOG ehjQrN text-element\">A 61 ans, Othoniel a conserv\u00e9 un physique de jeune premier : visage d\u2019ange, traits r\u00e9guliers, regard vif \u00e0 l\u2019\u00e9clat noisette, voix pos\u00e9e d\u2019acteur pr\u00eat \u00e0 monter sur les planches. On l\u2019appelle ici pour v\u00e9rifier l\u2019\u00e9clairage d\u2019un astrolabe, l\u00e0, pour valider le calepinage de ses fameuses briques de verre miroitantes. Reste une derni\u00e8re photo avant le lever de rideau\u2026 quand ce jeune couple voudra bien terminer son selfie devant l\u2019une de ses \u0153uvres.<\/p>\n<p class=\"sc-ksZaOG ehjQrN text-element\">Le succ\u00e8s populaire est arriv\u00e9 avec le Kiosque des noctambules, sa premi\u00e8re commande publique en 2000. La bouche de m\u00e9tro du <\/p>\n","protected":false},"excerpt":{"rendered":"A J-1 de son exposition gigantesque \u00e0 Avignon, Jean-Michel Othoniel est proche du jetlag. Ces derniers temps, celui&hellip;\n","protected":false},"author":2,"featured_media":221155,"comment_status":"","ping_status":"","sticky":false,"template":"","format":"standard","meta":{"footnotes":""},"categories":[1358],"tags":[1348,1384,1385,6184,413,1386,58,59,1011,27],"class_list":{"0":"post-221154","1":"post","2":"type-post","3":"status-publish","4":"format-standard","5":"has-post-thumbnail","7":"category-arts-et-design","8":"tag-arts","9":"tag-arts-and-design","10":"tag-arts-et-design","11":"tag-avignon","12":"tag-ca-va-mieux-lisant","13":"tag-design","14":"tag-divertissement","15":"tag-entertainment","16":"tag-fr","17":"tag-france"},"share_on_mastodon":{"url":"https:\/\/pubeurope.com\/@fr\/114784748454654576","error":""},"_links":{"self":[{"href":"https:\/\/www.europesays.com\/fr\/wp-json\/wp\/v2\/posts\/221154","targetHints":{"allow":["GET"]}}],"collection":[{"href":"https:\/\/www.europesays.com\/fr\/wp-json\/wp\/v2\/posts"}],"about":[{"href":"https:\/\/www.europesays.com\/fr\/wp-json\/wp\/v2\/types\/post"}],"author":[{"embeddable":true,"href":"https:\/\/www.europesays.com\/fr\/wp-json\/wp\/v2\/users\/2"}],"replies":[{"embeddable":true,"href":"https:\/\/www.europesays.com\/fr\/wp-json\/wp\/v2\/comments?post=221154"}],"version-history":[{"count":0,"href":"https:\/\/www.europesays.com\/fr\/wp-json\/wp\/v2\/posts\/221154\/revisions"}],"wp:featuredmedia":[{"embeddable":true,"href":"https:\/\/www.europesays.com\/fr\/wp-json\/wp\/v2\/media\/221155"}],"wp:attachment":[{"href":"https:\/\/www.europesays.com\/fr\/wp-json\/wp\/v2\/media?parent=221154"}],"wp:term":[{"taxonomy":"category","embeddable":true,"href":"https:\/\/www.europesays.com\/fr\/wp-json\/wp\/v2\/categories?post=221154"},{"taxonomy":"post_tag","embeddable":true,"href":"https:\/\/www.europesays.com\/fr\/wp-json\/wp\/v2\/tags?post=221154"}],"curies":[{"name":"wp","href":"https:\/\/api.w.org\/{rel}","templated":true}]}}