{"id":221171,"date":"2025-07-02T17:19:37","date_gmt":"2025-07-02T17:19:37","guid":{"rendered":"https:\/\/www.europesays.com\/fr\/221171\/"},"modified":"2025-07-02T17:19:37","modified_gmt":"2025-07-02T17:19:37","slug":"pourquoi-les-vagues-de-chaleur-europeennes-surpassent-toutes-les-previsions","status":"publish","type":"post","link":"https:\/\/www.europesays.com\/fr\/221171\/","title":{"rendered":"Pourquoi les vagues de chaleur europ\u00e9ennes surpassent toutes les pr\u00e9visions ?"},"content":{"rendered":"<p class=\"chapo\">La fr\u00e9quence et l\u2019intensit\u00e9 des vagues de chaleur observ\u00e9es en Europe de l\u2019Ouest d\u00e9passent ce qu\u2019anticipaient les mod\u00e8les climatiques. Ce d\u00e9calage s\u2019explique par la difficult\u00e9 de prise en compte de facteurs r\u00e9gionaux et effraie les scientifiques. Ces derniers appellent \u00e0 acc\u00e9l\u00e9rer l\u2019adaptation du territoire face aux temp\u00e9ratures extr\u00eames qui se multiplient.<\/p>\n<p><img fetchpriority=\"high\" decoding=\"async\" width=\"854\" height=\"500\" src=\"https:\/\/www.natura-sciences.com\/wp-content\/uploads\/2025\/07\/temperatures-mardi-1-juillet-1.jpg\" alt=\"Mardi 1 juillet, les temp\u00e9ratures ont fr\u00f4l\u00e9 les 40 degr\u00e9s en France. \/\/Photo : TropicalTidbeats.com\" class=\"wp-image-40996 jetpack-lazy-image\" data-lazy- data-lazy- data-lazy-src=\"http:\/\/www.natura-sciences.com\/wp-content\/uploads\/2025\/07\/temperatures-mardi-1-juillet-1.jpg?is-pending-load=1\" \/>Mardi 1 juillet, les temp\u00e9ratures ont fr\u00f4l\u00e9 les 40 degr\u00e9s en France. \/\/Photo : TropicalTidbeats.com<\/p>\n<p>Les vagues de chaleur successives du mois de juin vous cassent la t\u00eate ? Vous n\u2019\u00eates pas seul. Depuis des ann\u00e9es, des climatologues essaient de comprendre pourquoi elles se multiplient en Europe de l\u2019Ouest. Car s\u2019il \u00e9tait attendu que la fr\u00e9quence et l\u2019intensit\u00e9 des vagues de chaleur augmente \u00e0 cause du changement climatique, celles observ\u00e9es en Europe de l\u2019Ouest d\u00e9passent les temp\u00e9ratures infernales que les scientifiques attendaient.\u00a0<\/p>\n<p>\u00ab\u00a0On bloque un peu\u00a0\u00bb, admet Robin Noyelle, post-doctorant en sciences du climat \u00e0 l\u2019\u00e9cole polytechnique de Zurich, qui a consacr\u00e9 sa th\u00e8se \u00e0 ces questions. Il est bien question ici de pr\u00e9visions climatologiques, et non pas de pr\u00e9visions m\u00e9t\u00e9orologiques. Les pr\u00e9visionnistes de M\u00e9t\u00e9o-France arrivent tr\u00e8s bien \u00e0 pr\u00e9dire une canicule quelques jours avant son apparition. C\u2019est la tendance climatique de fond qui est plus compliqu\u00e9e \u00e0 mesurer.<\/p>\n<p><strong>Comment se cr\u00e9e une vague de chaleur ?<\/strong><\/p>\n<p>Pour comprendre les enjeux, il faut d\u00e9j\u00e0 savoir ce qu\u2019on entend par une vague de chaleur. \u00ab\u00a0Le monde scientifique et M\u00e9t\u00e9o-France utilisent des d\u00e9finitions l\u00e9g\u00e8rement diff\u00e9rentes. Mais ce qu\u2019il faut retenir, c\u2019est qu\u2019on consid\u00e8re une vague de chaleur quand les temp\u00e9ratures moyennes nationales atteignent des niveaux extr\u00eames pendant une certaine p\u00e9riode de temps, par exemple trois jours\u00a0\u00bb, explique Robin Noyelle.<\/p>\n<p>Pour les \u00e9v\u00e9nements les plus importants, deux ph\u00e9nom\u00e8nes jouent un r\u00f4le crucial : la pr\u00e9sence d\u2019un anticyclone stationnaire, et le niveau d\u2019humidit\u00e9 du sol. L\u2019anticyclone fait surchauffer l\u2019air en augmentant la pression atmosph\u00e9rique et en plaquant la chaleur sur des milliers de kilom\u00e8tres carr\u00e9s pendant plusieurs jours. Pour contrebalancer, l\u2019humidit\u00e9 du sol peut permettre de rafra\u00eechir l\u2019air gr\u00e2ce \u00e0 l\u2019\u00e9vapotranspiration des plantes. Mais si le sol est sec, l\u2019\u00e9nergie du soleil se transforme directement en chaleur, ce qui fait grimper le thermom\u00e8tre.<\/p>\n<p><strong>Une profusion inattendue d\u2019anticyclones<\/strong><\/p>\n<p>Si les vagues de chaleurs se multiplient en France, c\u2019est bien s\u00fbr car les temp\u00e9ratures moyennes sont de plus en plus importantes \u00e0 cause du r\u00e9chauffement climatique. Mais aussi car depuis les ann\u00e9es 2000, un nombre inattendu d\u2019anticyclones stationnaires frappe l\u2019Europe de l\u2019Ouest. Les fameuses situations de \u00ab\u00a0blocage en om\u00e9ga\u00a0\u00bb, de \u00ab\u00a0plume de chaleur\u00a0\u00bb ou de \u00ab\u00a0d\u00f4me de chaleur\u00a0\u00bb que l\u2019on peut entendre aux infos, qui chassent durant l\u2019\u00e9t\u00e9 les nuages, augmentent la pression de l\u2019air et font surchauffer temporairement le territoire fran\u00e7ais.<\/p>\n<p><img loading=\"lazy\" decoding=\"async\" width=\"1822\" height=\"512\" src=\"https:\/\/www.natura-sciences.com\/wp-content\/uploads\/2025\/07\/anticyclone-blocage.jpg\" alt=\"\" class=\"wp-image-40998 jetpack-lazy-image\" style=\"width:1008px;height:auto\" data-lazy- data-lazy- data-lazy-src=\"https:\/\/www.europesays.com\/fr\/wp-content\/uploads\/2025\/07\/anticyclone-blocage.jpg\" \/>Les anticyclones de \u00ab\u00a0blocage\u00a0\u00bb peuvent fixer la chaleur sur une zone pendant des jours. \/\/Cr\u00e9dit : M\u00e9t\u00e9o France<\/p>\n<p>Et \u00e7a, les mod\u00e8les ne le pr\u00e9voyaient pas. \u00ab\u00a0On ne comprend pas encore bien la m\u00e9canique derri\u00e8re la formation des anticyclones \u2018de blocage\u2019, donc c\u2019est compliqu\u00e9 de comprendre pourquoi il y en a de plus en plus\u00a0\u00bb, souligne Robin Noyelle. Les scientifiques n\u2019ont pas non plus \u00e9tabli un lien clair avec le changement climatique : \u00ab\u00a0L\u2019augmentation des anticyclones \u201cde blocage\u201d en Europe de l\u2019Ouest peut \u00eatre une variation naturelle temporaire du syst\u00e8me climatique, tout comme il peut \u00eatre li\u00e9 au changement du climat. C\u2019est un point sur lequel les scientifiques travaillent, mais qu\u2019ils n\u2019ont pas pu encore trancher\u00a0\u00bb, admet le chercheur.<\/p>\n<p><strong>La puissance des vagues de chaleur elle aussi sous-estim\u00e9e<\/strong><\/p>\n<p>En plus de la fr\u00e9quence, les mod\u00e8les climatiques sous-estiment aussi la puissance des vagues de chaleur en Europe de l\u2019Ouest. C\u2019est la conclusion d\u2019une <a href=\"https:\/\/www.nature.com\/articles\/s41467-023-42143-3.pdf\" rel=\"nofollow noopener\" target=\"_blank\">\u00e9tude parue dans la revue Nature communications<\/a> en 2023, dirig\u00e9e par Robert Vautard, climatologue au CNRS et copr\u00e9sident du groupe de travail n\u00b01 du Giec (Groupe intergouvernemental des experts sur le climat). \u00ab\u00a0Dans les 170 simulations disponibles provenant de 32 mod\u00e8les diff\u00e9rents que nous avons analys\u00e9s, aucune ne pr\u00e9sente une tendance \u00e0 la chaleur induite par la circulation atmosph\u00e9rique aussi importante que celle observ\u00e9e\u00a0\u00bb, peut-on lire dans le rapport.<\/p>\n<p><strong>Lire aussi : <a href=\"https:\/\/www.natura-sciences.com\/s-adapter\/vagues-de-chaleur-solution-rafraichir-villes.html\" rel=\"nofollow noopener\" target=\"_blank\">Vagues de chaleur : des solutions pour rafra\u00eechir les villes de 4,5\u00b0C<\/a><\/strong><\/p>\n<p>Comment expliquer cette incapacit\u00e9 \u00e0 pr\u00e9voir les temp\u00e9ratures les plus extr\u00eames ? \u00a0\u00ab\u00a0Les mod\u00e8les climatiques sont des outils remarquables, et ils ont parfaitement reproduit nos observations \u00e0 l\u2019\u00e9chelle mondiale, souligne Kai Kornhuber, de l\u2019Institut international d\u2019analyse des syst\u00e8mes appliqu\u00e9s de Vienne, en Autriche, interview\u00e9 dans un<a href=\"https:\/\/www.pnas.org\/post\/podcast\/modeling-extreme-heat-waves\" rel=\"nofollow noopener\" target=\"_blank\"> podcast de la revue PNAS<\/a>. Mais plus on vise une approche r\u00e9gionale et plus les risques deviennent extr\u00eames, plus il est difficile pour les mod\u00e8les climatiques de reproduire ce type de ph\u00e9nom\u00e8nes.\u00a0\u00bb<\/p>\n<p><strong>Au niveau local, des param\u00e8tres m<\/strong>al<strong> pris en compte<\/strong><\/p>\n<p>En Europe de l\u2019Ouest, les mod\u00e8les climatiques auraient notamment du mal \u00e0 prendre en compte les r\u00e9troactions avec la s\u00e9cheresse du sol. Plus le sol manque d\u2019eau, plus les temp\u00e9ratures sont importantes, car un sol humide permet de faire baisser le thermom\u00e8tre. \u00ab\u00a0En temps normal, le couplage sol-atmosph\u00e8re n\u2019a pas une grande importance pour mod\u00e9liser efficacement les temp\u00e9ratures. Mais quand il fait tr\u00e8s chaud, le couplage devient tr\u00e8s important, et la r\u00e9troaction locale est immense\u00a0\u00bb, d\u00e9taille Robin Noyelle. C\u2019est d\u2019ailleurs particuli\u00e8rement observable en France hexagonale. A cause du d\u00e9r\u00e8glement climatique, c\u2019est un territoire qui connait une baisse tr\u00e8s importante de l\u2019humidit\u00e9 de ses sols, ce qui explique l\u2019amplification des temp\u00e9ratures extr\u00eames \u00e0 des niveaux inattendus, car les mod\u00e8les climatiques prennent peu en compte cet enjeu local.<\/p>\n<p><strong>Lire aussi : <a href=\"https:\/\/www.natura-sciences.com\/decider\/desertification-risque-france.html#:~:text=En%20fait%20la%20d%C3%A9sertification%20c,possible%20de%20d%C3%A9sertifier%20un%20d%C3%A9sert.\" rel=\"nofollow noopener\" target=\"_blank\">La d\u00e9sertification, le nouveau risque environnemental qui frappe la France<\/a><\/strong><\/p>\n<p>\u00ab\u00a0Je re\u00e7ois \u00e9norm\u00e9ment de questions de la part de collectivit\u00e9s, car elles ont besoin de connaissances pr\u00e9cises pour pr\u00e9parer leurs installations aux chaleurs extr\u00eames, t\u00e9moigne Robin Noyelle. Voil\u00e0 pourquoi nous travaillons pour am\u00e9liorer au mieux nos syst\u00e8mes de mod\u00e9lisation du climat.\u00a0\u00bb En plus de diminuer les \u00e9missions de gaz \u00e0 effet de serre, l\u2019enjeu est maintenant de s\u2019adapter \u00e0 des chaleurs qu\u2019on attendait pas avant des dizaines d\u2019ann\u00e9es. Le chercheur ne veut pas tomber dans l\u2019amn\u00e9sie climatique. \u00ab\u00a0En 1976, pendant une des plus grandes s\u00e9cheresses du XXe si\u00e8cle, la temp\u00e9rature maximale mesur\u00e9e \u00e0 Paris \u00e9tait de 35\u00b0C. Depuis le d\u00e9but du XXIe si\u00e8cle, on a mesur\u00e9 d\u00e9j\u00e0 trois fois des temp\u00e9ratures sup\u00e9rieures \u00e0 40\u00b0C dans la capitale fran\u00e7aise.\u00a0\u00bb  <\/p>\n","protected":false},"excerpt":{"rendered":"La fr\u00e9quence et l\u2019intensit\u00e9 des vagues de chaleur observ\u00e9es en Europe de l\u2019Ouest d\u00e9passent ce qu\u2019anticipaient les mod\u00e8les&hellip;\n","protected":false},"author":2,"featured_media":221172,"comment_status":"","ping_status":"","sticky":false,"template":"","format":"standard","meta":{"footnotes":""},"categories":[5],"tags":[11,35998,1011,27,14,12,5140,28],"class_list":{"0":"post-221171","1":"post","2":"type-post","3":"status-publish","4":"format-standard","5":"has-post-thumbnail","7":"category-international","8":"tag-actualites","9":"tag-etudes-scientifiques","10":"tag-fr","11":"tag-france","12":"tag-international","13":"tag-news","14":"tag-rechauffement-climatique","15":"tag-world"},"share_on_mastodon":{"url":"https:\/\/pubeurope.com\/@fr\/114784787812955097","error":""},"_links":{"self":[{"href":"https:\/\/www.europesays.com\/fr\/wp-json\/wp\/v2\/posts\/221171","targetHints":{"allow":["GET"]}}],"collection":[{"href":"https:\/\/www.europesays.com\/fr\/wp-json\/wp\/v2\/posts"}],"about":[{"href":"https:\/\/www.europesays.com\/fr\/wp-json\/wp\/v2\/types\/post"}],"author":[{"embeddable":true,"href":"https:\/\/www.europesays.com\/fr\/wp-json\/wp\/v2\/users\/2"}],"replies":[{"embeddable":true,"href":"https:\/\/www.europesays.com\/fr\/wp-json\/wp\/v2\/comments?post=221171"}],"version-history":[{"count":0,"href":"https:\/\/www.europesays.com\/fr\/wp-json\/wp\/v2\/posts\/221171\/revisions"}],"wp:featuredmedia":[{"embeddable":true,"href":"https:\/\/www.europesays.com\/fr\/wp-json\/wp\/v2\/media\/221172"}],"wp:attachment":[{"href":"https:\/\/www.europesays.com\/fr\/wp-json\/wp\/v2\/media?parent=221171"}],"wp:term":[{"taxonomy":"category","embeddable":true,"href":"https:\/\/www.europesays.com\/fr\/wp-json\/wp\/v2\/categories?post=221171"},{"taxonomy":"post_tag","embeddable":true,"href":"https:\/\/www.europesays.com\/fr\/wp-json\/wp\/v2\/tags?post=221171"}],"curies":[{"name":"wp","href":"https:\/\/api.w.org\/{rel}","templated":true}]}}