{"id":221173,"date":"2025-07-02T17:20:15","date_gmt":"2025-07-02T17:20:15","guid":{"rendered":"https:\/\/www.europesays.com\/fr\/221173\/"},"modified":"2025-07-02T17:20:15","modified_gmt":"2025-07-02T17:20:15","slug":"avant-la-greve-des-controleurs-aeriens-cette-phrase-du-ministre-des-transports-naugure-rien-de-bon","status":"publish","type":"post","link":"https:\/\/www.europesays.com\/fr\/221173\/","title":{"rendered":"Avant la gr\u00e8ve des contr\u00f4leurs a\u00e9riens, cette phrase du ministre des Transports n\u2019augure rien de bon"},"content":{"rendered":"<p>        <img decoding=\"async\" loading=\"lazy\" src=\"https:\/\/www.europesays.com\/fr\/wp-content\/uploads\/2025\/07\/5508725_1715194556904-000-33vd3bm.jpg\"  width=\"728\" height=\"410\" alt=\"Un quart des vols devraient \u00eatre annul\u00e9s ce jeudi 3\u00a0juillet 2025\u00a0dans les a\u00e9roports parisiens en raison de la gr\u00e8ve des contr\u00f4leurs a\u00e9riens.\"\/>  <\/p>\n<p>DANIEL SLIM \/ AFP<\/p>\n<p>Un quart des vols devraient \u00eatre annul\u00e9s ce jeudi 3\u00a0juillet 2025\u00a0dans les a\u00e9roports parisiens en raison de la gr\u00e8ve des contr\u00f4leurs a\u00e9riens.<\/p>\n<p class=\"asset asset-text\">FRANCE &#8211; Le d\u00e9but d\u2019un bras de fer dans <a href=\"https:\/\/www.huffingtonpost.fr\/france\/article\/les-difficultes-continuent-a-l-aeroport-d-orly-encore-des-annulations-ce-lundi_250205.html\" target=\"_blank\" rel=\"noopener\">les a\u00e9roports fran\u00e7ais<\/a>\u00a0? Le ministre des\u00a0Transports, Philippe Tabarot, a exclu ce mercredi 2\u00a0juillet de c\u00e9der aux revendications de syndicats de contr\u00f4leurs a\u00e9riens, qualifi\u00e9es d\u2019\u00ab\u00a0inacceptables\u00a0\u00bb. De quoi faire craindre un enlisement de la situation \u00e0 la veille du <a href=\"https:\/\/www.huffingtonpost.fr\/economie\/article\/ces-professionnels-de-l-aviation-menacent-de-faire-greve-au-pire-moment_251701.html\" target=\"_blank\" rel=\"noopener\">d\u00e9but d\u2019une gr\u00e8ve<\/a> qui devrait entra\u00eener d\u2019importantes perturbations juste avant <a href=\"https:\/\/www.huffingtonpost.fr\/life\/article\/faire-manquer-l-ecole-a-ses-enfants-pour-partir-plus-tot-en-vacances-n-est-pas-sans-risque-voici-ce-que-dit-la-loi-clx1_251792.html\" target=\"_blank\" rel=\"noopener\">les vacances scolaires<\/a>.<\/p>\n<p class=\"asset asset-text\">\u00ab\u00a0Je sais combien ces mouvements de gr\u00e8ve sont co\u00fbteux pour vos compagnies a\u00e9riennes\u00a0\u00bb, a affirm\u00e9 Philippe Tabarot en cl\u00f4turant \u00e0 Paris le congr\u00e8s annuel de la F\u00e9d\u00e9ration nationale de l\u2019aviation et de ses m\u00e9tiers (Fnam), porte-voix du secteur. \u00ab\u00a0Les revendications port\u00e9es par des syndicats minoritaires sont inacceptables, tout comme le choix de faire cette gr\u00e8ve au moment des grands d\u00e9parts en cong\u00e9s\u00a0\u00bb, a ajout\u00e9 le ministre des Transports.<\/p>\n<p class=\"asset asset-text\">Le trafic devrait ainsi \u00eatre tr\u00e8s perturb\u00e9 ce jeudi dans les a\u00e9roports parisiens et du sud de la France, apr\u00e8s un appel \u00e0 la gr\u00e8ve de deux syndicats\u00a0d\u2019aiguilleurs du ciel pour d\u00e9fendre leurs conditions de travail. La Direction g\u00e9n\u00e9rale de l\u2019aviation civile (DGAC) a demand\u00e9 ce mardi aux compagnies de r\u00e9duire fortement leurs programmes de vols face \u00e0 ce mouvement social\u00a0: un quart des liaisons ont ainsi \u00e9t\u00e9 annul\u00e9es jeudi \u00e0 Paris-Charles-de-Gaulle, Orly et Beauvais, la moiti\u00e9 \u00e0 Nice, Bastia et Calvi et 30\u00a0% \u00e0 Lyon, Marseille, Montpellier, Ajaccio et Figari.<\/p>\n<p class=\"asset asset-text\">Pour la journ\u00e9e de vendredi, le trafic sera encore tr\u00e8s affect\u00e9. La DGAC a ainsi demand\u00e9 aux compagnies a\u00e9riennes de r\u00e9duire de 30\u00a0% leurs vols aux a\u00e9roports de Lyon, Marseille, Montpellier, Ajaccio, Bastia, Calvi et Figari. Ce nombre monte m\u00eame \u00e0 40\u00a0% aux a\u00e9roports parisiens (Roissy, Orly et Beauvais), et reste \u00e0 50\u00a0% \u00e0 Nice.<\/p>\n<p class=\"asset asset-text\">De source proche du dossier, l\u2019aviation d\u2019affaires sera aussi tr\u00e8s affect\u00e9e par ce conflit. \u00ab\u00a0Je suis r\u00e9solu \u00e0 tenir bon face \u00e0 ce mouvement et notamment face \u00e0 la demande d\u2019abandon d\u2019un certain nombre de dispositions qui avaient pourtant \u00e9t\u00e9 act\u00e9es et qui ne sont pas respect\u00e9es\u00a0\u00bb, a martel\u00e9 le ministre.<\/p>\n<p>    \u00ab\u00a0Je suis r\u00e9solu \u00e0 tenir bon\u00a0\u00bb    <\/p>\n<p class=\"asset asset-text\">\u00ab\u00a0Je pense notamment \u00e0 la demande d\u2019abandon de pointeuses pour les contr\u00f4leurs\u00a0\u00bb, a poursuivi Philippe Tabarot, voyant dans cette revendication \u00ab\u00a0un symbole\u00a0\u00bb de la volont\u00e9 des syndicats appelant \u00e0 la gr\u00e8ve \u00ab\u00a0d\u2019accomplir ou de ne pas accomplir leur travail comme ils devraient le faire\u00a0\u00bb.<\/p>\n<p class=\"asset asset-text\">Une r\u00e9forme est en cours pour \u00e9tablir un pointage des contr\u00f4leurs \u00e0 la prise de poste, \u00e0 la suite d\u2019un \u00ab\u00a0incident grave\u00a0\u00bb \u00e0 l\u2019a\u00e9roport de Bordeaux fin 2022, quand deux avions avaient failli entrer en collision.\u00a0Le Bureau d\u2019enqu\u00eates et d\u2019analyses pour la s\u00e9curit\u00e9 de l\u2019aviation civile (BEA) en a fait peser la responsabilit\u00e9 sur une organisation d\u00e9faillante du travail de contr\u00f4leurs, sans respect du tableau de service.<\/p>\n<p class=\"asset asset-text\">\u00ab\u00a0Il en va de la s\u00e9curit\u00e9 des vols et du s\u00e9rieux de la profession, et je ne c\u00e9derai pas sur cette r\u00e9forme indispensable qui a \u00e9t\u00e9 engag\u00e9e depuis un certain nombre de mois\u00a0\u00bb, a soulign\u00e9 Philippe Tabarot. Avant lui, le pr\u00e9sident de la Fnam, Pascal de Izaguirre, avait jug\u00e9 \u00ab\u00a0tout \u00e0 fait incompr\u00e9hensibles\u00a0\u00bb les appels \u00e0 la gr\u00e8ve de contr\u00f4leurs.<\/p>\n<p class=\"asset asset-text\">C\u00f4t\u00e9 compagnies, Air France a confirm\u00e9 avoir \u00e9t\u00e9 \u00ab\u00a0contrainte d\u2019adapter son programme de vols\u00a0\u00bb, sans pr\u00e9ciser le nombre d\u2019annulations, mais soulign\u00e9 que son r\u00e9seau long-courrier ne serait pas affect\u00e9.<\/p>\n<p>    Les long-courriers d\u2019Air France \u00e9pargn\u00e9s    <\/p>\n<p class=\"asset asset-text\">Comme elle, sa filiale low-cost Transavia a indiqu\u00e9 que ses clients concern\u00e9s \u00e9taient inform\u00e9s individuellement et que \u00ab\u00a0des mesures commerciales\u00a0\u00bb permettraient \u00ab\u00a0un report du voyage sans frais ou un remboursement int\u00e9gral\u00a0\u00bb.<\/p>\n<p class=\"asset asset-text\">EasyJet, qui a elle aussi annonc\u00e9 des mesures commerciales, s\u2019est dite \u00ab\u00a0profond\u00e9ment d\u00e9\u00e7u(e) par cette gr\u00e8ve, en particulier au vu de la performance actuelle du contr\u00f4le a\u00e9rien fran\u00e7ais, qui est la principale cause des retards dans l\u2019espace a\u00e9rien europ\u00e9en cet \u00e9t\u00e9\u00a0\u00bb.<\/p>\n<p class=\"asset asset-text\">Apr\u00e8s deux r\u00e9unions de \u00ab\u00a0conciliation\u00a0\u00bb infructueuses avec la DGAC, le deuxi\u00e8me syndicat d\u2019aiguilleurs du ciel (17\u00a0% des voix aux derni\u00e8res \u00e9lections professionnelles), l\u2019UNSA-ICNA, a maintenu son appel \u00e0 la gr\u00e8ve jeudi et vendredi. Il a cit\u00e9 parmi ses griefs un \u00ab\u00a0sous-effectif structurel\u00a0\u00bb, des \u00ab\u00a0projets techniques en \u00e9chec\u00a0\u00bb et un \u00ab\u00a0management toxique\u00a0\u00bb.<\/p>\n<p class=\"asset asset-text\">Le troisi\u00e8me syndicat de contr\u00f4leurs, l\u2019USAC-CGT (16\u00a0% des suffrages) a rejoint le mouvement mais appel\u00e9 \u00e0 la gr\u00e8ve seulement pour ce jeudi.\u00a0Le premier syndicat, le SNCTA (60\u00a0% des voix), a indiqu\u00e9 \u00e0 l\u2019AFP ne pas appeler \u00e0 la gr\u00e8ve. Selon une source proche du dossier, 270 contr\u00f4leurs a\u00e9riens sur quelque 1\u00a0400 se sont d\u00e9clar\u00e9s gr\u00e9vistes ce jeudi.<\/p>\n","protected":false},"excerpt":{"rendered":"DANIEL SLIM \/ AFP Un quart des vols devraient \u00eatre annul\u00e9s ce jeudi 3\u00a0juillet 2025\u00a0dans les a\u00e9roports parisiens&hellip;\n","protected":false},"author":2,"featured_media":221174,"comment_status":"","ping_status":"","sticky":false,"template":"","format":"standard","meta":{"footnotes":""},"categories":[4],"tags":[11,663,35999,36000,1011,27,6151,11639,12,25],"class_list":{"0":"post-221173","1":"post","2":"type-post","3":"status-publish","4":"format-standard","5":"has-post-thumbnail","7":"category-france","8":"tag-actualites","9":"tag-aeroport","10":"tag-aeroport-d-orly","11":"tag-aeroport-roissy-charles-de-gaulle-cdg","12":"tag-fr","13":"tag-france","14":"tag-greve","15":"tag-mouvement-social","16":"tag-news","17":"tag-republique-francaise"},"share_on_mastodon":{"url":"https:\/\/pubeurope.com\/@fr\/114784791737554319","error":""},"_links":{"self":[{"href":"https:\/\/www.europesays.com\/fr\/wp-json\/wp\/v2\/posts\/221173","targetHints":{"allow":["GET"]}}],"collection":[{"href":"https:\/\/www.europesays.com\/fr\/wp-json\/wp\/v2\/posts"}],"about":[{"href":"https:\/\/www.europesays.com\/fr\/wp-json\/wp\/v2\/types\/post"}],"author":[{"embeddable":true,"href":"https:\/\/www.europesays.com\/fr\/wp-json\/wp\/v2\/users\/2"}],"replies":[{"embeddable":true,"href":"https:\/\/www.europesays.com\/fr\/wp-json\/wp\/v2\/comments?post=221173"}],"version-history":[{"count":0,"href":"https:\/\/www.europesays.com\/fr\/wp-json\/wp\/v2\/posts\/221173\/revisions"}],"wp:featuredmedia":[{"embeddable":true,"href":"https:\/\/www.europesays.com\/fr\/wp-json\/wp\/v2\/media\/221174"}],"wp:attachment":[{"href":"https:\/\/www.europesays.com\/fr\/wp-json\/wp\/v2\/media?parent=221173"}],"wp:term":[{"taxonomy":"category","embeddable":true,"href":"https:\/\/www.europesays.com\/fr\/wp-json\/wp\/v2\/categories?post=221173"},{"taxonomy":"post_tag","embeddable":true,"href":"https:\/\/www.europesays.com\/fr\/wp-json\/wp\/v2\/tags?post=221173"}],"curies":[{"name":"wp","href":"https:\/\/api.w.org\/{rel}","templated":true}]}}