{"id":221175,"date":"2025-07-02T17:21:11","date_gmt":"2025-07-02T17:21:11","guid":{"rendered":"https:\/\/www.europesays.com\/fr\/221175\/"},"modified":"2025-07-02T17:21:11","modified_gmt":"2025-07-02T17:21:11","slug":"melenchon-demande-au-president-algerien-de-gracier-boualem-sansal-mais-aussi-christophe-gleizes","status":"publish","type":"post","link":"https:\/\/www.europesays.com\/fr\/221175\/","title":{"rendered":"M\u00e9lenchon demande au pr\u00e9sident alg\u00e9rien de gracier Boualem Sansal, mais aussi Christophe Gleizes"},"content":{"rendered":"<p>Le chef des Insoumis a appel\u00e9 \u00e0 la lib\u00e9ration de l\u2019\u00e9crivain Boualem Sansal et du journaliste sportif Christophe Gleizes, condamn\u00e9s respectivement \u00e0 cinq et sept ans de prison en Alg\u00e9rie.<\/p>\n<p class=\"fig-paragraph\"><a href=\"http:\/\/www.lefigaro.fr\/politique\/entre-raphael-glucksmann-et-jean-luc-melenchon-le-match-qui-vient-a-gauche-20250701\" data-fig-type=\"Article\" data-gtm-custom-categorie=\"navigation\" data-gtm-custom-action=\"crossclick\" data-gtm-custom-label=\"Contextuel\" data-gtm-event=\"customEventSPE\" data-fig-domain=\"LEFIGARO\" target=\"_blank\" rel=\"noopener\">Jean-Luc M\u00e9lenchon<\/a>\u00a0appelle \u00e0 la lib\u00e9ration de l\u2019\u00e9crivain\u00a0<a href=\"http:\/\/www.lefigaro.fr\/actualite-france\/dossier\/detention-de-boualem-sansal-en-algerie-notre-dossier-pour-tout-comprendre\" data-fig-type=\"Topic\" data-gtm-custom-categorie=\"navigation\" data-gtm-custom-action=\"crossclick\" data-gtm-custom-label=\"Contextuel\" data-gtm-event=\"customEventSPE\" data-fig-domain=\"LEFIGARO\" target=\"_blank\" rel=\"noopener\">Boualem Sansal<\/a>\u00a0et du journaliste sportif\u00a0<a href=\"http:\/\/www.lefigaro.fr\/international\/il-a-ete-condamne-pour-avoir-fait-son-travail-sept-ans-de-prison-pour-le-journaliste-sportif-christophe-gleizes-20250630\" data-fig-type=\"Article\" data-gtm-custom-categorie=\"navigation\" data-gtm-custom-action=\"crossclick\" data-gtm-custom-label=\"Contextuel\" data-gtm-event=\"customEventSPE\" data-fig-domain=\"LEFIGARO\" target=\"_blank\" rel=\"noopener\">Christophe Gleizes<\/a>, d\u00e9tenus en Alg\u00e9rie. Trois jours apr\u00e8s la\u00a0<a href=\"http:\/\/www.lefigaro.fr\/sports\/football\/un-journaliste-francais-du-magazine-so-foot-condamne-a-sept-ans-de-prison-ferme-en-algerie-pour-apologie-du-terrorisme-20250629\" data-fig-type=\"NewsFlash\" data-gtm-custom-categorie=\"navigation\" data-gtm-custom-action=\"crossclick\" data-gtm-custom-label=\"Contextuel\" data-gtm-event=\"customEventSPE\" data-fig-domain=\"LEFIGARO\" target=\"_blank\" rel=\"noopener\">condamnation du reporter fran\u00e7ais \u00e0 sept ans de prison<\/a>, pour \u00abapologie du terrorisme\u00bb et \u00abpossession de publications dans un but de propagande nuisant \u00e0 l\u2019int\u00e9r\u00eat national\u00bb, le chef des Insoumis a r\u00e9agi \u00e0 ce sujet sur X ce mercredi 2 juillet. \u00abMais savez-vous que le journaliste sportif Christophe Gleizes est en prison depuis un an en Alg\u00e9rie\u00a0? Le silence fran\u00e7ais \u00e0 g\u00e9om\u00e9trie variable l\u2019a invisibilis\u00e9. Il est temps de se r\u00e9veiller\u00a0!\u00bb, a-t-il introduit dans son post.\u00a0Avant de poursuivre\u00a0: \u00abNous, les Insoumis, qui avons toujours recherch\u00e9 une solution mutuellement respectueuse aux probl\u00e8mes des relations avec le gouvernement alg\u00e9rien, nous ne comprenons pas cette condamnation \u00e0 sept ans de prison\u00a0!\u00bb<\/p>\n<p class=\"fig-paragraph\">Christophe Gleizes, sp\u00e9cialiste du football africain, est accus\u00e9 par la justice alg\u00e9rienne d\u2019\u00eatre entr\u00e9 sur le territoire avec un simple visa de touriste pour y accomplir un travail de journaliste, violant ainsi la loi. Il s\u2019\u00e9tait rendu en Alg\u00e9rie pour r\u00e9aliser un reportage sur\u00a0\u00ables heures de gloire\u00bb\u00a0de l\u2019un des clubs les plus importants du pays, la Jeunesse sportive de Kabylie (JSK), pr\u00e9cise dans un communiqu\u00e9 RSF.<\/p>\n<p>                                    <a class=\"fig-a11y-skip a11y-hidden\" href=\"#fig-a11y-skip-main-inarticle\"><br \/>\n        Passer la publicit\u00e9<br \/>\n    <\/a><\/p>\n<p>\u00abIl faut tourner la page\u00bb<\/p>\n<p class=\"fig-paragraph\">Dans la foul\u00e9e, Jean-Luc M\u00e9lenchon a demand\u00e9 au pr\u00e9sident alg\u00e9rien\u00a0<a href=\"http:\/\/www.lefigaro.fr\/politique\/la-france-demande-au-president-tebboune-une-grace-humanitaire-de-boualem-sansal-annonce-sophie-primas-20250702\" data-fig-type=\"NewsFlash\" data-gtm-custom-categorie=\"navigation\" data-gtm-custom-action=\"crossclick\" data-gtm-custom-label=\"Contextuel\" data-gtm-event=\"customEventSPE\" data-fig-domain=\"LEFIGARO\" target=\"_blank\" rel=\"noopener\">Abdelmadjid Tebboune<\/a>\u00a0\u00abd\u2019user de ses pouvoirs constitutionnels\u00bb pour \u00abnous renvoyer notre compatriote\u00bb. Outre le cas de Christophe Gleizes, le patron de LFI a \u00e9galement appel\u00e9 \u00e0 lib\u00e9rer l\u2019\u00e9crivain franco-alg\u00e9rien de 80 ans\u00a0<a href=\"http:\/\/www.lefigaro.fr\/international\/algerie-boualem-sansal-a-nouveau-condamne-l-issue-politique-negociee-reste-possible-20250701\" data-fig-type=\"NewsFlash\" data-gtm-custom-categorie=\"navigation\" data-gtm-custom-action=\"crossclick\" data-gtm-custom-label=\"Contextuel\" data-gtm-event=\"customEventSPE\" data-fig-domain=\"LEFIGARO\" target=\"_blank\" rel=\"noopener\">Boualem Sansal, condamn\u00e9 en appel ce mardi 1er juillet<\/a>\u00a0\u00e0 cinq ans de prison ferme et 500.000 dinars d\u2019amende (environ 3500 euros) pour \u00abatteinte \u00e0 l\u2019unit\u00e9 nationale\u00bb, \u00aboutrage \u00e0 corps constitu\u00e9\u00bb, \u00abpratiques de nature \u00e0 nuire \u00e0 l\u2019\u00e9conomie nationale\u00bb et \u00abd\u00e9tention de publications mena\u00e7ant la s\u00e9curit\u00e9 du pays\u00bb.<\/p>\n<p class=\"fig-paragraph\">Pour Jean-Luc M\u00e9lenchon, ni Christophe Gleizes, ni Boualem Sansal, respectivement d\u00e9tenus depuis 13 mois et 7 mois et demi, \u00abne repr\u00e9sentent quelque danger que ce soit pour l\u2019Alg\u00e9rie\u00bb. \u00abLeur maintien en d\u00e9tention est une crispation inutile entre nos pays et une s\u00e9v\u00e9rit\u00e9 cruelle\u00bb, a-t-il ajout\u00e9.<\/p>\n<p class=\"fig-paragraph\">\u00abL\u2019Alg\u00e9rie et la France doivent pouvoir vivre sans heurts. C\u2019est le souhait de la majorit\u00e9 des Fran\u00e7ais. Je crois que sans doute les Alg\u00e9riens le veulent aussi. Il faut tourner la page. C\u2019est le plus mutuellement profitable pour nos peuples\u00bb, a finalement conclu le patron des Insoumis.<\/p>\n","protected":false},"excerpt":{"rendered":"Le chef des Insoumis a appel\u00e9 \u00e0 la lib\u00e9ration de l\u2019\u00e9crivain Boualem Sansal et du journaliste sportif Christophe&hellip;\n","protected":false},"author":2,"featured_media":221176,"comment_status":"","ping_status":"","sticky":false,"template":"","format":"standard","meta":{"footnotes":""},"categories":[2],"tags":[11,15,4142,1011,27,3081,12],"class_list":{"0":"post-221175","1":"post","2":"type-post","3":"status-publish","4":"format-standard","5":"has-post-thumbnail","7":"category-actualites","8":"tag-actualites","9":"tag-algerie","10":"tag-boualem-sansal","11":"tag-fr","12":"tag-france","13":"tag-jean-luc-melenchon","14":"tag-news"},"share_on_mastodon":{"url":"https:\/\/pubeurope.com\/@fr\/114784795581282932","error":""},"_links":{"self":[{"href":"https:\/\/www.europesays.com\/fr\/wp-json\/wp\/v2\/posts\/221175","targetHints":{"allow":["GET"]}}],"collection":[{"href":"https:\/\/www.europesays.com\/fr\/wp-json\/wp\/v2\/posts"}],"about":[{"href":"https:\/\/www.europesays.com\/fr\/wp-json\/wp\/v2\/types\/post"}],"author":[{"embeddable":true,"href":"https:\/\/www.europesays.com\/fr\/wp-json\/wp\/v2\/users\/2"}],"replies":[{"embeddable":true,"href":"https:\/\/www.europesays.com\/fr\/wp-json\/wp\/v2\/comments?post=221175"}],"version-history":[{"count":0,"href":"https:\/\/www.europesays.com\/fr\/wp-json\/wp\/v2\/posts\/221175\/revisions"}],"wp:featuredmedia":[{"embeddable":true,"href":"https:\/\/www.europesays.com\/fr\/wp-json\/wp\/v2\/media\/221176"}],"wp:attachment":[{"href":"https:\/\/www.europesays.com\/fr\/wp-json\/wp\/v2\/media?parent=221175"}],"wp:term":[{"taxonomy":"category","embeddable":true,"href":"https:\/\/www.europesays.com\/fr\/wp-json\/wp\/v2\/categories?post=221175"},{"taxonomy":"post_tag","embeddable":true,"href":"https:\/\/www.europesays.com\/fr\/wp-json\/wp\/v2\/tags?post=221175"}],"curies":[{"name":"wp","href":"https:\/\/api.w.org\/{rel}","templated":true}]}}