{"id":221177,"date":"2025-07-02T17:22:21","date_gmt":"2025-07-02T17:22:21","guid":{"rendered":"https:\/\/www.europesays.com\/fr\/221177\/"},"modified":"2025-07-02T17:22:21","modified_gmt":"2025-07-02T17:22:21","slug":"saint-etienne-cret-de-roc-la-friche-desjoyaux-est-a-la-fete-ce-week-end","status":"publish","type":"post","link":"https:\/\/www.europesays.com\/fr\/221177\/","title":{"rendered":"Saint-\u00c9tienne\/Cr\u00eat-de-Roc. La Friche Desjoyaux est \u00e0 la f\u00eate, ce week-end"},"content":{"rendered":"<p>Le temps d\u2019un week-end, la friche Desjoyaux va retrouver de la vie.<\/p>\n<p>Vendredi et samedi, elle accueillera la troisi\u00e8me \u00e9dition du festival Friche en f\u00eate, organis\u00e9 par Les Rigoles, Giddy up et l\u2019Amicale la\u00efque du Cr\u00eat-de-Roc. \u00ab\u00a0L\u2019objectif est d\u2019occuper des espaces d\u00e9laiss\u00e9s et en attente d\u2019un projet, avance Laurence Fournel, de l\u2019Amicale la\u00efque. On veut proposer un temps culturel et festif, au c\u0153ur du quartier, pour&#8230;<\/p>\n","protected":false},"excerpt":{"rendered":"Le temps d\u2019un week-end, la friche Desjoyaux va retrouver de la vie. Vendredi et samedi, elle accueillera la&hellip;\n","protected":false},"author":2,"featured_media":221178,"comment_status":"","ping_status":"","sticky":false,"template":"","format":"standard","meta":{"footnotes":""},"categories":[9653],"tags":[1111,11,2430,1687,7539,1777,674,3326,1011,27,12,25,4001,7538],"class_list":{"0":"post-221177","1":"post","2":"type-post","3":"status-publish","4":"format-standard","5":"has-post-thumbnail","7":"category-saint-etienne","8":"tag-actu","9":"tag-actualites","10":"tag-auvergne-rhone-alpes","11":"tag-culture-loisirs","12":"tag-edition-loire-sud","13":"tag-eu","14":"tag-europe","15":"tag-fete-locale","16":"tag-fr","17":"tag-france","18":"tag-news","19":"tag-republique-francaise","20":"tag-saint-etienne","21":"tag-saint-etienne-ville"},"share_on_mastodon":{"url":"https:\/\/pubeurope.com\/@fr\/114784799676075421","error":""},"_links":{"self":[{"href":"https:\/\/www.europesays.com\/fr\/wp-json\/wp\/v2\/posts\/221177","targetHints":{"allow":["GET"]}}],"collection":[{"href":"https:\/\/www.europesays.com\/fr\/wp-json\/wp\/v2\/posts"}],"about":[{"href":"https:\/\/www.europesays.com\/fr\/wp-json\/wp\/v2\/types\/post"}],"author":[{"embeddable":true,"href":"https:\/\/www.europesays.com\/fr\/wp-json\/wp\/v2\/users\/2"}],"replies":[{"embeddable":true,"href":"https:\/\/www.europesays.com\/fr\/wp-json\/wp\/v2\/comments?post=221177"}],"version-history":[{"count":0,"href":"https:\/\/www.europesays.com\/fr\/wp-json\/wp\/v2\/posts\/221177\/revisions"}],"wp:featuredmedia":[{"embeddable":true,"href":"https:\/\/www.europesays.com\/fr\/wp-json\/wp\/v2\/media\/221178"}],"wp:attachment":[{"href":"https:\/\/www.europesays.com\/fr\/wp-json\/wp\/v2\/media?parent=221177"}],"wp:term":[{"taxonomy":"category","embeddable":true,"href":"https:\/\/www.europesays.com\/fr\/wp-json\/wp\/v2\/categories?post=221177"},{"taxonomy":"post_tag","embeddable":true,"href":"https:\/\/www.europesays.com\/fr\/wp-json\/wp\/v2\/tags?post=221177"}],"curies":[{"name":"wp","href":"https:\/\/api.w.org\/{rel}","templated":true}]}}