{"id":221181,"date":"2025-07-02T17:24:41","date_gmt":"2025-07-02T17:24:41","guid":{"rendered":"https:\/\/www.europesays.com\/fr\/221181\/"},"modified":"2025-07-02T17:24:41","modified_gmt":"2025-07-02T17:24:41","slug":"cette-passerelle-en-forme-de-soucoupe-va-etre-construite-au-dessus-du-canal","status":"publish","type":"post","link":"https:\/\/www.europesays.com\/fr\/221181\/","title":{"rendered":"cette passerelle en forme de \u00ab\u00a0soucoupe\u00a0\u00bb va \u00eatre construite au-dessus du canal"},"content":{"rendered":"<p>            Par<br \/>\n        <strong><br \/>\n            <a href=\"https:\/\/actu.fr\/auteur\/pierre-emile-bouchy-actu-fr\" title=\"Consulter tous les articles de Paul-Emile Bouchy\" target=\"_blank\" rel=\"noopener\">Paul-Emile Bouchy<\/a><br \/>\n        <\/strong><\/p>\n<p>        Publi\u00e9 le<\/p>\n<p>            2 juil. 2025 \u00e0 17h10        <\/p>\n<p>D\u2019ici 2035, la M\u00e9tropole du Grand Nancy ambitionne d\u2019\u00eatre <a href=\"https:\/\/actu.fr\/grand-est\/nancy_54395\/le-grand-nancy-veut-devenir-une-metropole-100-cyclable-en-2035-voici-comment_61660798.html\" target=\"_blank\" rel=\"noopener\">un territoire \u00ab\u2009100\u2009% cyclable\u2009\u00bb<\/a>. Pour cela, de nombreux kilom\u00e8tres de <a href=\"https:\/\/actu.fr\/tag\/pistes-cyclables\" target=\"_blank\" rel=\"noopener\">pistes cyclables<\/a> vont \u00eatre cr\u00e9\u00e9s au sein de l\u2019agglom\u00e9ration avec notamment <strong>des axes structurants<\/strong>.<\/p>\n<p class=\" wall-content\">L\u2019un d\u2019entre eux, l\u2019axe est-ouest, reliera Villers-l\u00e8s-Nancy \u00e0 Essey et traversera le canal de la Marne au Rhin \u00e0 l\u2019aide d\u2019<a href=\"https:\/\/actu.fr\/grand-est\/nancy_54395\/nancy-une-passerelle-pour-pietons-et-cyclistes-va-etre-construite-au-dessus-du-canal-pres-du-kinepolis_61609566.html\" target=\"_blank\" rel=\"noopener\">une passerelle construite pr\u00e8s du Kinepolis<\/a>. On sait d\u00e9sormais \u00e0 quoi elle va ressembler.<\/p>\n<p>Une passerelle formant un cercle parfait<\/p>\n<p class=\" wall-content\">Annonc\u00e9e en septembre\u00a02024 par Mathieu Klein, pr\u00e9sident de la M\u00e9tropole, cette passerelle sera<strong> destin\u00e9e aux pi\u00e9tons et aux cyclistes<\/strong>. Venant de la rue Charles III, ils pourront rejoindre facilement la rue de Newcastle o\u00f9 <a href=\"https:\/\/actu.fr\/grand-est\/nancy_54395\/dans-cette-rue-de-nancy-les-voitures-ne-pourront-bientot-plus-doubler-les-velos-voici-pourquoi_62810324.html\" target=\"_blank\" rel=\"noopener\">les voitures ne pourront plus doubler les v\u00e9los <\/a>et <a href=\"https:\/\/actu.fr\/grand-est\/nancy_54395\/a-nancy-ce-boulevard-tres-frequente-va-etre-transforme-on-vous-presente-le-nouveau-projet_62788175.html\" target=\"_blank\" rel=\"noopener\">le boulevard d\u2019Austrasie transform\u00e9<\/a>.<\/p>\n<p class=\" wall-content\">Dessin\u00e9e par l\u2019architecte Thomas Lavigne, qui a notamment r\u00e9alis\u00e9 le <a href=\"https:\/\/actu.fr\/tag\/pont-chaban-delmas\" target=\"_blank\" rel=\"noopener\">pont Chaban-Delmas<\/a> \u00e0 Bordeaux ou r\u00e9cemment<strong> celui du Village olympique<\/strong>, cette passerelle aura <strong>la forme d\u2019un \u00ab\u2009cercle parfait\u2009\u00bb de 18\u00a0m\u00e8tres de diam\u00e8tre<\/strong>.<\/p>\n<p class=\" wall-content\">\u00ab\u2009On a un peu voulu <strong>faire des balcons sur le canal<\/strong>. Il y aura des bancs sur cette passerelle levante. On a souhait\u00e9 aussi que le levage de 2,80 m de hauteur soit un \u00e9v\u00e8nement\u2009\u00bb, explique l\u2019architecte. Ainsi, pour laisser passer les p\u00e9niches, <strong>la passerelle se l\u00e8vera \u00e0 l\u2019aide de quatre v\u00e9rins comme \u00ab\u2009une soucoupe\u2009\u00bb<\/strong>.<\/p>\n<p>    <img   decoding=\"async\" loading=\"lazy\" src=\"https:\/\/www.europesays.com\/fr\/wp-content\/uploads\/2025\/07\/nancy-canal-passerelle-pietons-960x640.jpg\" alt=\"La passerelle pourra \u00eatre emprunt\u00e9e par les cyclistes et les pi\u00e9tons.\" width=\"960\" height=\"640\"\/><br \/>\n    La passerelle pourra \u00eatre emprunt\u00e9e par les cyclistes et les pi\u00e9tons. (\u00a9Lavigne &amp; Ch\u00e9ron Architectes)Vid\u00e9os : en ce moment sur ActuOuverture pour la fin de l\u2019ann\u00e9e 2027<\/p>\n<p class=\" wall-content\">Pesant 140\u00a0tonnes, ce nouvel ouvrage d\u2019art va n\u00e9cessiter environ 18\u00a0mois de travaux. Le chantier d\u00e9butera au printemps 2026 pour <strong>une livraison esp\u00e9r\u00e9e pour la fin de l\u2019ann\u00e9e 2027<\/strong>.<\/p>\n<p class=\" wall-content\">Le co\u00fbt d\u2019investissement est de <strong>7\u00a0millions d\u2019euros<\/strong>. Durant le chantier, la circulation sur le canal devra \u00eatre momentan\u00e9ment coup\u00e9e \u00ab\u2009au moins le temps d\u2019un \u00e9t\u00e9\u2009\u00bb.<\/p>\n<p class=\" wall-content\">Suivez toute l\u2019actualit\u00e9 de vos villes et m\u00e9dias favoris en vous inscrivant \u00e0 <a href=\"https:\/\/moncompte.actu.fr\" title=\"D\u00e9couvez Mon Actu\" rel=\"nofollow noopener\" data-trk=\"{&quot;cta&quot;:{&quot;action&quot;:&quot;https:\\\/\\\/moncompte.actu.fr&quot;,&quot;category&quot;:&quot;mon compte&quot;,&quot;from&quot;:&quot;article footer&quot;,&quot;name&quot;:&quot;Mon actu&quot;,&quot;type&quot;:&quot;cta&quot;}}\" target=\"_blank\">Mon Actu<\/a>.<\/p>\n<ul class=\"ac-article-tag wall-content\">\n<li><a href=\"https:\/\/actu.fr\/tag\/pistes-cyclables\" data-trk=\"{&quot;cta&quot;:{&quot;action&quot;:&quot;Pistes cyclables&quot;,&quot;category&quot;:&quot;tag&quot;,&quot;from&quot;:&quot;article footer&quot;,&quot;name&quot;:&quot;Pistes cyclables&quot;,&quot;type&quot;:&quot;cta&quot;}}\" target=\"_blank\" rel=\"noopener\">#Pistes cyclables<\/a><\/li>\n<li><a href=\"https:\/\/actu.fr\/tag\/urbanisme\" data-trk=\"{&quot;cta&quot;:{&quot;action&quot;:&quot;Urbanisme&quot;,&quot;category&quot;:&quot;tag&quot;,&quot;from&quot;:&quot;article footer&quot;,&quot;name&quot;:&quot;Urbanisme&quot;,&quot;type&quot;:&quot;cta&quot;}}\" target=\"_blank\" rel=\"noopener\">#Urbanisme<\/a><\/li>\n<\/ul>\n","protected":false},"excerpt":{"rendered":"Par Paul-Emile Bouchy Publi\u00e9 le 2 juil. 2025 \u00e0 17h10 D\u2019ici 2035, la M\u00e9tropole du Grand Nancy ambitionne&hellip;\n","protected":false},"author":2,"featured_media":221182,"comment_status":"","ping_status":"","sticky":false,"template":"","format":"standard","meta":{"footnotes":""},"categories":[9635],"tags":[1111,11,1777,674,1011,27,775,1702,12,4798,25,104,1352],"class_list":{"0":"post-221181","1":"post","2":"type-post","3":"status-publish","4":"format-standard","5":"has-post-thumbnail","7":"category-nancy","8":"tag-actu","9":"tag-actualites","10":"tag-eu","11":"tag-europe","12":"tag-fr","13":"tag-france","14":"tag-grand-est","15":"tag-nancy","16":"tag-news","17":"tag-pistes-cyclables","18":"tag-republique-francaise","19":"tag-societe","20":"tag-urbanisme"},"share_on_mastodon":{"url":"https:\/\/pubeurope.com\/@fr\/114784807425536556","error":""},"_links":{"self":[{"href":"https:\/\/www.europesays.com\/fr\/wp-json\/wp\/v2\/posts\/221181","targetHints":{"allow":["GET"]}}],"collection":[{"href":"https:\/\/www.europesays.com\/fr\/wp-json\/wp\/v2\/posts"}],"about":[{"href":"https:\/\/www.europesays.com\/fr\/wp-json\/wp\/v2\/types\/post"}],"author":[{"embeddable":true,"href":"https:\/\/www.europesays.com\/fr\/wp-json\/wp\/v2\/users\/2"}],"replies":[{"embeddable":true,"href":"https:\/\/www.europesays.com\/fr\/wp-json\/wp\/v2\/comments?post=221181"}],"version-history":[{"count":0,"href":"https:\/\/www.europesays.com\/fr\/wp-json\/wp\/v2\/posts\/221181\/revisions"}],"wp:featuredmedia":[{"embeddable":true,"href":"https:\/\/www.europesays.com\/fr\/wp-json\/wp\/v2\/media\/221182"}],"wp:attachment":[{"href":"https:\/\/www.europesays.com\/fr\/wp-json\/wp\/v2\/media?parent=221181"}],"wp:term":[{"taxonomy":"category","embeddable":true,"href":"https:\/\/www.europesays.com\/fr\/wp-json\/wp\/v2\/categories?post=221181"},{"taxonomy":"post_tag","embeddable":true,"href":"https:\/\/www.europesays.com\/fr\/wp-json\/wp\/v2\/tags?post=221181"}],"curies":[{"name":"wp","href":"https:\/\/api.w.org\/{rel}","templated":true}]}}