{"id":221183,"date":"2025-07-02T17:25:13","date_gmt":"2025-07-02T17:25:13","guid":{"rendered":"https:\/\/www.europesays.com\/fr\/221183\/"},"modified":"2025-07-02T17:25:13","modified_gmt":"2025-07-02T17:25:13","slug":"entre-quete-de-fraicheur-et-travail-sous-le-soleil","status":"publish","type":"post","link":"https:\/\/www.europesays.com\/fr\/221183\/","title":{"rendered":"entre qu\u00eate de fra\u00eecheur et travail sous le soleil"},"content":{"rendered":"<p>En cette p\u00e9riode de canicule, les Nanc\u00e9iens ont cherch\u00e9 un peu de fra\u00eecheur autour des differents points d&rsquo;eau de la ville, comme par exemple la piscine de Nancy Thermal, les fontaines du parc de la P\u00e9pini\u00e8re ou encore la plage des Deux Rives. Pendant ce temps, d&rsquo;autres, contraints de travailler, sous une chaleur accablante, n&rsquo;ont eu d&rsquo;autre choix que d&rsquo;affronter le soleil.\u00a0<\/p>\n","protected":false},"excerpt":{"rendered":"En cette p\u00e9riode de canicule, les Nanc\u00e9iens ont cherch\u00e9 un peu de fra\u00eecheur autour des differents points d&rsquo;eau&hellip;\n","protected":false},"author":2,"featured_media":221184,"comment_status":"","ping_status":"","sticky":false,"template":"","format":"standard","meta":{"footnotes":""},"categories":[9635],"tags":[1111,11,6698,1704,1777,674,1011,27,5325,2798,775,1702,12,25],"class_list":{"0":"post-221183","1":"post","2":"type-post","3":"status-publish","4":"format-standard","5":"has-post-thumbnail","7":"category-nancy","8":"tag-actu","9":"tag-actualites","10":"tag-canicule","11":"tag-edition-nancy-et-agglomeration","12":"tag-eu","13":"tag-europe","14":"tag-fr","15":"tag-france","16":"tag-galerie-media","17":"tag-galerie-photo","18":"tag-grand-est","19":"tag-nancy","20":"tag-news","21":"tag-republique-francaise"},"share_on_mastodon":{"url":"https:\/\/pubeurope.com\/@fr\/114784811413325683","error":""},"_links":{"self":[{"href":"https:\/\/www.europesays.com\/fr\/wp-json\/wp\/v2\/posts\/221183","targetHints":{"allow":["GET"]}}],"collection":[{"href":"https:\/\/www.europesays.com\/fr\/wp-json\/wp\/v2\/posts"}],"about":[{"href":"https:\/\/www.europesays.com\/fr\/wp-json\/wp\/v2\/types\/post"}],"author":[{"embeddable":true,"href":"https:\/\/www.europesays.com\/fr\/wp-json\/wp\/v2\/users\/2"}],"replies":[{"embeddable":true,"href":"https:\/\/www.europesays.com\/fr\/wp-json\/wp\/v2\/comments?post=221183"}],"version-history":[{"count":0,"href":"https:\/\/www.europesays.com\/fr\/wp-json\/wp\/v2\/posts\/221183\/revisions"}],"wp:featuredmedia":[{"embeddable":true,"href":"https:\/\/www.europesays.com\/fr\/wp-json\/wp\/v2\/media\/221184"}],"wp:attachment":[{"href":"https:\/\/www.europesays.com\/fr\/wp-json\/wp\/v2\/media?parent=221183"}],"wp:term":[{"taxonomy":"category","embeddable":true,"href":"https:\/\/www.europesays.com\/fr\/wp-json\/wp\/v2\/categories?post=221183"},{"taxonomy":"post_tag","embeddable":true,"href":"https:\/\/www.europesays.com\/fr\/wp-json\/wp\/v2\/tags?post=221183"}],"curies":[{"name":"wp","href":"https:\/\/api.w.org\/{rel}","templated":true}]}}