{"id":221197,"date":"2025-07-02T17:32:16","date_gmt":"2025-07-02T17:32:16","guid":{"rendered":"https:\/\/www.europesays.com\/fr\/221197\/"},"modified":"2025-07-02T17:32:16","modified_gmt":"2025-07-02T17:32:16","slug":"pres-de-grenoble-un-technicien-en-mauvaise-posture-sur-un-chantier-les-secours-interviennent","status":"publish","type":"post","link":"https:\/\/www.europesays.com\/fr\/221197\/","title":{"rendered":"Pr\u00e8s de Grenoble. Un technicien en mauvaise posture sur un chantier, les secours interviennent"},"content":{"rendered":"<p>            Par<br \/>\n        <strong><br \/>\n            <a href=\"https:\/\/actu.fr\/auteur\/lisa-rodrigues\" title=\"Consulter tous les articles de Lisa Rodrigues\" rel=\"nofollow noopener\" target=\"_blank\">Lisa Rodrigues<\/a><br \/>\n        <\/strong><\/p>\n<p>        Publi\u00e9 le<\/p>\n<p>            2 juil. 2025 \u00e0 18h19        <\/p>\n<p>Un <strong>accident de chantier<\/strong> s\u2019est produit, mercredi 2 juillet en tout d\u00e9but d\u2019apr\u00e8s-midi, \u00e0 Veurey-Voroize, pr\u00e8s de <a href=\"https:\/\/actu.fr\/auvergne-rhone-alpes\/grenoble_38185\" rel=\"nofollow noopener\" target=\"_blank\">Grenoble<\/a>.<\/p>\n<p>    <a href=\"https:\/\/www.google.com\/maps\/embed?pb=!1m18!1m12!1m3!1d44925.37743564928!2d5.5630063006075945!3d45.27132404401433!2m3!1f0!2f0!3f0!3m2!1i1024!2i768!4f13.1!3m3!1m2!1s0x478aee4a40351731%3A0xaf1313cfd20bac69!2sVeurey-Voroize!5e0!3m2!1sfr!2sfr!4v1751472294952!5m2!1sfr!2sfr\" title=\"Ouvrie le lien\" rel=\"nofollow noopener\" target=\"_blank\">Cliquez ici pour visualiser le contenu<\/a><\/p>\n<p class=\" wall-content\">Un technicien s\u2019est retrouv\u00e9, dans des circonstances inconnues, <strong>bloqu\u00e9 entre un ascenseur de chantier et le plafond<\/strong> de la gaine.\u00a0<\/p>\n<p>Des pompiers sp\u00e9cialis\u00e9s sont intervenus<\/p>\n<p class=\" wall-content\">Les sapeurs-pompiers de l\u2019<a href=\"https:\/\/actu.fr\/auvergne-rhone-alpes\/isere_38\" rel=\"nofollow noopener\" target=\"_blank\">Is\u00e8re<\/a> ont \u00e9t\u00e9 appel\u00e9s sur les lieux peu apr\u00e8s 14h30. L\u2019intervention \u00e9tant d\u00e9licate, des \u00e9quipes sp\u00e9cialis\u00e9es ont \u00e9t\u00e9 d\u00e9p\u00each\u00e9es sur place pour lib\u00e9rer la victime.<\/p>\n<p class=\" wall-content\"><strong>L\u00e9g\u00e8rement bless\u00e9<\/strong>, le technicien a tout de m\u00eame \u00e9t\u00e9 transport\u00e9 vers le <a href=\"https:\/\/actu.fr\/tag\/chu-grenoble-alpes\" rel=\"nofollow noopener\" target=\"_blank\">CHU Grenoble-Alpes<\/a> par les secours.\u00a0<\/p>\n<p>Vid\u00e9os : en ce moment sur Actu<\/p>\n<p class=\" wall-content\">Suivez toute l\u2019actualit\u00e9 de vos villes et m\u00e9dias favoris en vous inscrivant \u00e0 <a href=\"https:\/\/moncompte.actu.fr\" title=\"D\u00e9couvez Mon Actu\" rel=\"nofollow noopener\" data-trk=\"{&quot;cta&quot;:{&quot;action&quot;:&quot;https:\\\/\\\/moncompte.actu.fr&quot;,&quot;category&quot;:&quot;mon compte&quot;,&quot;from&quot;:&quot;article footer&quot;,&quot;name&quot;:&quot;Mon actu&quot;,&quot;type&quot;:&quot;cta&quot;}}\" target=\"_blank\">Mon Actu<\/a>.<\/p>\n","protected":false},"excerpt":{"rendered":"Par Lisa Rodrigues Publi\u00e9 le 2 juil. 2025 \u00e0 18h19 Un accident de chantier s\u2019est produit, mercredi 2&hellip;\n","protected":false},"author":2,"featured_media":206201,"comment_status":"","ping_status":"","sticky":false,"template":"","format":"standard","meta":{"footnotes":""},"categories":[9566],"tags":[119,1111,11,2430,1777,674,118,1011,27,2731,12,1311,25],"class_list":{"0":"post-221197","1":"post","2":"type-post","3":"status-publish","4":"format-standard","5":"has-post-thumbnail","7":"category-grenoble","8":"tag-accident","9":"tag-actu","10":"tag-actualites","11":"tag-auvergne-rhone-alpes","12":"tag-eu","13":"tag-europe","14":"tag-faits-divers","15":"tag-fr","16":"tag-france","17":"tag-grenoble","18":"tag-news","19":"tag-pompiers","20":"tag-republique-francaise"},"share_on_mastodon":{"url":"https:\/\/pubeurope.com\/@fr\/114784838982374109","error":""},"_links":{"self":[{"href":"https:\/\/www.europesays.com\/fr\/wp-json\/wp\/v2\/posts\/221197","targetHints":{"allow":["GET"]}}],"collection":[{"href":"https:\/\/www.europesays.com\/fr\/wp-json\/wp\/v2\/posts"}],"about":[{"href":"https:\/\/www.europesays.com\/fr\/wp-json\/wp\/v2\/types\/post"}],"author":[{"embeddable":true,"href":"https:\/\/www.europesays.com\/fr\/wp-json\/wp\/v2\/users\/2"}],"replies":[{"embeddable":true,"href":"https:\/\/www.europesays.com\/fr\/wp-json\/wp\/v2\/comments?post=221197"}],"version-history":[{"count":0,"href":"https:\/\/www.europesays.com\/fr\/wp-json\/wp\/v2\/posts\/221197\/revisions"}],"wp:featuredmedia":[{"embeddable":true,"href":"https:\/\/www.europesays.com\/fr\/wp-json\/wp\/v2\/media\/206201"}],"wp:attachment":[{"href":"https:\/\/www.europesays.com\/fr\/wp-json\/wp\/v2\/media?parent=221197"}],"wp:term":[{"taxonomy":"category","embeddable":true,"href":"https:\/\/www.europesays.com\/fr\/wp-json\/wp\/v2\/categories?post=221197"},{"taxonomy":"post_tag","embeddable":true,"href":"https:\/\/www.europesays.com\/fr\/wp-json\/wp\/v2\/tags?post=221197"}],"curies":[{"name":"wp","href":"https:\/\/api.w.org\/{rel}","templated":true}]}}