{"id":221200,"date":"2025-07-02T17:34:17","date_gmt":"2025-07-02T17:34:17","guid":{"rendered":"https:\/\/www.europesays.com\/fr\/221200\/"},"modified":"2025-07-02T17:34:17","modified_gmt":"2025-07-02T17:34:17","slug":"municipales-a-rennes-son-programme-est-deja-ficele-il-appelle-a-un-grand-rassemblement-des-oppositions","status":"publish","type":"post","link":"https:\/\/www.europesays.com\/fr\/221200\/","title":{"rendered":"Municipales \u00e0 Rennes\u00a0: son programme est d\u00e9j\u00e0 ficel\u00e9, il appelle \u00e0 un grand rassemblement des oppositions"},"content":{"rendered":"<p>\u00ab Nous sommes pr\u00eats \u00e0 piloter la capitale de la Bretagne. \u00bb Le ton est donn\u00e9. <a href=\"https:\/\/www.letelegramme.fr\/ille-et-vilaine\/rennes-35000\/a-rennes-comment-lr-prepare-lapres-appere-podcast-6575622.php\" target=\"_blank\" rel=\"noopener\">Candidat LR aux municipales, Thomas Rousseau<\/a> a d\u00e9gain\u00e9 ce mercredi 2 juillet sa plateforme programmatique pour lancer la campagne qui l\u2019emm\u00e8nera jusqu\u2019aux \u00e9lections en mars 2026.<\/p>\n<p>D\u00e9sormais t\u00eate de proue du mouvement L\u2019Espoir Rennais, qui revendique pr\u00e8s de 600 sympathisants issus de divers partis de droite, l\u2019ancien coordinateur de la campagne de Val\u00e9rie P\u00e9cresse \u00e0 l\u2019\u00e9lection pr\u00e9sidentielle a annonc\u00e9 qu\u2019il souhaitait que son projet serve de base \u00e0 \u00ab une d\u00e9marche de rassemblement qui va au-del\u00e0 des \u00e9tiquettes politiques \u00bb.<\/p>\n<p>\u00ab Ramener l\u2019ordre \u00bb<\/p>\n<p>Le candidat a \u00e9voqu\u00e9 ses grandes priorit\u00e9s de campagne \u00e0 commencer par la s\u00e9curit\u00e9. \u00ab C\u2019est la pr\u00e9occupation num\u00e9ro 1 des habitants d\u2019apr\u00e8s notre grande consultation lanc\u00e9e en d\u00e9but d\u2019ann\u00e9e, pour laquelle nous avons obtenu plus de 550 r\u00e9ponses. On assiste \u00e0 un d\u00e9rapage sans pr\u00e9c\u00e9dent de l\u2019explosion de la violence. Nous voulons ramener l\u2018ordre et la tranquillit\u00e9 \u00e0 Rennes \u00bb.<\/p>\n<p>Pour y arriver Thomas Rousseau propose plusieurs mesures comme le doublement des effectifs de la police municipale, son armement, ou encore une augmentation cons\u00e9quente du nombre de cam\u00e9ras de vid\u00e9osurveillance.<\/p>\n<p>Ses autres priorit\u00e9s tourneront autour de la politique du logement, de l\u2019attractivit\u00e9 \u00e9conomique de la Ville de Rennes et de la valorisation de son offre culturelle. \u00ab Nous voulons que Rennes devienne une locomotive \u00e9conomique et culturelle \u00bb.<\/p>\n<p>Quid d\u2019une coalition ?<\/p>\n<p>P\u00e8le m\u00eale, il propose aussi d\u2018investir dans un grand plan de formation du sport \u00e0 haut niveau, d\u2019interdire le burkini dans les piscines, de revoir le partage de la route entre les diff\u00e9rents usagers, de rallonger la ligne B du m\u00e9tro au-del\u00e0 de la rocade, d\u2019organiser un moratoire sur la destruction du parking Vilaine, de cr\u00e9er une salle de spectacle de 9 000 places, de lancer une grande restauration de l\u2019h\u00f4tel de Ville ou encore de revoir l\u2019attribution des subventions et de mieux contr\u00f4ler leur utilisation.<\/p>\n<p>Pour esp\u00e9rer peser dans la campagne, Thomas Rousseau sait qu\u2019il faudra obligatoirement passer par une union avec d\u2019autres partis de l\u2019opposition. Un rapprochement avec le RN semble d\u00e9sormais d\u00e9finitivement \u00e9cart\u00e9. L\u2019Espoir Rennais regarde plut\u00f4t du c\u00f4t\u00e9 de la future coalition form\u00e9e par les deux \u00e9lus sortants d\u2019opposition : Charles Compagnon et Carole Gandon. La cheffe de file de R\u00e9v\u00e9ler Rennes a r\u00e9cemment appel\u00e9 \u00e0 \u00ab un rassemblement de la gauche sociale-d\u00e9mocrate \u00e0 la droite r\u00e9publicaine \u00bb et<a href=\"https:\/\/www.letelegramme.fr\/ille-et-vilaine\/rennes-35000\/partir-divises-serait-une-erreur-funeste-carole-gandon-tend-la-main-a-lr-pour-sunir-aux-municipales-a-rennes-6839391.php\" target=\"_blank\" rel=\"noopener\"> tendu la main, clairement, \u00e0 Thomas Rousseau<\/a>\u2026 quelques jours apr\u00e8s <a href=\"https:\/\/www.letelegramme.fr\/ille-et-vilaine\/rennes-35000\/municipales-a-rennes-face-a-nathalie-appere-pourquoi-lunion-des-droites-et-du-centre-reste-encore-un-vaste-chantier-video-6831306.php\" target=\"_blank\" rel=\"noopener\">une prise de parole plus ambivalente de Charles Compagnon<\/a>, qui aurait pu laisser supposer qu\u2019il n\u2019\u00e9tait pas du tout emball\u00e9 par l\u2019id\u00e9e de s\u2019allier avec le n\u00b0 2 de la f\u00e9d\u00e9ration de LR 35.<\/p>\n<p>\u00ab Il y a eu une main tendue de la part de Carole Gandon \u00bb, confirme Thomas Rousseau. \u00ab J\u2018ai \u00e9galement rencontr\u00e9 Charles Compagnon. J\u2019ai pr\u00e9sent\u00e9 notre plateforme programmatique et notre d\u00e9marche, mais je n\u2019ai pas encore eu de retour. Ce qui est certain c\u2019est que l\u2019union se fera derri\u00e8re un projet. C\u2019est ce dont il faut parler en premier. Surtout qu\u2019il y a une occasion car la gauche est divis\u00e9e. Il faut avoir un esprit de responsabilit\u00e9 \u00bb.<\/p>\n","protected":false},"excerpt":{"rendered":"\u00ab Nous sommes pr\u00eats \u00e0 piloter la capitale de la Bretagne. \u00bb Le ton est donn\u00e9. Candidat LR&hellip;\n","protected":false},"author":2,"featured_media":221201,"comment_status":"","ping_status":"","sticky":false,"template":"","format":"standard","meta":{"footnotes":""},"categories":[2821],"tags":[1111,11,829,1777,674,1011,27,848,26053,12,3364,584,25],"class_list":{"0":"post-221200","1":"post","2":"type-post","3":"status-publish","4":"format-standard","5":"has-post-thumbnail","7":"category-rennes","8":"tag-actu","9":"tag-actualites","10":"tag-bretagne","11":"tag-eu","12":"tag-europe","13":"tag-fr","14":"tag-france","15":"tag-ille-et-vilaine","16":"tag-municipales-2026-a-rennes","17":"tag-news","18":"tag-politique-a-rennes","19":"tag-rennes","20":"tag-republique-francaise"},"share_on_mastodon":{"url":"https:\/\/pubeurope.com\/@fr\/114784846774733238","error":""},"_links":{"self":[{"href":"https:\/\/www.europesays.com\/fr\/wp-json\/wp\/v2\/posts\/221200","targetHints":{"allow":["GET"]}}],"collection":[{"href":"https:\/\/www.europesays.com\/fr\/wp-json\/wp\/v2\/posts"}],"about":[{"href":"https:\/\/www.europesays.com\/fr\/wp-json\/wp\/v2\/types\/post"}],"author":[{"embeddable":true,"href":"https:\/\/www.europesays.com\/fr\/wp-json\/wp\/v2\/users\/2"}],"replies":[{"embeddable":true,"href":"https:\/\/www.europesays.com\/fr\/wp-json\/wp\/v2\/comments?post=221200"}],"version-history":[{"count":0,"href":"https:\/\/www.europesays.com\/fr\/wp-json\/wp\/v2\/posts\/221200\/revisions"}],"wp:featuredmedia":[{"embeddable":true,"href":"https:\/\/www.europesays.com\/fr\/wp-json\/wp\/v2\/media\/221201"}],"wp:attachment":[{"href":"https:\/\/www.europesays.com\/fr\/wp-json\/wp\/v2\/media?parent=221200"}],"wp:term":[{"taxonomy":"category","embeddable":true,"href":"https:\/\/www.europesays.com\/fr\/wp-json\/wp\/v2\/categories?post=221200"},{"taxonomy":"post_tag","embeddable":true,"href":"https:\/\/www.europesays.com\/fr\/wp-json\/wp\/v2\/tags?post=221200"}],"curies":[{"name":"wp","href":"https:\/\/api.w.org\/{rel}","templated":true}]}}