{"id":221208,"date":"2025-07-02T17:38:10","date_gmt":"2025-07-02T17:38:10","guid":{"rendered":"https:\/\/www.europesays.com\/fr\/221208\/"},"modified":"2025-07-02T17:38:10","modified_gmt":"2025-07-02T17:38:10","slug":"les-piscines-de-nice-gratuites-en-raison-de-la-canicule-la-reponse-de-la-ville","status":"publish","type":"post","link":"https:\/\/www.europesays.com\/fr\/221208\/","title":{"rendered":"Les piscines de Nice gratuites en raison de la canicule? La r\u00e9ponse de la Ville"},"content":{"rendered":"<p>Jusqu\u2019\u00e0 ce jeudi, en raison de la canicule, la piscine des Campeli\u00e8res de Mougins est gratuite pour le public. Qu\u2019en est-il des piscines de Nice, en tout cas celles qui ne font pas l\u2019objet de travaux comme la piscine du Piol ou celle de Saint-Fran\u00e7ois, ferm\u00e9e tout l\u2019\u00e9t\u00e9 ?<\/p>\n<p>Nous avons pos\u00e9 la question \u00e0 la mairie et la r\u00e9ponse est non.<\/p>\n<p>L\u2019ouverture gratuite des piscines en raison de la canicule (qui d\u2019ailleurs devrait s\u2019achever) n\u2019est pas \u00e0 l\u2019ordre du jour.<\/p>\n<p>La raison est \u00e9vidente: Nice n\u2019est pas Mougins. La capitale azur\u00e9enne a la chance d\u2019\u00eatre bord\u00e9e par la mer, laquelle, m\u00eame affichant une temp\u00e9rature record pour la saison de 26-27 degr\u00e9s, permet aux gens en surchauffe de faire trempette gratuitement, jour et nuit.<\/p>\n","protected":false},"excerpt":{"rendered":"Jusqu\u2019\u00e0 ce jeudi, en raison de la canicule, la piscine des Campeli\u00e8res de Mougins est gratuite pour le&hellip;\n","protected":false},"author":2,"featured_media":221209,"comment_status":"","ping_status":"","sticky":false,"template":"","format":"standard","meta":{"footnotes":""},"categories":[2819],"tags":[1111,11,1777,674,1011,27,2487,12,2401,882,25],"class_list":{"0":"post-221208","1":"post","2":"type-post","3":"status-publish","4":"format-standard","5":"has-post-thumbnail","7":"category-nice","8":"tag-actu","9":"tag-actualites","10":"tag-eu","11":"tag-europe","12":"tag-fr","13":"tag-france","14":"tag-meteo","15":"tag-news","16":"tag-nice","17":"tag-provence-alpes-cote-dazur","18":"tag-republique-francaise"},"share_on_mastodon":{"url":"https:\/\/pubeurope.com\/@fr\/114784862454623855","error":""},"_links":{"self":[{"href":"https:\/\/www.europesays.com\/fr\/wp-json\/wp\/v2\/posts\/221208","targetHints":{"allow":["GET"]}}],"collection":[{"href":"https:\/\/www.europesays.com\/fr\/wp-json\/wp\/v2\/posts"}],"about":[{"href":"https:\/\/www.europesays.com\/fr\/wp-json\/wp\/v2\/types\/post"}],"author":[{"embeddable":true,"href":"https:\/\/www.europesays.com\/fr\/wp-json\/wp\/v2\/users\/2"}],"replies":[{"embeddable":true,"href":"https:\/\/www.europesays.com\/fr\/wp-json\/wp\/v2\/comments?post=221208"}],"version-history":[{"count":0,"href":"https:\/\/www.europesays.com\/fr\/wp-json\/wp\/v2\/posts\/221208\/revisions"}],"wp:featuredmedia":[{"embeddable":true,"href":"https:\/\/www.europesays.com\/fr\/wp-json\/wp\/v2\/media\/221209"}],"wp:attachment":[{"href":"https:\/\/www.europesays.com\/fr\/wp-json\/wp\/v2\/media?parent=221208"}],"wp:term":[{"taxonomy":"category","embeddable":true,"href":"https:\/\/www.europesays.com\/fr\/wp-json\/wp\/v2\/categories?post=221208"},{"taxonomy":"post_tag","embeddable":true,"href":"https:\/\/www.europesays.com\/fr\/wp-json\/wp\/v2\/tags?post=221208"}],"curies":[{"name":"wp","href":"https:\/\/api.w.org\/{rel}","templated":true}]}}