{"id":221212,"date":"2025-07-02T17:40:31","date_gmt":"2025-07-02T17:40:31","guid":{"rendered":"https:\/\/www.europesays.com\/fr\/221212\/"},"modified":"2025-07-02T17:40:31","modified_gmt":"2025-07-02T17:40:31","slug":"la-violence-policiere-au-bresil-denoncee-dans-une-exposition-a-nantes","status":"publish","type":"post","link":"https:\/\/www.europesays.com\/fr\/221212\/","title":{"rendered":"La violence polici\u00e8re au Br\u00e9sil d\u00e9nonc\u00e9e dans une exposition \u00e0 Nantes"},"content":{"rendered":"<p>L\u2019exposition O Brasil e aqui, le Br\u00e9sil est ici, s\u2019inscrit dans le cadre de la saison <a href=\"https:\/\/www.ouest-france.fr\/recherche\/#!r\/requete=Br%C3%A9sil\" rel=\"nofollow noopener\" target=\"_blank\">Br\u00e9sil <\/a>France, sous l\u2019\u00e9gide du minist\u00e8re de la Culture. Pour la sc\u00e8ne nantaise, c\u2019est le centre Claude-Cahun qui r\u00e9pond \u00e0 l\u2019objectif de promouvoir la culture br\u00e9silienne, \u00e0 partir de th\u00e8mes soci\u00e9taux.<\/p>\n<p>Deux artistes br\u00e9siliens ont ainsi \u00e9t\u00e9 invit\u00e9s \u00e0 exposer leurs \u0153uvres, dont le photographe Rog\u00e9rio Vieira. Avec Nous sommes tous des cibles, il d\u00e9nonce la duret\u00e9 du rapport entre population police et son lot de bavures. Sont particuli\u00e8rement concern\u00e9s les habitants des banlieues et des favelas, singuli\u00e8rement les noirs de peau, qui sont victimes de ce qui s\u2019apparente parfois \u00e0 un droit de tuer.<\/p>\n<p>\u00a0En 2018, Rodrigo Alexandre da Silva Serrano a \u00e9t\u00e9 tu\u00e9 par des policiers qui auraient pris son parapluie pour un fusil\u00a0, d\u00e9nonce le photographe. Alors \u00e0 grands coups de portraits bien tir\u00e9s dans le d\u00e9cor local, Rog\u00e9rio Vieira, a mis en sc\u00e8ne des habitants de S\u00e3o Paulo, avec diff\u00e9rents objets en main, comme s\u2019ils tenaient des armes. Pour un c\u2019est une guitare, pour un autre un micro ou un poste de radio. Un des personnages d\u00e9tient m\u00eame un paquet de pop-corn. Avec ironie, le photographe illustre ainsi efficacement la pr\u00e9tendue berlue des policiers.<\/p>\n<p>Quant \u00e0 Rafa Bqueer c\u2019est en vid\u00e9o qu\u2019elle intervient, avec quatre petits films qui passent en boucle. Dans Themonias, l\u2019artiste suit les d\u00e9lires d\u2019un collectif de drag-queens, qui dansent virevoltent et s\u2019\u00e9panchent dans les rues de S\u00e3o Paulo. Les frasques des personnages s\u2019encha\u00eenent \u00e0 travers une atmosph\u00e8re dansante, de contes \u00e9tranges et intrigants.<\/p>\n<p><strong>Jusqu\u2019au 23\u00a0ao\u00fbt,<\/strong> du mercredi au samedi, de 15\u00a0h \u00e0 18\u00a0h, au centre Claude-Cahun, 45, rue de Richebourg, \u00e0 Nantes.<\/p>\n<p>\u00a0<\/p>\n","protected":false},"excerpt":{"rendered":"L\u2019exposition O Brasil e aqui, le Br\u00e9sil est ici, s\u2019inscrit dans le cadre de la saison Br\u00e9sil France,&hellip;\n","protected":false},"author":2,"featured_media":221213,"comment_status":"","ping_status":"","sticky":false,"template":"","format":"standard","meta":{"footnotes":""},"categories":[2818],"tags":[1111,11,2548,36001,1777,674,3293,1011,27,766,12,2636,17416,25,809],"class_list":{"0":"post-221212","1":"post","2":"type-post","3":"status-publish","4":"format-standard","5":"has-post-thumbnail","7":"category-nantes","8":"tag-actu","9":"tag-actualites","10":"tag-bresil","11":"tag-denoncee","12":"tag-eu","13":"tag-europe","14":"tag-exposition","15":"tag-fr","16":"tag-france","17":"tag-nantes","18":"tag-news","19":"tag-pays-de-la-loire","20":"tag-policiere","21":"tag-republique-francaise","22":"tag-violence"},"share_on_mastodon":{"url":"https:\/\/pubeurope.com\/@fr\/114784870380253860","error":""},"_links":{"self":[{"href":"https:\/\/www.europesays.com\/fr\/wp-json\/wp\/v2\/posts\/221212","targetHints":{"allow":["GET"]}}],"collection":[{"href":"https:\/\/www.europesays.com\/fr\/wp-json\/wp\/v2\/posts"}],"about":[{"href":"https:\/\/www.europesays.com\/fr\/wp-json\/wp\/v2\/types\/post"}],"author":[{"embeddable":true,"href":"https:\/\/www.europesays.com\/fr\/wp-json\/wp\/v2\/users\/2"}],"replies":[{"embeddable":true,"href":"https:\/\/www.europesays.com\/fr\/wp-json\/wp\/v2\/comments?post=221212"}],"version-history":[{"count":0,"href":"https:\/\/www.europesays.com\/fr\/wp-json\/wp\/v2\/posts\/221212\/revisions"}],"wp:featuredmedia":[{"embeddable":true,"href":"https:\/\/www.europesays.com\/fr\/wp-json\/wp\/v2\/media\/221213"}],"wp:attachment":[{"href":"https:\/\/www.europesays.com\/fr\/wp-json\/wp\/v2\/media?parent=221212"}],"wp:term":[{"taxonomy":"category","embeddable":true,"href":"https:\/\/www.europesays.com\/fr\/wp-json\/wp\/v2\/categories?post=221212"},{"taxonomy":"post_tag","embeddable":true,"href":"https:\/\/www.europesays.com\/fr\/wp-json\/wp\/v2\/tags?post=221212"}],"curies":[{"name":"wp","href":"https:\/\/api.w.org\/{rel}","templated":true}]}}