{"id":221214,"date":"2025-07-02T17:41:26","date_gmt":"2025-07-02T17:41:26","guid":{"rendered":"https:\/\/www.europesays.com\/fr\/221214\/"},"modified":"2025-07-02T17:41:26","modified_gmt":"2025-07-02T17:41:26","slug":"a-nantes-une-course-organisee-en-memoire-de-la-lyceenne-tuee-devant-son-lycee-en-avril","status":"publish","type":"post","link":"https:\/\/www.europesays.com\/fr\/221214\/","title":{"rendered":"\u00e0 Nantes, une course organis\u00e9e en m\u00e9moire de la lyc\u00e9enne tu\u00e9e devant son lyc\u00e9e en avril"},"content":{"rendered":"<p><strong>REPORTAGE &#8211;<\/strong> Dans une ambiance joyeuse, 1000 personnes ont particip\u00e9 au \u00abRun for Lor\u00e8ne\u00bb. Les fonds seront revers\u00e9s pour l\u2019aide psychologique \u00e0 l\u2019enfance, une cause d\u00e9fendue par les parents de la jeune fille, attaqu\u00e9e par un \u00e9l\u00e8ve d\u00e9sormais intern\u00e9 en psychiatrie.<\/p>\n<p class=\"fig-paragraph\">En ce mercredi ensoleill\u00e9, les visages des centaines d\u2019\u00e9l\u00e8ves rassembl\u00e9s pour une course solidaires rayonnent dans le parc du Grand Blottereau, \u00e0\u00a0<a href=\"http:\/\/www.lefigaro.fr\/nantes\/affaire-des-anges-disparus-de-nantes-la-ville-socialiste-reconnait-un-defaut-d-attention-20250702\" target=\"_blank\" data-fig-type=\"NewsFlash\" rel=\"noopener nofollow\" data-gtm-custom-categorie=\"navigation\" data-gtm-custom-action=\"crossclick\" data-gtm-custom-label=\"Contextuel\" data-gtm-event=\"customEventSPE\" data-fig-domain=\"LEFIGARO\">Nantes<\/a>. Ces sourires contrastent avec\u00a0<a href=\"http:\/\/www.lefigaro.fr\/nantes\/a-20-minutes-pres-ca-aurait-pu-etre-moi-vive-emotion-apres-l-attaque-au-couteau-dans-un-lycee-de-nantes-20250425\" target=\"_blank\" data-fig-type=\"NewsFlash\" rel=\"noopener nofollow\" data-gtm-custom-categorie=\"navigation\" data-gtm-custom-action=\"crossclick\" data-gtm-custom-label=\"Contextuel\" data-gtm-event=\"customEventSPE\" data-fig-domain=\"LEFIGARO\">les larmes<\/a>\u00a0qui coulaient sur leur joue il y a seulement deux mois. Le 24 avril, \u00e0 quelques centaines de m\u00e8tres de l\u00e0, devant le lyc\u00e9e Notre-Dame-de-Toutes-Aides,\u00a0<a href=\"http:\/\/www.lefigaro.fr\/nantes\/attaque-au-couteau-a-nantes-au-lendemain-du-drame-des-interrogations-sur-le-profil-du-tueur-20250425\" target=\"_blank\" data-fig-type=\"NewsFlash\" rel=\"noopener nofollow\" data-gtm-custom-categorie=\"navigation\" data-gtm-custom-action=\"crossclick\" data-gtm-custom-label=\"Contextuel\" data-gtm-event=\"customEventSPE\" data-fig-domain=\"LEFIGARO\">leur camarade Lor\u00e8ne<\/a>\u00a0avait \u00e9t\u00e9 tu\u00e9e de\u00a0<a href=\"http:\/\/www.lefigaro.fr\/nantes\/lyceenne-tuee-a-nantes-le-suspect-etait-fascine-par-hitler-et-a-donne-57-coups-de-couteau-a-sa-victime-20250425\" target=\"_blank\" data-fig-type=\"NewsFlash\" rel=\"noopener nofollow\" data-gtm-custom-categorie=\"navigation\" data-gtm-custom-action=\"crossclick\" data-gtm-custom-label=\"Contextuel\" data-gtm-event=\"customEventSPE\" data-fig-domain=\"LEFIGARO\">57 coups de couteau<\/a>\u00a0par un\u00a0<a href=\"http:\/\/www.lefigaro.fr\/nantes\/idees-nazies-adolescent-fragile-qui-est-l-assaillant-responsable-de-l-attaque-dans-un-lycee-a-nantes-20250424\" target=\"_blank\" data-fig-type=\"Article\" rel=\"noopener nofollow\" data-gtm-custom-categorie=\"navigation\" data-gtm-custom-action=\"crossclick\" data-gtm-custom-label=\"Contextuel\" data-gtm-event=\"customEventSPE\" data-fig-domain=\"LEFIGARO\">lyc\u00e9en interpell\u00e9<\/a>\u00a0puis hospitalis\u00e9 en psychiatrie. Quatre jours apr\u00e8s le drame, les parents de la jeune fille de 15 ans avaient lanc\u00e9\u00a0<a href=\"http:\/\/www.lefigaro.fr\/nantes\/attaque-au-couteau-a-nantes-les-parents-de-la-jeune-fille-tuee-lancent-une-cagnotte-20250429\" target=\"_blank\" data-fig-type=\"NewsFlash\" rel=\"noopener nofollow\" data-gtm-custom-categorie=\"navigation\" data-gtm-custom-action=\"crossclick\" data-gtm-custom-label=\"Contextuel\" data-gtm-event=\"customEventSPE\" data-fig-domain=\"LEFIGARO\">une cagnotte<\/a>\u00a0\u00e0 destination\u00a0<a href=\"http:\/\/www.lefigaro.fr\/nantes\/attaque-au-couteau-a-nantes-la-cagnotte-lancee-par-les-parents-de-lorene-a-permis-de-recolter-presque-50-000-20250512\" target=\"_blank\" data-fig-type=\"NewsFlash\" rel=\"noopener nofollow\" data-gtm-custom-categorie=\"navigation\" data-gtm-custom-action=\"crossclick\" data-gtm-custom-label=\"Contextuel\" data-gtm-event=\"customEventSPE\" data-fig-domain=\"LEFIGARO\">des structures<\/a>\u00a0pour l\u2019aide psychologique \u00e0 l\u2019enfance.<\/p>\n<p class=\"fig-paragraph\">Ce 2 juillet, le \u00abRun for Lor\u00e8ne\u00bb, dont les b\u00e9n\u00e9fices seront revers\u00e9s \u00e0 la m\u00eame cause, s\u2019est d\u00e9roul\u00e9 dans l\u2019un des plus grands parcs nantais. Environ 1000 personnes, de Notre-Dame-de-Toutes-Aides et de communaut\u00e9s \u00e9ducatives voisines, se sont retrouv\u00e9es pour courir ou marcher. Huit courses de deux ou cinq kilom\u00e8tres, non chronom\u00e9tr\u00e9es, ont \u00e9t\u00e9 propos\u00e9es dans une ambiance familiale.<\/p>\n<p>                                    <a class=\"fig-a11y-skip a11y-hidden\" href=\"#fig-a11y-skip-main-inarticle\"><br \/>\n        Passer la publicit\u00e9<br \/>\n    <\/a><\/p>\n<p>Un \u00e9v\u00e9nement amen\u00e9 \u00e0 s\u2019\u00e9tendre<\/p>\n<p class=\"fig-paragraph\">\u00abAujourd\u2019hui est un jour de f\u00eate, de joie pour finir cette ann\u00e9e scolaire en beaut\u00e9\u00a0! Nous sommes tr\u00e8s touch\u00e9s par votre pr\u00e9sence. [&#8230;] Merci \u00e0 tous pour votre implication. Lor\u00e8ne aurait ador\u00e9 \u00e7a\u00a0!\u00bb, a t\u00e9moign\u00e9 en d\u00e9but d\u2019apr\u00e8s-midi le p\u00e8re de la victime, qui ne s\u2019\u00e9tait pas encore exprim\u00e9 publiquement, en dehors du site internet\u00a0<a href=\"http:\/\/www.lefigaro.fr\/nantes\/nantes-les-parents-de-lorene-poignardee-dans-son-lycee-en-avril-reagissent-apres-le-meurtre-de-la-surveillante-a-nogent-20250613\" target=\"_blank\" data-fig-type=\"NewsFlash\" rel=\"noopener nofollow\" data-gtm-custom-categorie=\"navigation\" data-gtm-custom-action=\"crossclick\" data-gtm-custom-label=\"Contextuel\" data-gtm-event=\"customEventSPE\" data-fig-domain=\"LEFIGARO\">La Cagnotte des Proches<\/a>. \u00abNous sommes nombreux \u00e0 courir ou marcher en l\u2019honneur de notre fille Lor\u00e8ne, mais \u00e9galement pour l\u2019ensemble des victimes\u00bb, a-t-il rappel\u00e9 dans un bref discours, alors que trois autres \u00e9l\u00e8ves ont \u00e9t\u00e9 bless\u00e9s lors de l\u2019attaque au couteau.<\/p>\n<p class=\"fig-paragraph\">\u00abNous avons senti une grande solidarit\u00e9 autour de nous dans cette \u00e9preuve. C\u2019est ce qui nous porte et nous aide \u00e0 aller un peu mieux aujourd\u2019hui\u00bb, a-t-il confi\u00e9 au micro, avant d\u2019annoncer la cr\u00e9ation prochaine d\u2019une association \u00abqui contribuera \u00e0 l\u2019aide psychologique aux jeunes ax\u00e9e autour de la pr\u00e9vention, de la d\u00e9tection et du soin en s\u2019appuyant sur les structures et associations existantes\u00bb. Dans ce cadre, il est probable que l\u2019\u00e9v\u00e9nement ait vocation \u00e0 s\u2019\u00e9tendre sur le territoire national dans le futur.<\/p>\n<blockquote class=\"fig-quote&#10;    \">\n<p class=\"fig-quote__text\">Il nous fallait trouver une mani\u00e8re forte, joyeuse et symbolique de conclure cette ann\u00e9e scolaire<\/p>\n<p>            Pierre Cappelaere, chef d\u2019\u00e9tablissement de Notre-Dame-de-Toutes-Aides\n    <\/p><\/blockquote>\n<p>    Pr\u00e8s de 1000 coureurs et marcheurs se sont relay\u00e9s tout l\u2019apr\u00e8s-midi.<br \/>\n                LT\/Le Figaro<\/p>\n<p class=\"fig-paragraph\">\u00abNotre ambition, avec cet \u00e9v\u00e9nement, est double\u00a0: transmettre \u00e0 la famille de Lor\u00e8ne un moment fort, digne et porteur de sens\u00a0; et cr\u00e9er un \u00e9v\u00e9nement fondateur, une \u00e9dition \u201cz\u00e9ro\u201d que d\u2019autres, demain, pourront faire vivre \u00e0 leur tour\u00bb, a abond\u00e9 Pierre Cappelaere, chef d\u2019\u00e9tablissement. \u00abIl nous fallait trouver une mani\u00e8re forte, joyeuse et symbolique de conclure cette ann\u00e9e scolaire, \u00e0 la hauteur de ce que nous avions v\u00e9cu ensemble en septembre dernier avec notre pr\u00e9sence aux Jeux paralympiques\u00bb, o\u00f9 1700 jeunes ont assist\u00e9 \u00e0 des \u00e9preuves.<\/p>\n<p class=\"fig-paragraph\">\u00abPour chacune de vos foul\u00e9es, chacun de vos pas, soyons dignes de ce que Lor\u00e8ne nous a laiss\u00e9\u00a0: une invitation \u00e0 l\u2019engagement, une invitation \u00e0 une vie intense, curieuse et joyeuse\u00bb, a repris le directeur. Celui-ci a \u00e9galement salu\u00e9 l\u2019action des parents de Lor\u00e8ne, qu\u2019il a vus r\u00e9guli\u00e8rement depuis le printemps. \u00abIls ont une posture qui est d\u2019une telle dignit\u00e9\u2026 C\u2019est remarquable, \u00e7a nous donne de l\u2019\u00e9lan. Vous imaginez, perdre votre fille et quatre jours apr\u00e8s ouvrir une cagnotte engag\u00e9e vers la sant\u00e9 mentale des jeunes&#8230; Ils ne se sont pas seulement souci\u00e9s de leur famille, mais leur action va envers des jeunes qui ne vont pas bien. Tout est dit\u00bb, a-t-il confi\u00e9, \u00e9mu, au Figaro, tout en valorisant le travail de Rayan Laribi, pr\u00e9sident du comit\u00e9 des \u00e9l\u00e8ves, \u00e0 l\u2019initiative de cette course.<\/p>\n<p class=\"fig-paragraph\">\u00abAu retour des obs\u00e8ques, depuis ce qui s\u2019est pass\u00e9, j\u2019avais envie qu\u2019on reste f\u00e9d\u00e9r\u00e9s, mais autour d\u2019une note positive\u00bb, a expliqu\u00e9 l\u2019\u00e9l\u00e8ve de terminale, qui se lance dans des \u00e9tudes de marketing et communication. Des tee-shirts ont \u00e9t\u00e9 vendus tout au long de l\u2019apr\u00e8s-midi, ainsi que des boissons, afin de lever un maximum de fonds pour la cagnotte qui atteint\u00a0<a href=\"https:\/\/app.lacagnottedesproches.fr\/cagnotte\/protegeons-lavenir-de-nos-enfants\/\" target=\"_blank\" rel=\"noopener nofollow\" data-gtm-custom-categorie=\"navigation\" data-gtm-custom-action=\"crossclick\" data-gtm-custom-label=\"Contextuel\" data-gtm-event=\"customEventSPE\">actuellement 66.000 euros<\/a>. Le montant des b\u00e9n\u00e9fices n\u2019a pas encore \u00e9t\u00e9 chiffr\u00e9. \u00abL\u2019objectif est de r\u00e9colter plusieurs dizaines de milliers d\u2019euros, mais si on a 5000 euros on sera d\u00e9j\u00e0 contents\u00bb, a pr\u00e9venu Rayan Laribi, pr\u00e8s de la sc\u00e8ne. Un peu plus loin, l\u2019association nantaise Kit ou double, qui sensibilise les coll\u00e9giens et lyc\u00e9ens aux troubles psychiques, a \u00e9galement tenu un stand. Enfin, une grande fresque color\u00e9e participative, intitul\u00e9e \u00abQu\u2019est-ce qui te fait du bien\u00a0?\u00bb, a \u00e9t\u00e9 expos\u00e9e. \u00abAimer\u00bb, \u00abdanser\u00bb, \u00abma famille\u00bb&#8230; Les r\u00e9ponses, aussi vari\u00e9es que joyeuses, prouvent que malgr\u00e9 la trag\u00e9die d\u2019il y a deux mois la vie peut triompher.<\/p>\n<p>    La fresque participative color\u00e9e.<br \/>\n                LT\/Le Figaro<\/p>\n","protected":false},"excerpt":{"rendered":"REPORTAGE &#8211; Dans une ambiance joyeuse, 1000 personnes ont particip\u00e9 au \u00abRun for Lor\u00e8ne\u00bb. Les fonds seront revers\u00e9s&hellip;\n","protected":false},"author":2,"featured_media":221215,"comment_status":"","ping_status":"","sticky":false,"template":"","format":"standard","meta":{"footnotes":""},"categories":[2818],"tags":[1111,11,14118,1777,674,1011,27,766,12,2636,25,2072],"class_list":{"0":"post-221214","1":"post","2":"type-post","3":"status-publish","4":"format-standard","5":"has-post-thumbnail","7":"category-nantes","8":"tag-actu","9":"tag-actualites","10":"tag-attaque-au-couteau","11":"tag-eu","12":"tag-europe","13":"tag-fr","14":"tag-france","15":"tag-nantes","16":"tag-news","17":"tag-pays-de-la-loire","18":"tag-republique-francaise","19":"tag-sante-mentale"},"share_on_mastodon":{"url":"https:\/\/pubeurope.com\/@fr\/114784874487332752","error":""},"_links":{"self":[{"href":"https:\/\/www.europesays.com\/fr\/wp-json\/wp\/v2\/posts\/221214","targetHints":{"allow":["GET"]}}],"collection":[{"href":"https:\/\/www.europesays.com\/fr\/wp-json\/wp\/v2\/posts"}],"about":[{"href":"https:\/\/www.europesays.com\/fr\/wp-json\/wp\/v2\/types\/post"}],"author":[{"embeddable":true,"href":"https:\/\/www.europesays.com\/fr\/wp-json\/wp\/v2\/users\/2"}],"replies":[{"embeddable":true,"href":"https:\/\/www.europesays.com\/fr\/wp-json\/wp\/v2\/comments?post=221214"}],"version-history":[{"count":0,"href":"https:\/\/www.europesays.com\/fr\/wp-json\/wp\/v2\/posts\/221214\/revisions"}],"wp:featuredmedia":[{"embeddable":true,"href":"https:\/\/www.europesays.com\/fr\/wp-json\/wp\/v2\/media\/221215"}],"wp:attachment":[{"href":"https:\/\/www.europesays.com\/fr\/wp-json\/wp\/v2\/media?parent=221214"}],"wp:term":[{"taxonomy":"category","embeddable":true,"href":"https:\/\/www.europesays.com\/fr\/wp-json\/wp\/v2\/categories?post=221214"},{"taxonomy":"post_tag","embeddable":true,"href":"https:\/\/www.europesays.com\/fr\/wp-json\/wp\/v2\/tags?post=221214"}],"curies":[{"name":"wp","href":"https:\/\/api.w.org\/{rel}","templated":true}]}}