{"id":221226,"date":"2025-07-02T17:47:16","date_gmt":"2025-07-02T17:47:16","guid":{"rendered":"https:\/\/www.europesays.com\/fr\/221226\/"},"modified":"2025-07-02T17:47:16","modified_gmt":"2025-07-02T17:47:16","slug":"il-y-a-un-risque-davoir-des-morts","status":"publish","type":"post","link":"https:\/\/www.europesays.com\/fr\/221226\/","title":{"rendered":"il y a un risque d\u2019avoir des morts"},"content":{"rendered":"<p>Le maire de Lille (<a target=\"_self\" href=\"https:\/\/www.lanouvellerepublique.fr\/nord\" rel=\"noopener\">Nord<\/a>) Arnaud Deslandes a pr\u00e9sent\u00e9 les 52 \u00eelots fra\u00eecheur permettant de lutter contre les fortes chaleurs. Cette mesure fait partie du plan d\u2019urgence anti-canicule de la commune qui visent \u00e0 prot\u00e9ger les personnes fragiles, rapporte <a target=\"_blank\" href=\"https:\/\/france3-regions.franceinfo.fr\/hauts-de-france\/nord-0\/lille\/canicule-il-y-a-un-risque-d-avoir-des-morts-le-maire-de-lille-inquiet-de-la-situation-des-sdf-en-appelle-a-l-etat-3180765.html\" rel=\"noopener\">France\u00a03 Hauts-de-France<\/a>\u00a0le 1er\u00a0juillet 2025.<\/p>\n<p>R\u00e9partis aux quatre coins de la ville, ces \u00eelots fra\u00eecheur comprennent des points d\u2019eaux potables et des espaces arbor\u00e9s. Sept d\u2019entre eux sont \u00e9galement \u00e9quip\u00e9s de brumisateurs. Certains parcs et cimeti\u00e8res sont accessibles de jour comme de nuit. L\u2019atrium du mus\u00e9e des Beaux-Arts de Lille restera \u00e9galement ouvert, m\u00eame lors de son jour de fermeture.<\/p>\n<p>Les SDF, une population \u00e0 risque<\/p>\n<p>Les fontaines \u00e0 eau ont \u00e9t\u00e9 multipli\u00e9es dans les \u00e9coles et les personnes \u00e2g\u00e9es peuvent s\u2019inscrire sur un registre afin d\u2019\u00eatre appel\u00e9s r\u00e9guli\u00e8rement. La municipalit\u00e9 s\u2019engage \u00e9galement \u00e0 soutenir les SDF.<\/p>\n<p>\u00ab\u00a0Il y a un risque d\u2019avoir des morts. Il faut une prise en charge sp\u00e9cifique\u00a0: un gymnase \u00e9touffant ne sert \u00e0 rien\u00a0\u00bb, explique l\u2019\u00e9lu qui d\u00e9plore le manque de place en h\u00e9bergement. Des maraudes et les accueils de jour ont donc \u00e9t\u00e9 mis en place, ainsi que des distributions de 3.000 bouteilles d\u2019eau. La municipalit\u00e9 pr\u00e9voit d\u2019en commander d\u2019autres d\u2019ici le mois de septembre\u00a02025.<\/p>\n","protected":false},"excerpt":{"rendered":"Le maire de Lille (Nord) Arnaud Deslandes a pr\u00e9sent\u00e9 les 52 \u00eelots fra\u00eecheur permettant de lutter contre les&hellip;\n","protected":false},"author":2,"featured_media":221227,"comment_status":"","ping_status":"","sticky":false,"template":"","format":"standard","meta":{"footnotes":""},"categories":[2815],"tags":[1111,11,6698,1674,1777,674,274,1011,27,811,1307,12,1308,25],"class_list":{"0":"post-221226","1":"post","2":"type-post","3":"status-publish","4":"format-standard","5":"has-post-thumbnail","7":"category-lille","8":"tag-actu","9":"tag-actualites","10":"tag-canicule","11":"tag-communes","12":"tag-eu","13":"tag-europe","14":"tag-faits-divers-justice","15":"tag-fr","16":"tag-france","17":"tag-hauts-de-france","18":"tag-lille","19":"tag-news","20":"tag-nord","21":"tag-republique-francaise"},"share_on_mastodon":{"url":"","error":""},"_links":{"self":[{"href":"https:\/\/www.europesays.com\/fr\/wp-json\/wp\/v2\/posts\/221226","targetHints":{"allow":["GET"]}}],"collection":[{"href":"https:\/\/www.europesays.com\/fr\/wp-json\/wp\/v2\/posts"}],"about":[{"href":"https:\/\/www.europesays.com\/fr\/wp-json\/wp\/v2\/types\/post"}],"author":[{"embeddable":true,"href":"https:\/\/www.europesays.com\/fr\/wp-json\/wp\/v2\/users\/2"}],"replies":[{"embeddable":true,"href":"https:\/\/www.europesays.com\/fr\/wp-json\/wp\/v2\/comments?post=221226"}],"version-history":[{"count":0,"href":"https:\/\/www.europesays.com\/fr\/wp-json\/wp\/v2\/posts\/221226\/revisions"}],"wp:featuredmedia":[{"embeddable":true,"href":"https:\/\/www.europesays.com\/fr\/wp-json\/wp\/v2\/media\/221227"}],"wp:attachment":[{"href":"https:\/\/www.europesays.com\/fr\/wp-json\/wp\/v2\/media?parent=221226"}],"wp:term":[{"taxonomy":"category","embeddable":true,"href":"https:\/\/www.europesays.com\/fr\/wp-json\/wp\/v2\/categories?post=221226"},{"taxonomy":"post_tag","embeddable":true,"href":"https:\/\/www.europesays.com\/fr\/wp-json\/wp\/v2\/tags?post=221226"}],"curies":[{"name":"wp","href":"https:\/\/api.w.org\/{rel}","templated":true}]}}