{"id":221228,"date":"2025-07-02T17:48:12","date_gmt":"2025-07-02T17:48:12","guid":{"rendered":"https:\/\/www.europesays.com\/fr\/221228\/"},"modified":"2025-07-02T17:48:12","modified_gmt":"2025-07-02T17:48:12","slug":"la-mairie-de-marseille-lance-7-assignations-contre-des-proprietaires-de-airbnb-jusqua-33-millions-deuros-damendes-cumulees","status":"publish","type":"post","link":"https:\/\/www.europesays.com\/fr\/221228\/","title":{"rendered":"La mairie de Marseille lance 7 assignations contre des propri\u00e9taires de Airbnb, jusqu&rsquo;\u00e0 3,3 millions d&rsquo;euros d&rsquo;amendes cumul\u00e9es"},"content":{"rendered":"<p>Apr\u00e8s les <a href=\"https:\/\/www.laprovence.com\/article\/region\/6439204717944114\/info-la-provence-la-ville-de-marseille-reduit-la-duree-de-location-autorisee-des-residences-principales-sur-airbnb\" target=\"_blank\" rel=\"noopener\">d\u00e9lib\u00e9rations en conseil municipal<\/a>, le retrait <a href=\"https:\/\/www.laprovence.com\/article\/societe\/1490169688068215\/a-marseille-nouvelle-demonstration-a-la-disqueuse-de-la-lutte-municipale-contre-airbnb\" target=\"_blank\" rel=\"noopener\">\u00e0 la disqueuse d\u2019une partie des bo\u00eetes \u00e0 cl\u00e9s<\/a> de l\u2019hypercentre, la Ville de Marseille faisait une nouvelle d\u00e9monstration de sa lutte contre la location de meubl\u00e9s touristiques, ce mercredi 2\u00a0juillet. Devant le palais de justice, Patrick Amico avait convoqu\u00e9 la presse pour annoncer le d\u00e9but d\u2019un autre <a href=\"https:\/\/www.laprovence.com\/article\/region\/6439204717944114\/info-la-provence-la-ville-de-marseille-reduit-la-duree-de-location-autorisee-des-residences-principales-sur-airbnb\" target=\"_blank\" rel=\"noopener\">combat contre Airbnb<\/a>, sur le terrain judiciaire cette fois.<\/p>\n<p>Accompagn\u00e9 de l\u2019avocat de la Ville, l\u2019adjoint au maire (GRS) en charge du logement annonce sept premi\u00e8res assignations pour quatre propri\u00e9taires de meubl\u00e9s dans le centre-ville marseillais. Des assignations qui donneront lieu \u00e0 une audience devant un juge civil du tribunal judiciaire le 13\u00a0octobre prochain, et qui pourrait d\u00e9boucher sur 3,3\u00a0millions d\u2019euros d\u2019amendes cumul\u00e9es (vers\u00e9es \u00e0 la municipalit\u00e9 et r\u00e9inject\u00e9es \u00ab\u00a0pour le logement\u00a0\u00bb).<\/p>\n","protected":false},"excerpt":{"rendered":"Apr\u00e8s les d\u00e9lib\u00e9rations en conseil municipal, le retrait \u00e0 la disqueuse d\u2019une partie des bo\u00eetes \u00e0 cl\u00e9s de&hellip;\n","protected":false},"author":2,"featured_media":221229,"comment_status":"","ping_status":"","sticky":false,"template":"","format":"standard","meta":{"footnotes":""},"categories":[2814],"tags":[17,1111,11,36002,1444,154,1777,674,274,1011,27,9447,5415,884,12,20721,882,25],"class_list":{"0":"post-221228","1":"post","2":"type-post","3":"status-publish","4":"format-standard","5":"has-post-thumbnail","7":"category-marseille","8":"tag-17","9":"tag-actu","10":"tag-actualites","11":"tag-assignations","12":"tag-contre","13":"tag-des","14":"tag-eu","15":"tag-europe","16":"tag-faits-divers-justice","17":"tag-fr","18":"tag-france","19":"tag-lance","20":"tag-mairie","21":"tag-marseille","22":"tag-news","23":"tag-proprietaires","24":"tag-provence-alpes-cote-dazur","25":"tag-republique-francaise"},"share_on_mastodon":{"url":"","error":""},"_links":{"self":[{"href":"https:\/\/www.europesays.com\/fr\/wp-json\/wp\/v2\/posts\/221228","targetHints":{"allow":["GET"]}}],"collection":[{"href":"https:\/\/www.europesays.com\/fr\/wp-json\/wp\/v2\/posts"}],"about":[{"href":"https:\/\/www.europesays.com\/fr\/wp-json\/wp\/v2\/types\/post"}],"author":[{"embeddable":true,"href":"https:\/\/www.europesays.com\/fr\/wp-json\/wp\/v2\/users\/2"}],"replies":[{"embeddable":true,"href":"https:\/\/www.europesays.com\/fr\/wp-json\/wp\/v2\/comments?post=221228"}],"version-history":[{"count":0,"href":"https:\/\/www.europesays.com\/fr\/wp-json\/wp\/v2\/posts\/221228\/revisions"}],"wp:featuredmedia":[{"embeddable":true,"href":"https:\/\/www.europesays.com\/fr\/wp-json\/wp\/v2\/media\/221229"}],"wp:attachment":[{"href":"https:\/\/www.europesays.com\/fr\/wp-json\/wp\/v2\/media?parent=221228"}],"wp:term":[{"taxonomy":"category","embeddable":true,"href":"https:\/\/www.europesays.com\/fr\/wp-json\/wp\/v2\/categories?post=221228"},{"taxonomy":"post_tag","embeddable":true,"href":"https:\/\/www.europesays.com\/fr\/wp-json\/wp\/v2\/tags?post=221228"}],"curies":[{"name":"wp","href":"https:\/\/api.w.org\/{rel}","templated":true}]}}