{"id":221232,"date":"2025-07-02T17:50:10","date_gmt":"2025-07-02T17:50:10","guid":{"rendered":"https:\/\/www.europesays.com\/fr\/221232\/"},"modified":"2025-07-02T17:50:10","modified_gmt":"2025-07-02T17:50:10","slug":"robert-kool-bell-dans-un-bouchon-avant-le-concert","status":"publish","type":"post","link":"https:\/\/www.europesays.com\/fr\/221232\/","title":{"rendered":"Robert \u201cKool\u201d Bell dans un bouchon avant le concert"},"content":{"rendered":"<p>Avant son concert aux Nuits de Fourvi\u00e8re, le leader, bassiste et fondateur du groupe Kool &amp; The Gang, Robert \u201cKool\u201d Bell, est descendu en ville. Il a d\u00e9jeun\u00e9 (en fin de service, vers 14 heures) dans l\u2019un des restaurants du Vieux Lyon, place Neuve, dans le quartier Saint-Jean, quasi-incognito.<\/p>\n<p>  Recommand\u00e9 par des amis<\/p>\n<p>Bobby s\u2019est r\u00e9gal\u00e9 d\u2019un plat de saumon arros\u00e9 d\u2019eau gazeuse avec des rondelles de citron\u2026 Recommand\u00e9 par \u00ab\u00a0des amis, apr\u00e8s rep\u00e9rages de son promoteur\u00a0\u00bb, il s\u2019est volontiers pr\u00eat\u00e9 au jeu de la photo souvenir avec l\u2019\u00e9quipe du restaurant.<\/p>\n<p>\u00ab\u00a0Tout\u00a0le monde \u00e9tait ravi, souligne Gilles Sorg, le g\u00e9rant. On a souvent eu des stars qui dormaient \u00e0 c\u00f4t\u00e9, \u00e0 la Cour des Loges [l\u2019h\u00f4tel a \u00e9t\u00e9 ferm\u00e9 pour travaux et vient de rouvrir], \u00e7a va s\u00fbrement repartir.\u00a0\u00bb<\/p>\n<p>L\u2019\u00e9quipe avait d\u00e9j\u00e0 pr\u00e9vu sa soir\u00e9e au concert. Histoire de celebrate \u00a0!<\/p>\n<p class=\"note\">Les Ventres jaunes , <a href=\"https:\/\/lesventresjaunes.fr\/\" target=\"_blank\" rel=\"nofollow noopener\">https:\/\/lesventresjaunes.fr\/<\/a>\u00a0 : 1, place Neuve (Lyon 5e )<\/p>\n","protected":false},"excerpt":{"rendered":"Avant son concert aux Nuits de Fourvi\u00e8re, le leader, bassiste et fondateur du groupe Kool &amp; The Gang,&hellip;\n","protected":false},"author":2,"featured_media":221233,"comment_status":"","ping_status":"","sticky":false,"template":"","format":"standard","meta":{"footnotes":""},"categories":[1889],"tags":[1111,11,2430,1687,2757,1777,674,107,1011,27,2428,2756,12,973,25,2429,3140],"class_list":{"0":"post-221232","1":"post","2":"type-post","3":"status-publish","4":"format-standard","5":"has-post-thumbnail","7":"category-lyon","8":"tag-actu","9":"tag-actualites","10":"tag-auvergne-rhone-alpes","11":"tag-culture-loisirs","12":"tag-edition-lyon-villeurbanne","13":"tag-eu","14":"tag-europe","15":"tag-fil-info","16":"tag-fr","17":"tag-france","18":"tag-lyon","19":"tag-lyon-bassin","20":"tag-news","21":"tag-people","22":"tag-republique-francaise","23":"tag-rhone","24":"tag-spectacle"},"share_on_mastodon":{"url":"","error":""},"_links":{"self":[{"href":"https:\/\/www.europesays.com\/fr\/wp-json\/wp\/v2\/posts\/221232","targetHints":{"allow":["GET"]}}],"collection":[{"href":"https:\/\/www.europesays.com\/fr\/wp-json\/wp\/v2\/posts"}],"about":[{"href":"https:\/\/www.europesays.com\/fr\/wp-json\/wp\/v2\/types\/post"}],"author":[{"embeddable":true,"href":"https:\/\/www.europesays.com\/fr\/wp-json\/wp\/v2\/users\/2"}],"replies":[{"embeddable":true,"href":"https:\/\/www.europesays.com\/fr\/wp-json\/wp\/v2\/comments?post=221232"}],"version-history":[{"count":0,"href":"https:\/\/www.europesays.com\/fr\/wp-json\/wp\/v2\/posts\/221232\/revisions"}],"wp:featuredmedia":[{"embeddable":true,"href":"https:\/\/www.europesays.com\/fr\/wp-json\/wp\/v2\/media\/221233"}],"wp:attachment":[{"href":"https:\/\/www.europesays.com\/fr\/wp-json\/wp\/v2\/media?parent=221232"}],"wp:term":[{"taxonomy":"category","embeddable":true,"href":"https:\/\/www.europesays.com\/fr\/wp-json\/wp\/v2\/categories?post=221232"},{"taxonomy":"post_tag","embeddable":true,"href":"https:\/\/www.europesays.com\/fr\/wp-json\/wp\/v2\/tags?post=221232"}],"curies":[{"name":"wp","href":"https:\/\/api.w.org\/{rel}","templated":true}]}}