{"id":221236,"date":"2025-07-02T17:52:09","date_gmt":"2025-07-02T17:52:09","guid":{"rendered":"https:\/\/www.europesays.com\/fr\/221236\/"},"modified":"2025-07-02T17:52:09","modified_gmt":"2025-07-02T17:52:09","slug":"en-ile-de-france-les-friches-restent-stables-en-surface-mais-evolutives-dans-leur-nature","status":"publish","type":"post","link":"https:\/\/www.europesays.com\/fr\/221236\/","title":{"rendered":"en \u00cele-de-France, les friches restent stables en surface mais \u00e9volutives dans leur nature"},"content":{"rendered":"<p>\nFin 2024, 3 010 friches de plus de 100 m2 couvrant un total de 3 529 ha ont \u00e9t\u00e9 recens\u00e9es en Ile-de-France, dont pr\u00e8s d&rsquo;un tiers \u00e0 Paris et en petite couronne. Ces quelques chiffres \u00e9manent de l&rsquo;Observatoire des friches franciliennes cr\u00e9\u00e9 en 2021 par la r\u00e9gion et l&rsquo;Institut Paris R\u00e9gion (IPR). Ils sont \u00e9tablis \u00e0 partir des retours de terrain des collectivit\u00e9s locales et des partenaires du plan friches r\u00e9gional, de l&rsquo;actualisation des fichiers fonciers et des d\u00e9p\u00f4ts de permis de construire.<\/p>\n<p>\nPar rapport \u00e0 2023, les r\u00e9sultats restent relativement stables. En un an, les espaces inutilis\u00e9s ont augment\u00e9 de 11,4 % en nombre mais seulement de 1,9 % en superficie. Concr\u00e8tement, pr\u00e8s de 280 ha des sites recens\u00e9s ont \u00e9t\u00e9 r\u00e9habilit\u00e9s et 430 ha de friches sont apparus. \u00ab On constate un renouvellement d&rsquo;environ 10 % par an au cours des quatre derni\u00e8res ann\u00e9es \u00bb, a comment\u00e9 Damien Delaville, urbaniste \u00e0 l&rsquo;IPR, lors du colloque consacr\u00e9 \u00e0 cette th\u00e9matique, le 19 juin. Le fait le plus notable concerne les friches habitat, pass\u00e9es de 870 pour 136 ha \u00e0 1071 pour 164 ha mais toujours aussi petites, de l&rsquo;ordre de 0,15 ha en moyenne.<\/p>\n<p>\n<img decoding=\"async\" alt=\"9618_541458_k2_k1_1292735.jpg\" src=\"data:image\/gif;base64,R0lGODdhAQABAPAAAMPDwwAAACwAAAAAAQABAAACAkQBADs=\" data-original=\"https:\/\/www.lemoniteur.fr\/mediatheque\/5\/0\/3\/002436305_illustration_large.jpg\"\/><\/p>\n<p>Recensement des sites mutables<\/p>\n<p>\nSur ce stock r\u00e9gional d&rsquo;espaces ayant perdu leur usage ou leur fonction, ceux li\u00e9s aux infrastructures de transport s&rsquo;\u00e9l\u00e8vent \u00e0 87 ha alors que la SNCF, de son c\u00f4t\u00e9, \u00e9value les friches ferroviaires \u00e0 291 ha. \u00ab Nous ne donnons pas la m\u00eame d\u00e9finition \u00e0 ce terme \u00bb, a expliqu\u00e9 Xavier Moreau de Bellaing, directeur innovation urbaine Paris et petite couronne \u00e0 SNCF Immobilier. Alors que l&rsquo;IPR retient celle de la loi Climat et r\u00e9silience, pr\u00e9cis\u00e9e par un d\u00e9cret l&rsquo;an dernier, la SNCF qualifie de friche tout site d\u00e9clar\u00e9 mutable, \u00ab ce qui, au sens ferroviaire, signifie qu&rsquo;aucune entit\u00e9 du groupe SNCF n&rsquo;a besoin de l&#8217;emprise concern\u00e9e \u00bb, a-t-il pr\u00e9cis\u00e9.<\/p>\n<p>\nC&rsquo;est d&rsquo;ailleurs notamment suite \u00e0 des \u00e9changes avec SNCF Immo que l&rsquo;IPR a d\u00e9cid\u00e9 d&rsquo;enrichir le recensement des sites mutables, qui se limite pour l&rsquo;instant aux friches. \u00ab Nous voulons \u00e9largir la focale en prenant aussi en compte les espaces sous-utilis\u00e9s ou mal utilis\u00e9s, les dents creuses\u2026 , a indiqu\u00e9 Nicolas Laruelle, urbaniste \u00e0 l&rsquo;IPR. Cela ne veut pas dire que ces fonciers seront urbanis\u00e9s mais qu&rsquo;il s&rsquo;agit d&rsquo;espaces \u00e0 consid\u00e9rer. \u00bb<\/p>\n<p>\n\u00a0<\/p>\n","protected":false},"excerpt":{"rendered":"Fin 2024, 3 010 friches de plus de 100 m2 couvrant un total de 3 529 ha ont&hellip;\n","protected":false},"author":2,"featured_media":221237,"comment_status":"","ping_status":"","sticky":false,"template":"","format":"standard","meta":{"footnotes":""},"categories":[1592],"tags":[1111,11,36003,7331,1777,674,33702,1011,27,14694,2602,662,12,626,25,7333],"class_list":{"0":"post-221236","1":"post","2":"type-post","3":"status-publish","4":"format-standard","5":"has-post-thumbnail","7":"category-ile-de-france","8":"tag-actu","9":"tag-actualites","10":"tag-code-de-l-urbanisme","11":"tag-collectivites-locales","12":"tag-eu","13":"tag-europe","14":"tag-foncier","15":"tag-fr","16":"tag-france","17":"tag-friches","18":"tag-grand-paris-ile-de-fra","19":"tag-ile-de-france","20":"tag-news","21":"tag-paris","22":"tag-republique-francaise","23":"tag-vie-du-btp"},"share_on_mastodon":{"url":"","error":""},"_links":{"self":[{"href":"https:\/\/www.europesays.com\/fr\/wp-json\/wp\/v2\/posts\/221236","targetHints":{"allow":["GET"]}}],"collection":[{"href":"https:\/\/www.europesays.com\/fr\/wp-json\/wp\/v2\/posts"}],"about":[{"href":"https:\/\/www.europesays.com\/fr\/wp-json\/wp\/v2\/types\/post"}],"author":[{"embeddable":true,"href":"https:\/\/www.europesays.com\/fr\/wp-json\/wp\/v2\/users\/2"}],"replies":[{"embeddable":true,"href":"https:\/\/www.europesays.com\/fr\/wp-json\/wp\/v2\/comments?post=221236"}],"version-history":[{"count":0,"href":"https:\/\/www.europesays.com\/fr\/wp-json\/wp\/v2\/posts\/221236\/revisions"}],"wp:featuredmedia":[{"embeddable":true,"href":"https:\/\/www.europesays.com\/fr\/wp-json\/wp\/v2\/media\/221237"}],"wp:attachment":[{"href":"https:\/\/www.europesays.com\/fr\/wp-json\/wp\/v2\/media?parent=221236"}],"wp:term":[{"taxonomy":"category","embeddable":true,"href":"https:\/\/www.europesays.com\/fr\/wp-json\/wp\/v2\/categories?post=221236"},{"taxonomy":"post_tag","embeddable":true,"href":"https:\/\/www.europesays.com\/fr\/wp-json\/wp\/v2\/tags?post=221236"}],"curies":[{"name":"wp","href":"https:\/\/api.w.org\/{rel}","templated":true}]}}