{"id":221238,"date":"2025-07-02T17:53:10","date_gmt":"2025-07-02T17:53:10","guid":{"rendered":"https:\/\/www.europesays.com\/fr\/221238\/"},"modified":"2025-07-02T17:53:10","modified_gmt":"2025-07-02T17:53:10","slug":"bouclier-securite-en-ile-de-france-valerie-pecresse-se-prend-les-pieds-dans-le-droit","status":"publish","type":"post","link":"https:\/\/www.europesays.com\/fr\/221238\/","title":{"rendered":"\u00ab\u00a0Bouclier s\u00e9curit\u00e9\u00a0\u00bb\u00a0: en \u00cele-de-France, Val\u00e9rie P\u00e9cresse se prend les pieds dans le droit"},"content":{"rendered":"<p>Branle-bas de combat, tout le monde sur le pont\u00a0! Ce mercredi 2\u00a0juillet, Val\u00e9rie P\u00e9cresse, la pr\u00e9sidente de la r\u00e9gion \u00cele-de-France, a tent\u00e9 une d\u00e9monstration de force pour d\u00e9fendre <a href=\"https:\/\/www.humanite.fr\/politique\/securite\/le-bouclier-de-securite-de-valerie-pecresse-se-fend-739055\" target=\"_blank\" rel=\"noopener\">son \u00ab\u00a0bouclier s\u00e9curit\u00e9\u00a0\u00bb<\/a>, une politique d\u2019aide financi\u00e8re aux communes souhaitant \u00e9quiper leur police municipale (PM). Depuis 2021, la candidate malheureuse \u00e0 l\u2019\u00e9lection pr\u00e9sidentielle de 2022 \u2013 avec 4,8\u00a0% des voix \u2013 a ouvert les vannes des subventions pour l\u2019achat, notamment, d\u2019armes \u00e0 feu pour les agents de la PM et de cam\u00e9ras pour \u00e9toffer la vid\u00e9osurveillance.<\/p>\n<p>\u00ab\u00a0Val\u00e9rie P\u00e9cresse, pr\u00e9sidente de la R\u00e9gion \u00cele-de-France, et Fr\u00e9d\u00e9ric P\u00e9chenard, vice-pr\u00e9sident charg\u00e9 de la S\u00e9curit\u00e9 et de l\u2019Aide aux victimes, r\u00e9unissent, ce 2\u00a0juillet 2025, les pr\u00e9sidents de D\u00e9partement et les maires b\u00e9n\u00e9ficiaires du Bouclier de s\u00e9curit\u00e9, menac\u00e9 d\u2019annulation par le tribunal administratif \u00e0 la suite d\u2019un recours\u00a0\u00bb, peut-on lire sur le site de la R\u00e9gion, le communiqu\u00e9 renvoyant \u00e0 un lien YouTube pour assister en direct \u00e0 cette s\u00e9ance particuli\u00e8re&#8230;.<\/p>\n","protected":false},"excerpt":{"rendered":"Branle-bas de combat, tout le monde sur le pont\u00a0! Ce mercredi 2\u00a0juillet, Val\u00e9rie P\u00e9cresse, la pr\u00e9sidente de la&hellip;\n","protected":false},"author":2,"featured_media":221239,"comment_status":"","ping_status":"","sticky":false,"template":"","format":"standard","meta":{"footnotes":""},"categories":[1592],"tags":[1111,11,1777,674,1011,27,662,12,626,2872,25,4494],"class_list":{"0":"post-221238","1":"post","2":"type-post","3":"status-publish","4":"format-standard","5":"has-post-thumbnail","7":"category-ile-de-france","8":"tag-actu","9":"tag-actualites","10":"tag-eu","11":"tag-europe","12":"tag-fr","13":"tag-france","14":"tag-ile-de-france","15":"tag-news","16":"tag-paris","17":"tag-police-municipale","18":"tag-republique-francaise","19":"tag-valu00e9rie-pu00e9cresse"},"share_on_mastodon":{"url":"","error":""},"_links":{"self":[{"href":"https:\/\/www.europesays.com\/fr\/wp-json\/wp\/v2\/posts\/221238","targetHints":{"allow":["GET"]}}],"collection":[{"href":"https:\/\/www.europesays.com\/fr\/wp-json\/wp\/v2\/posts"}],"about":[{"href":"https:\/\/www.europesays.com\/fr\/wp-json\/wp\/v2\/types\/post"}],"author":[{"embeddable":true,"href":"https:\/\/www.europesays.com\/fr\/wp-json\/wp\/v2\/users\/2"}],"replies":[{"embeddable":true,"href":"https:\/\/www.europesays.com\/fr\/wp-json\/wp\/v2\/comments?post=221238"}],"version-history":[{"count":0,"href":"https:\/\/www.europesays.com\/fr\/wp-json\/wp\/v2\/posts\/221238\/revisions"}],"wp:featuredmedia":[{"embeddable":true,"href":"https:\/\/www.europesays.com\/fr\/wp-json\/wp\/v2\/media\/221239"}],"wp:attachment":[{"href":"https:\/\/www.europesays.com\/fr\/wp-json\/wp\/v2\/media?parent=221238"}],"wp:term":[{"taxonomy":"category","embeddable":true,"href":"https:\/\/www.europesays.com\/fr\/wp-json\/wp\/v2\/categories?post=221238"},{"taxonomy":"post_tag","embeddable":true,"href":"https:\/\/www.europesays.com\/fr\/wp-json\/wp\/v2\/tags?post=221238"}],"curies":[{"name":"wp","href":"https:\/\/api.w.org\/{rel}","templated":true}]}}