{"id":221240,"date":"2025-07-02T17:54:11","date_gmt":"2025-07-02T17:54:11","guid":{"rendered":"https:\/\/www.europesays.com\/fr\/221240\/"},"modified":"2025-07-02T17:54:11","modified_gmt":"2025-07-02T17:54:11","slug":"bison-fute-prevoit-un-week-end-tres-difficile-sur-les-routes-de-paris-et-dile-de-france","status":"publish","type":"post","link":"https:\/\/www.europesays.com\/fr\/221240\/","title":{"rendered":"Bison Fut\u00e9 pr\u00e9voit un week-end tr\u00e8s difficile sur les routes de Paris et d&rsquo;\u00cele-de-France"},"content":{"rendered":"<p>            Par<br \/>\n        <strong><br \/>\n            <a href=\"https:\/\/actu.fr\/auteur\/redaction-paris\" title=\"Consulter tous les articles de R\u00e9daction Paris\" target=\"_blank\" rel=\"noopener\">R\u00e9daction Paris<\/a><br \/>\n        <\/strong><\/p>\n<p>        Publi\u00e9 le<\/p>\n<p>            2 juil. 2025 \u00e0 18h43        <\/p>\n<p>Coup d\u2019envoi des <strong>vacances d\u2019\u00e9t\u00e9<\/strong>. Ce vendredi 4\u00a0juillet 2025, les \u00e9coliers franciliens remiseront leurs cartables pour deux mois. Si les <a href=\"https:\/\/actu.fr\/ile-de-france\/paris_75056\/ressenti-44-c-meteo-france-declenche-la-vigilance-rouge-canicule-a-paris-et-en-petite-couronne_62846076.html\" target=\"_blank\" rel=\"noopener\">fortes chaleurs<\/a> auront cess\u00e9, la <a href=\"https:\/\/actu.fr\/tag\/circulation\" target=\"_blank\" rel=\"noopener\">circulation<\/a> sera particuli\u00e8rement <strong>compliqu\u00e9e<\/strong> lors du premier week-end de la tr\u00eave estivale sur les routes de <a href=\"https:\/\/actu.fr\/paris\/\" target=\"_blank\" rel=\"noopener\">Paris<\/a> et d\u2019\u00cele-de-France, a annonc\u00e9 <a href=\"https:\/\/actu.fr\/tag\/bison-fute\" target=\"_blank\" rel=\"noopener\">Bison Fut\u00e9<\/a> dans un bulletin d\u00e9voil\u00e9 mercredi 2\u00a0juillet.<\/p>\n<p>Les d\u00e9parts vers le sud compliqu\u00e9s<\/p>\n<p class=\" wall-content\">Les premiers ralentissements devraient intervenir dans la matin\u00e9e du vendredi, une journ\u00e9e class\u00e9e en rouge. D\u2019apr\u00e8s Bison Fut\u00e9, les difficult\u00e9s se concentreront sur les autoroutes <strong>A10 et A6<\/strong>, traditionnels lieux de procession des vacanciers vers le sud de la France. Les r\u00e9seaux <strong>A86 et A6b<\/strong> seront \u00e9galement concern\u00e9s. La circulation sera compliqu\u00e9e \u00ab\u2009jusqu\u2019en fin de soir\u00e9e\u2009\u00bb, estime l\u2019organisme. En cons\u00e9quence, ce dernier recommande de partir \u00ab<strong>\u2009avant 10\u00a0heures ou apr\u00e8s 23\u00a0heures<\/strong>\u2009\u00bb.<\/p>\n<p class=\" wall-content\">\n<p class=\" wall-content\">Cette premi\u00e8re journ\u00e9e augure un samedi 6\u00a0juillet 2025 <strong>\u00e9prouvant<\/strong> pour les automobilistes. La circulation sera tr\u00e8s difficile en <a href=\"https:\/\/actu.fr\/ile-de-france\/\" target=\"_blank\" rel=\"noopener\">\u00cele-de-France<\/a>, avec un pic des embouteillages en matin\u00e9e et en d\u00e9but d\u2019apr\u00e8s-midi. Tous les axes autoroutiers ceinturant la capitale conna\u00eetront une congestion du trafic. Mais les pires encombrements concerneront <strong>l\u2019A13<\/strong> en direction de la Normandie, de <strong>l\u2019A10, de l\u2019A11<\/strong> vers la c\u00f4te Atlantique, et <strong>l\u2019A7 et l\u2019A9<\/strong> vers la M\u00e9diterran\u00e9enne.<\/p>\n<p class=\" wall-content\">Pour \u00e9viter ces ralentissements, Bison Fut\u00e9 enjoint les automobilistes \u00e0 quitter la r\u00e9gion <strong>avant 5\u00a0heures ou apr\u00e8s 17\u00a0heures<\/strong>. Ce dimanche 6\u00a0juillet 2025 sera la journ\u00e9e la plus <strong>agr\u00e9able<\/strong> pour conduire. La circulation, mat\u00e9rialis\u00e9e par la couleur orange sera \u00ab\u2009dense\u2009\u00bb, mais sans \u00eatre satur\u00e9e, indiquent les autorit\u00e9s. Dans le sens des retours, tous les voyants sont au vert du vendredi au dimanche.<\/p>\n<p class=\" wall-content\">Suivez toute l\u2019actualit\u00e9 de vos villes et m\u00e9dias favoris en vous inscrivant \u00e0 <a href=\"https:\/\/moncompte.actu.fr\" title=\"D\u00e9couvez Mon Actu\" rel=\"nofollow noopener\" data-trk=\"{&quot;cta&quot;:{&quot;action&quot;:&quot;https:\\\/\\\/moncompte.actu.fr&quot;,&quot;category&quot;:&quot;mon compte&quot;,&quot;from&quot;:&quot;article footer&quot;,&quot;name&quot;:&quot;Mon actu&quot;,&quot;type&quot;:&quot;cta&quot;}}\" target=\"_blank\">Mon Actu<\/a>.<\/p>\n","protected":false},"excerpt":{"rendered":"Par R\u00e9daction Paris Publi\u00e9 le 2 juil. 2025 \u00e0 18h43 Coup d\u2019envoi des vacances d\u2019\u00e9t\u00e9. Ce vendredi 4\u00a0juillet&hellip;\n","protected":false},"author":2,"featured_media":208879,"comment_status":"","ping_status":"","sticky":false,"template":"","format":"standard","meta":{"footnotes":""},"categories":[1888],"tags":[1111,1928,11,1927,6427,3542,1777,674,1011,27,12,1926,626,1925,25,104,3176],"class_list":{"0":"post-221240","1":"post","2":"type-post","3":"status-publish","4":"format-standard","5":"has-post-thumbnail","7":"category-paris","8":"tag-actu","9":"tag-actu-paris","10":"tag-actualites","11":"tag-actualites-paris","12":"tag-bison-fute","13":"tag-circulation","14":"tag-eu","15":"tag-europe","16":"tag-fr","17":"tag-france","18":"tag-news","19":"tag-news-paris","20":"tag-paris","21":"tag-paris-news","22":"tag-republique-francaise","23":"tag-societe","24":"tag-vacances-scolaires"},"share_on_mastodon":{"url":"https:\/\/pubeurope.com\/@fr\/114784925378930642","error":""},"_links":{"self":[{"href":"https:\/\/www.europesays.com\/fr\/wp-json\/wp\/v2\/posts\/221240","targetHints":{"allow":["GET"]}}],"collection":[{"href":"https:\/\/www.europesays.com\/fr\/wp-json\/wp\/v2\/posts"}],"about":[{"href":"https:\/\/www.europesays.com\/fr\/wp-json\/wp\/v2\/types\/post"}],"author":[{"embeddable":true,"href":"https:\/\/www.europesays.com\/fr\/wp-json\/wp\/v2\/users\/2"}],"replies":[{"embeddable":true,"href":"https:\/\/www.europesays.com\/fr\/wp-json\/wp\/v2\/comments?post=221240"}],"version-history":[{"count":0,"href":"https:\/\/www.europesays.com\/fr\/wp-json\/wp\/v2\/posts\/221240\/revisions"}],"wp:featuredmedia":[{"embeddable":true,"href":"https:\/\/www.europesays.com\/fr\/wp-json\/wp\/v2\/media\/208879"}],"wp:attachment":[{"href":"https:\/\/www.europesays.com\/fr\/wp-json\/wp\/v2\/media?parent=221240"}],"wp:term":[{"taxonomy":"category","embeddable":true,"href":"https:\/\/www.europesays.com\/fr\/wp-json\/wp\/v2\/categories?post=221240"},{"taxonomy":"post_tag","embeddable":true,"href":"https:\/\/www.europesays.com\/fr\/wp-json\/wp\/v2\/tags?post=221240"}],"curies":[{"name":"wp","href":"https:\/\/api.w.org\/{rel}","templated":true}]}}