{"id":221248,"date":"2025-07-02T17:59:10","date_gmt":"2025-07-02T17:59:10","guid":{"rendered":"https:\/\/www.europesays.com\/fr\/221248\/"},"modified":"2025-07-02T17:59:10","modified_gmt":"2025-07-02T17:59:10","slug":"lukraine-sous-la-double-menace-des-bombes-russes-et-du-desengagement-americain","status":"publish","type":"post","link":"https:\/\/www.europesays.com\/fr\/221248\/","title":{"rendered":"L\u2019Ukraine sous la double menace des bombes russes et du d\u00e9sengagement am\u00e9ricain"},"content":{"rendered":"<p><strong>R\u00c9CIT &#8211; <\/strong>L\u2019Administration Trump a annonc\u00e9 la suspension des livraisons d\u2019armes cruciales pour Kiev, comme les missiles de d\u00e9fense a\u00e9rienne Patriot, pour reconstituer les stocks du Pentagone.<\/p>\n<p class=\"fig-paragraph\">L\u2019Ukraine est sonn\u00e9e\u00a0: apr\u00e8s avoir subi il y a quelques jours des frappes russes massives, elle a d\u00fb encaisser mercredi le choc\u00a0<a href=\"http:\/\/www.lefigaro.fr\/international\/guerre-en-ukraine-sans-les-munitions-americaines-le-pays-aura-du-mal-face-a-la-russie-20250702\" target=\"_blank\" data-fig-type=\"NewsFlash\" rel=\"noopener nofollow\" data-gtm-custom-categorie=\"navigation\" data-gtm-custom-action=\"crossclick\" data-gtm-custom-label=\"Contextuel\" data-gtm-event=\"customEventSPE\" data-fig-domain=\"LEFIGARO\">d\u2019un d\u00e9saveu am\u00e9ricain<\/a>. L\u2019Administration Trump a confirm\u00e9 les r\u00e9v\u00e9lations de Politico et d\u2019autres m\u00e9dias\u00a0: Washington envisage de suspendre la livraison d\u2019armes pourtant cruciales pour la d\u00e9fense de l\u2019Ukraine.<\/p>\n<p class=\"fig-paragraph\">\u00ab\u00a0Cette d\u00e9cision a \u00e9t\u00e9 prise pour mettre les int\u00e9r\u00eats de l\u2019Am\u00e9rique en premier\u00a0\u00bb, a d\u00e9clar\u00e9, dans un communiqu\u00e9 transmis \u00e0 l\u2019AFP Anna Kelly, une porte-parole adjointe de la Maison-Blanche. Les stocks d\u2019armes am\u00e9ricains auraient trop diminu\u00e9, mettant en danger la s\u00e9curit\u00e9 des \u00c9tats-Unis et ses priorit\u00e9s strat\u00e9giques.\u00a0L\u2019Ukraine\u00a0n\u2019en est pas une, pour Donald Trump. De l\u2019artillerie de pr\u00e9cision, des missiles Hellfire et surtout des Patriot seraient concern\u00e9s par cette suspension. Sans\u00a0<a href=\"http:\/\/www.lefigaro.fr\/international\/otan-les-allies-inquiets-des-defenses-aeriennes-ukrainiennes-20240710\" target=\"_blank\" data-fig-type=\"Article\" rel=\"noopener nofollow\" data-gtm-custom-categorie=\"navigation\" data-gtm-custom-action=\"crossclick\" data-gtm-custom-label=\"Contextuel\" data-gtm-event=\"customEventSPE\" data-fig-domain=\"LEFIGARO\">ces syst\u00e8mes de\u00a0d\u00e9fense\u00a0antia\u00e9riens<\/a>\u00a0qui assurent la protection du ciel ukrainien contre les frappes de missiles balistiques et de croisi\u00e8re russes, l\u2019Ukraine se trouvera\u2026<\/p>\n<p class=\"fig-premium-paywall__infos\">\n        Cet article est r\u00e9serv\u00e9 aux abonn\u00e9s.        Il vous reste 85% \u00e0 d\u00e9couvrir.\n    <\/p>\n<p>                <img  data- alt=\"Le Figaro\" class=\"fig-img--complete fig-img\"\/><\/p>\n<p class=\"fig-premium-paywall__title\">Vous avez envie de lire la suite ?<\/p>\n<p class=\"fig-premium-paywall__subtitle\">D\u00e9bloquez tous les articles imm\u00e9diatement.<\/p>\n<p class=\"fig-premium-paywall__connect\">\n                D\u00e9j\u00e0 abonn\u00e9\u00a0?                <a class=\"fig-premium-paywall__connect-link\" href=\"https:\/\/connect.lefigaro.fr\/login?client=horizon_web&amp;type=main&amp;redirect_uri=https%3A%2F%2Fwww.lefigaro.fr%2Finternational%2Fl-ukraine-sous-la-double-menace-des-bombes-russes-et-du-desengagement-americain-20250702\" data-js-gtm=\"{&quot;customCategorie&quot;: &quot;conversion&quot;, &quot;customAction&quot;: &quot;before_Landing_Connexion_paywall_auto&quot;, &quot;customLabel&quot;: &quot;bGVmaWdhcm8uZnJfXzFmMDU3MzJjLTY2MzMtNjY4OC04NjlhLTk5MzY2YWI5M2E4N19fQXJ0aWNsZQ==_L\u2019Ukraine sous la double menace des bombes russes et du d\u00e9sengagement am\u00e9ricain_653&quot;, &quot;customIDSPE&quot;: &quot;bGVmaWdhcm8uZnJfXzFmMDU3MzJjLTY2MzMtNjY4OC04NjlhLTk5MzY2YWI5M2E4N19fQXJ0aWNsZQ==&quot;, &quot;event&quot;: &quot;customEventSPE&quot;}\" rel=\"nofollow noopener\" target=\"_blank\"><br \/>\n                    Connectez-vous<br \/>\n                <\/a>\n            <\/p>\n","protected":false},"excerpt":{"rendered":"R\u00c9CIT &#8211; L\u2019Administration Trump a annonc\u00e9 la suspension des livraisons d\u2019armes cruciales pour Kiev, comme les missiles de&hellip;\n","protected":false},"author":2,"featured_media":221249,"comment_status":"","ping_status":"","sticky":false,"template":"","format":"standard","meta":{"footnotes":""},"categories":[1590],"tags":[11,554,1777,674,12,220],"class_list":{"0":"post-221248","1":"post","2":"type-post","3":"status-publish","4":"format-standard","5":"has-post-thumbnail","7":"category-ukraine","8":"tag-actualites","9":"tag-defense","10":"tag-eu","11":"tag-europe","12":"tag-news","13":"tag-ukraine"},"share_on_mastodon":{"url":"https:\/\/pubeurope.com\/@fr\/114784945028545192","error":""},"_links":{"self":[{"href":"https:\/\/www.europesays.com\/fr\/wp-json\/wp\/v2\/posts\/221248","targetHints":{"allow":["GET"]}}],"collection":[{"href":"https:\/\/www.europesays.com\/fr\/wp-json\/wp\/v2\/posts"}],"about":[{"href":"https:\/\/www.europesays.com\/fr\/wp-json\/wp\/v2\/types\/post"}],"author":[{"embeddable":true,"href":"https:\/\/www.europesays.com\/fr\/wp-json\/wp\/v2\/users\/2"}],"replies":[{"embeddable":true,"href":"https:\/\/www.europesays.com\/fr\/wp-json\/wp\/v2\/comments?post=221248"}],"version-history":[{"count":0,"href":"https:\/\/www.europesays.com\/fr\/wp-json\/wp\/v2\/posts\/221248\/revisions"}],"wp:featuredmedia":[{"embeddable":true,"href":"https:\/\/www.europesays.com\/fr\/wp-json\/wp\/v2\/media\/221249"}],"wp:attachment":[{"href":"https:\/\/www.europesays.com\/fr\/wp-json\/wp\/v2\/media?parent=221248"}],"wp:term":[{"taxonomy":"category","embeddable":true,"href":"https:\/\/www.europesays.com\/fr\/wp-json\/wp\/v2\/categories?post=221248"},{"taxonomy":"post_tag","embeddable":true,"href":"https:\/\/www.europesays.com\/fr\/wp-json\/wp\/v2\/tags?post=221248"}],"curies":[{"name":"wp","href":"https:\/\/api.w.org\/{rel}","templated":true}]}}