{"id":22125,"date":"2025-04-13T12:13:10","date_gmt":"2025-04-13T12:13:10","guid":{"rendered":"https:\/\/www.europesays.com\/fr\/22125\/"},"modified":"2025-04-13T12:13:10","modified_gmt":"2025-04-13T12:13:10","slug":"londres-exige-des-explications-apres-le-refus-dentree-a-hong-kong-dune-parlementaire-actualites","status":"publish","type":"post","link":"https:\/\/www.europesays.com\/fr\/22125\/","title":{"rendered":"Londres exige des explications apr\u00e8s le refus d&rsquo;entr\u00e9e \u00e0 Hong Kong d&rsquo;une parlementaire : Actualit\u00e9s"},"content":{"rendered":"<p class=\"lead \">Le secr\u00e9taire aux Affaires \u00e9trang\u00e8res britannique, David Lammy, a d\u00e9clar\u00e9 dimanche qu&rsquo;il \u00e9tait profond\u00e9ment pr\u00e9occup\u00e9 apr\u00e8s qu&rsquo;une d\u00e9put\u00e9e britannique s&rsquo;est vu refuser l&rsquo;entr\u00e9e \u00e0 Hong Kong, et qu&rsquo;il allait soulever la question en urgence aupr\u00e8s des autorit\u00e9s chinoises. <\/p>\n<p class=\"lead \">Wera Hobhouse a affirm\u00e9 qu&rsquo;elle \u00e9tait le premier \u00e9lu du Parlement britannique \u00e0 \u00eatre refoul\u00e9 cette semaine \u00e0 son arriv\u00e9e \u00e0 Hong Kong depuis que l&rsquo;ancienne colonie britannique a \u00e9t\u00e9 r\u00e9troc\u00e9d\u00e9e \u00e0 la Chine en 1997. <\/p>\n<p class=\"lead \">Mme Hobhouse est membre de l&rsquo;Alliance interparlementaire IPAC, qui regroupe des parlementaires de plusieurs pays oeuvrant pour la d\u00e9mocratie, en particulier dans le contexte des menaces pos\u00e9es aux droits de l&rsquo;homme par la Chine.<\/p>\n<p class=\"lead \">Le journal Sunday Times a rapport\u00e9 que Mme Hobhouse, 65 ans, s&rsquo;\u00e9tait rendue \u00e0 Hong Kong jeudi pour un voyage personnel afin de rendre visite \u00e0 son petit-fils nouveau-n\u00e9. Selon le journal, son passeport a \u00e9t\u00e9 confisqu\u00e9, elle a \u00e9t\u00e9 interrog\u00e9e sur l&rsquo;objet de sa visite et ses bagages ont \u00e9t\u00e9 fouill\u00e9s.<\/p>\n<p class=\"lead \">\u00ab\u00a0Je suis la premi\u00e8re d\u00e9put\u00e9e \u00e0 se voir refuser l&rsquo;entr\u00e9e \u00e0 Hong Kong depuis 1997. Les autorit\u00e9s ne m&rsquo;ont donn\u00e9 aucune explication\u00a0\u00bb, a d\u00e9clar\u00e9 la parlementaire sur le r\u00e9seau social Bluesky, d\u00e9non\u00e7ant un \u00ab\u00a0coup cruel\u00a0\u00bb.<\/p>\n<p class=\"lead \">Mme Hobhouse est une \u00e9lue du petit parti d&rsquo;opposition des Lib\u00e9raux-d\u00e9mocrates depuis 2017. <\/p>\n<p class=\"lead \">\u00ab\u00a0Il est profond\u00e9ment pr\u00e9occupant qu&rsquo;un d\u00e9put\u00e9 en voyage personnel se voie refuser l&rsquo;entr\u00e9e \u00e0 Hong Kong\u00a0\u00bb, a d\u00e9clar\u00e9 M. Lammy dans un communiqu\u00e9. \u00ab\u00a0Nous allons soulever cette question de toute urgence avec les autorit\u00e9s de Hong Kong et de P\u00e9kin pour demander une explication\u00a0\u00bb. <\/p>\n<p class=\"lead \">\u00ab\u00a0Il serait inacceptable qu&rsquo;un d\u00e9put\u00e9 se voie refuser l&rsquo;entr\u00e9e simplement pour avoir exprim\u00e9 ses opinions en tant que parlementaire\u00a0\u00bb, a-t-il poursuivi. \u00ab\u00a0Des restrictions injustifi\u00e9es \u00e0 la libert\u00e9 de mouvement ne peuvent que nuire davantage \u00e0 la r\u00e9putation internationale de Hong Kong\u00a0\u00bb.<\/p>\n<p class=\"lead \">Cet incident intervient alors que le Parti d\u00e9mocratique de Hong Kong, autrefois la force d&rsquo;opposition phare de la ville mais qui n&rsquo;a plus aujourd&rsquo;hui aucun si\u00e8ge \u00e0 l&rsquo;Assembl\u00e9e, se pr\u00e9pare \u00e0 s&rsquo;auto-dissoudre ce dimanche alors que certaines de ses figures embl\u00e9matiques languissent en prison. <\/p>\n<p class=\"lead \">Il y a une semaine, deux d\u00e9put\u00e9s britanniques du Parti travailliste au pouvoir ont \u00e9t\u00e9 bloqu\u00e9s \u00e0 l&rsquo;entr\u00e9e d&rsquo;Isra\u00ebl et expuls\u00e9s. <\/p>\n<p class=\"small font-weight-bold text-gray3 \"> publi\u00e9 le 13 avril \u00e0 09h14, AFP<\/p>\n<p>                             Partager<\/p>\n","protected":false},"excerpt":{"rendered":"Le secr\u00e9taire aux Affaires \u00e9trang\u00e8res britannique, David Lammy, a d\u00e9clar\u00e9 dimanche qu&rsquo;il \u00e9tait profond\u00e9ment pr\u00e9occup\u00e9 apr\u00e8s qu&rsquo;une d\u00e9put\u00e9e&hellip;\n","protected":false},"author":2,"featured_media":22126,"comment_status":"","ping_status":"","sticky":false,"template":"","format":"standard","meta":{"footnotes":""},"categories":[5],"tags":[11,309,312,1011,27,6228,8226,14,12,1050,28],"class_list":{"0":"post-22125","1":"post","2":"type-post","3":"status-publish","4":"format-standard","5":"has-post-thumbnail","7":"category-international","8":"tag-actualites","9":"tag-chine","10":"tag-diplomatie","11":"tag-fr","12":"tag-france","13":"tag-gb","14":"tag-hongkong","15":"tag-international","16":"tag-news","17":"tag-parlement","18":"tag-world"},"share_on_mastodon":{"url":"https:\/\/pubeurope.com\/@fr\/114330599650655992","error":""},"_links":{"self":[{"href":"https:\/\/www.europesays.com\/fr\/wp-json\/wp\/v2\/posts\/22125","targetHints":{"allow":["GET"]}}],"collection":[{"href":"https:\/\/www.europesays.com\/fr\/wp-json\/wp\/v2\/posts"}],"about":[{"href":"https:\/\/www.europesays.com\/fr\/wp-json\/wp\/v2\/types\/post"}],"author":[{"embeddable":true,"href":"https:\/\/www.europesays.com\/fr\/wp-json\/wp\/v2\/users\/2"}],"replies":[{"embeddable":true,"href":"https:\/\/www.europesays.com\/fr\/wp-json\/wp\/v2\/comments?post=22125"}],"version-history":[{"count":0,"href":"https:\/\/www.europesays.com\/fr\/wp-json\/wp\/v2\/posts\/22125\/revisions"}],"wp:featuredmedia":[{"embeddable":true,"href":"https:\/\/www.europesays.com\/fr\/wp-json\/wp\/v2\/media\/22126"}],"wp:attachment":[{"href":"https:\/\/www.europesays.com\/fr\/wp-json\/wp\/v2\/media?parent=22125"}],"wp:term":[{"taxonomy":"category","embeddable":true,"href":"https:\/\/www.europesays.com\/fr\/wp-json\/wp\/v2\/categories?post=22125"},{"taxonomy":"post_tag","embeddable":true,"href":"https:\/\/www.europesays.com\/fr\/wp-json\/wp\/v2\/tags?post=22125"}],"curies":[{"name":"wp","href":"https:\/\/api.w.org\/{rel}","templated":true}]}}