{"id":221250,"date":"2025-07-02T18:00:15","date_gmt":"2025-07-02T18:00:15","guid":{"rendered":"https:\/\/www.europesays.com\/fr\/221250\/"},"modified":"2025-07-02T18:00:15","modified_gmt":"2025-07-02T18:00:15","slug":"la-fondation-ghf-soutenue-par-les-etats-unis-et-israel-naura-plus-droit-de-cite-en-suisse","status":"publish","type":"post","link":"https:\/\/www.europesays.com\/fr\/221250\/","title":{"rendered":"la fondation GHF, soutenue par les \u00c9tats-Unis et Isra\u00ebl, n&rsquo;aura plus droit de cit\u00e9 en Suisse"},"content":{"rendered":"<p class=\"fig-paragraph\">La\u00a0<a href=\"http:\/\/www.lefigaro.fr\/flash-actu\/les-etats-unis-debloquent-30-millions-de-dollars-pour-la-fondation-humanitaire-de-gaza-20250626\" target=\"_blank\" data-fig-type=\"NewsFlash\" rel=\"noopener nofollow\" data-gtm-custom-categorie=\"navigation\" data-gtm-custom-action=\"crossclick\" data-gtm-custom-label=\"Contextuel\" data-gtm-event=\"customEventSPE\" data-fig-domain=\"LEFIGARO\">Fondation humanitaire de Gaza<\/a>\u00a0(GHF), soutenue par les\u00a0<a href=\"http:\/\/www.lefigaro.fr\/conjoncture\/aux-etats-unis-la-grande-et-belle-loi-de-donald-trump-menacee-par-les-frondeurs-republicains-20250702\" target=\"_blank\" data-fig-type=\"Article\" rel=\"noopener nofollow\" data-gtm-custom-categorie=\"navigation\" data-gtm-custom-action=\"crossclick\" data-gtm-custom-label=\"Contextuel\" data-gtm-event=\"customEventSPE\" data-fig-domain=\"LEFIGARO\">\u00c9tats-Unis<\/a>\u00a0et Isra\u00ebl mais remise en cause par l&rsquo;ONU et des dizaines d&rsquo;ONG internationales, n&rsquo;aura bient\u00f4t plus droit de cit\u00e9 en\u00a0<a href=\"http:\/\/www.lefigaro.fr\/flash-eco\/le-fmi-encourage-la-suisse-a-renforcer-la-resilience-de-ses-banques-20250701\" target=\"_blank\" data-fig-type=\"NewsFlash\" rel=\"noopener nofollow\" data-gtm-custom-categorie=\"navigation\" data-gtm-custom-action=\"crossclick\" data-gtm-custom-label=\"Contextuel\" data-gtm-event=\"customEventSPE\" data-fig-domain=\"LEFIGARO\">Suisse<\/a>\u00a0pour des raisons administratives, n&rsquo;ayant ni repr\u00e9sentant ni adresse. La fondation enregistr\u00e9e \u00e0 Gen\u00e8ve, si\u00e8ge de nombreuses ONG et agences onusiennes, est une filiale de la Gaza Humanitarian Foundation, bas\u00e9e dans le\u00a0<a href=\"http:\/\/www.lefigaro.fr\/flash-eco\/furieux-contre-la-juridiction-du-delaware-elon-musk-demenage-le-siege-de-spacex-au-texas-20240216\" target=\"_blank\" data-fig-type=\"NewsFlash\" rel=\"noopener nofollow\" data-gtm-custom-categorie=\"navigation\" data-gtm-custom-action=\"crossclick\" data-gtm-custom-label=\"Contextuel\" data-gtm-event=\"customEventSPE\" data-fig-domain=\"LEFIGARO\">Delaware<\/a>\u00a0aux \u00c9tats-Unis.<\/p>\n<p class=\"fig-paragraph\">L&rsquo;Autorit\u00e9 suisse f\u00e9d\u00e9rale de surveillance (ASF) des fondations a publi\u00e9 mercredi dans la feuille officielle suisse du commerce \u00abun appel aux cr\u00e9anciers suite \u00e0 la liquidation de la fondation enregistr\u00e9e \u00e0 Gen\u00e8ve\u00bb et \u00abpourra ordonner la dissolution de la fondation si aucun cr\u00e9ancier ne s&rsquo;annonce dans le d\u00e9lai l\u00e9gal de 30 jours\u00bb, a indiqu\u00e9 le D\u00e9partement f\u00e9d\u00e9ral de l&rsquo;Int\u00e9rieur \u00e0 l&rsquo;AFP. De son c\u00f4t\u00e9, \u00abla GHF a confirm\u00e9 (&#8230;) qu&rsquo;elle n&rsquo;avait jamais exerc\u00e9 d&rsquo;activit\u00e9s en Suisse en tant que fondation et qu&rsquo;elle entendait dissoudre la fondation enregistr\u00e9e \u00e0 Gen\u00e8ve\u00bb, a expliqu\u00e9 l&rsquo;ASF.<\/p>\n<p>                                    <a class=\"fig-a11y-skip a11y-hidden\" href=\"#fig-a11y-skip-main-inarticle\"><br \/>\n        Passer la publicit\u00e9<br \/>\n    <\/a><\/p>\n<p>Certaines obligations l\u00e9gales pas respect\u00e9es<\/p>\n<p class=\"fig-paragraph\">L&rsquo;ONU, ainsi que la majorit\u00e9 des ONG op\u00e9rant dans Gaza, refusent de travailler avec la GHF en mettant en cause ses proc\u00e9d\u00e9s et sa neutralit\u00e9. Une s\u00e9rie d&rsquo;\u00e9v\u00e9nements meurtriers se sont produits depuis l&rsquo;ouverture fin mai de sites de distribution alimentaire g\u00e9r\u00e9s par la fondation dans la bande de Gaza en guerre. \u00ab\u00c9tant donn\u00e9 qu&rsquo;elle ne respectait pas certaines obligations l\u00e9gales\u00bb, l&rsquo;ASF avait exig\u00e9 de GHF de clarifier la situation jusqu&rsquo;\u00e0 fin juin.<\/p>\n<p class=\"fig-paragraph\">L&rsquo;ASF avait constat\u00e9 plusieurs manquements: \u00abLa fondation ne disposait pas d&rsquo;un membre du conseil de fondation habilit\u00e9 \u00e0 signer et domicili\u00e9 en Suisse; elle n&rsquo;avait pas le nombre minimum de trois membres au sein du conseil de fondation pr\u00e9vu par ses statuts; elle n&rsquo;avait pas de compte en Suisse; elle ne disposait pas d&rsquo;adresse valable en Suisse; elle ne disposait pas d&rsquo;organe de r\u00e9vision.\u00bb<\/p>\n<p class=\"fig-paragraph\">Isra\u00ebl, dont l&rsquo;offensive a d\u00e9but\u00e9 au lendemain d&rsquo;une attaque du mouvement islamiste palestinien Hamas le 7 octobre 2023, a impos\u00e9 d\u00e9but mars au territoire palestinien un blocus humanitaire. Ce blocus a entra\u00een\u00e9 de tr\u00e8s graves p\u00e9nuries de nourriture, m\u00e9dicaments et autres biens de premi\u00e8re n\u00e9cessit\u00e9, et n&rsquo;a \u00e9t\u00e9 que partiellement assoupli lorsque la GHF a commenc\u00e9 ses distributions dans des centres.<\/p>\n<p>\u00abR\u00e9sultat in\u00e9vitable\u00bb<\/p>\n<p class=\"fig-paragraph\">Le 1er juillet, pr\u00e8s de 170 ONG internationales ont appel\u00e9 \u00e0 mettre fin \u00e0 ce nouveau syst\u00e8me de distribution d&rsquo;aide et r\u00e9clam\u00e9 un retour au m\u00e9canisme qui pr\u00e9valait jusqu&rsquo;en mars, quand la distribution d&rsquo;aide \u00e9tait coordonn\u00e9e par diverses ONG et agences de l&rsquo;ONU. L&rsquo;ONG Trial International, qui avait demand\u00e9 en mai aux autorit\u00e9s suisses d&rsquo;enqu\u00eater sur GHF, a indiqu\u00e9 qu&rsquo;elle \u00abn&rsquo;est pas surprise par la proc\u00e9dure de dissolution\u00bb.<\/p>\n<p class=\"fig-paragraph\">\u00abCe r\u00e9sultat \u00e9tait in\u00e9vitable \u00e9tant donn\u00e9 que la fondation n&rsquo;a pas respect\u00e9 les obligations l\u00e9gales pour les fondations enregistr\u00e9es en Suisse\u00bb, a indiqu\u00e9 Trial International sur son compte LinkedIn. Cette organisation bas\u00e9e \u00e0 Gen\u00e8ve, qui lutte contre l&rsquo;impunit\u00e9 des crimes internationaux et soutient les victimes dans leur qu\u00eate de justice, d\u00e9plore toutefois que \u00abmalgr\u00e9 la gravit\u00e9 de la situation, il n&rsquo;y ait eu aucune communication officielle des autorit\u00e9s suisses\u00bb sur les op\u00e9rations de la fondation \u00e0 Gaza.<\/p>\n<p>                                    <a class=\"fig-a11y-skip a11y-hidden\" href=\"#fig-a11y-skip-main-inarticle_mtf\"><br \/>\n        Passer la publicit\u00e9<br \/>\n    <\/a><\/p>\n<p class=\"fig-paragraph\">La fondation, qui a recours \u00e0 des contractuels arm\u00e9s pour assurer la s\u00e9curit\u00e9 de ses centres, nie tout incident \u00ab\u00e0 proximit\u00e9\u00bb de ses centres et affirme qu&rsquo;ils se sont produits sur les lieux des convois des Nations unies ou d&rsquo;autres groupes humanitaires qui op\u00e8rent \u00ab\u00e0 proximit\u00e9 de notre site\u00bb.<\/p>\n","protected":false},"excerpt":{"rendered":"La\u00a0Fondation humanitaire de Gaza\u00a0(GHF), soutenue par les\u00a0\u00c9tats-Unis\u00a0et Isra\u00ebl mais remise en cause par l&rsquo;ONU et des dizaines d&rsquo;ONG&hellip;\n","protected":false},"author":2,"featured_media":221251,"comment_status":"","ping_status":"","sticky":false,"template":"","format":"standard","meta":{"footnotes":""},"categories":[1589],"tags":[11,73,1866,665,12,3067,1864,1865,1863,308],"class_list":{"0":"post-221250","1":"post","2":"type-post","3":"status-publish","4":"format-standard","5":"has-post-thumbnail","7":"category-etats-unis","8":"tag-actualites","9":"tag-etats-unis","10":"tag-etats-unis-damerique","11":"tag-gaza","12":"tag-news","13":"tag-suisse","14":"tag-united-states","15":"tag-united-states-of-america","16":"tag-us","17":"tag-usa"},"share_on_mastodon":{"url":"https:\/\/pubeurope.com\/@fr\/114784948947845890","error":""},"_links":{"self":[{"href":"https:\/\/www.europesays.com\/fr\/wp-json\/wp\/v2\/posts\/221250","targetHints":{"allow":["GET"]}}],"collection":[{"href":"https:\/\/www.europesays.com\/fr\/wp-json\/wp\/v2\/posts"}],"about":[{"href":"https:\/\/www.europesays.com\/fr\/wp-json\/wp\/v2\/types\/post"}],"author":[{"embeddable":true,"href":"https:\/\/www.europesays.com\/fr\/wp-json\/wp\/v2\/users\/2"}],"replies":[{"embeddable":true,"href":"https:\/\/www.europesays.com\/fr\/wp-json\/wp\/v2\/comments?post=221250"}],"version-history":[{"count":0,"href":"https:\/\/www.europesays.com\/fr\/wp-json\/wp\/v2\/posts\/221250\/revisions"}],"wp:featuredmedia":[{"embeddable":true,"href":"https:\/\/www.europesays.com\/fr\/wp-json\/wp\/v2\/media\/221251"}],"wp:attachment":[{"href":"https:\/\/www.europesays.com\/fr\/wp-json\/wp\/v2\/media?parent=221250"}],"wp:term":[{"taxonomy":"category","embeddable":true,"href":"https:\/\/www.europesays.com\/fr\/wp-json\/wp\/v2\/categories?post=221250"},{"taxonomy":"post_tag","embeddable":true,"href":"https:\/\/www.europesays.com\/fr\/wp-json\/wp\/v2\/tags?post=221250"}],"curies":[{"name":"wp","href":"https:\/\/api.w.org\/{rel}","templated":true}]}}