{"id":221254,"date":"2025-07-02T18:02:14","date_gmt":"2025-07-02T18:02:14","guid":{"rendered":"https:\/\/www.europesays.com\/fr\/221254\/"},"modified":"2025-07-02T18:02:14","modified_gmt":"2025-07-02T18:02:14","slug":"varsovie-retablit-ses-controles-frontaliers-avec-lallemagne-dw-02-07-2025","status":"publish","type":"post","link":"https:\/\/www.europesays.com\/fr\/221254\/","title":{"rendered":"Varsovie r\u00e9tablit ses contr\u00f4les frontaliers avec l&rsquo;Allemagne \u2013 DW \u2013 02\/07\/2025"},"content":{"rendered":"<p>En Europe, la libre circulation des personnes au sein de l&rsquo;espace Schengen continue \u00e0 \u00eatre mise \u00e0 mal. La Pologne annonce \u00e0 son tour des contr\u00f4les temporaires \u00e0 ses fronti\u00e8res avec l&rsquo;Allemagne et la Lituanie. Varsovie reproche \u00e0 Berlin, dont le nouveau gouvernement autorise d\u00e9sormais des refoulements \u00e0 ses fronti\u00e8res, de renvoyer des migrants vers la Pologne.<\/p>\n<p>La mesure est \u00ab\u00a0n\u00e9cessaire pour limiter, r\u00e9duire au minimum ces flux non contr\u00f4l\u00e9s par nos services\u00a0\u00bb et les \u00ab\u00a0va-et-vient des migrants\u00a0\u00bb, explique Donald Tusk, le Premier ministre polonais.<\/p>\n<p>Si la Pologne fait cette annonce aujourd&rsquo;hui, l&rsquo;Allemagne proc\u00e8de \u00e0 des contr\u00f4les \u00e0 l&rsquo;ensemble de ses fronti\u00e8res terrestres depuis septembre 2024, une mesure qui devait \u00eatre temporaire, mais qui a \u00e9t\u00e9 prolong\u00e9e pour lutter contre <a class=\"internal-link\" href=\"https:\/\/www.dw.com\/fr\/migrations\/t-19027444\" rel=\"nofollow noopener\" target=\"_blank\">l&rsquo;immigration<\/a> ill\u00e9gale.<\/p>\n<p>C&rsquo;est un sujet de <a class=\"internal-link\" href=\"https:\/\/www.dw.com\/fr\/afd-unelecteur-sur-cinq\/a-71734818\" rel=\"nofollow noopener\" target=\"_blank\">pr\u00e9occupation majeur chez les Allemands<\/a> et qui a dict\u00e9 le rythme de la derni\u00e8re campagne \u00e9lectorale des l\u00e9gislatives, remport\u00e9es par les conservateurs, suivis de <a class=\"internal-link\" href=\"https:\/\/www.dw.com\/fr\/afd-classee-parti-extremiste-de-droite\/a-72421645\" rel=\"nofollow noopener\" target=\"_blank\">l&rsquo;extr\u00eame-droite<\/a>.\u00a0<\/p>\n<p>En Pologne aussi, la question migratoire est au centre du d\u00e9bat politique. L&rsquo;\u00e9lection pr\u00e9sidentielle du 1er juin a ainsi \u00e9t\u00e9 remport\u00e9e par Karol Nawrocko, un nationaliste populiste. Une semaine avant ce scrutin, des milliers de personnes avaient manifest\u00e9 \u00e0 Varsovie pour d\u00e9noncer l&rsquo;immigration ill\u00e9gale.<\/p>\n<p><img data-format=\"MASTER_LANDSCAPE\" data-id=\"73123099\" data-url=\"https:\/\/static.dw.com\/image\/73123099_${formatId}.jpg\" data-aspect-ratio=\"16\/9\" alt=\"Un officier polonais \u00e0 c\u00f4t\u00e9 de sa voiture de police \u00e0 la fronti\u00e8re avec l'Allemagne\" style=\"padding-bottom: 56.25%; height: 0; max-height: 0;\"\/>La fronti\u00e8re terrestre entre la Pologne et l&rsquo;Allemagne fait pr\u00e8s de 500 km.Image : Andy B\u00fcnning\/IMAGO<\/p>\n<p>Des refoulements contest\u00e9s par le droit allemand et europ\u00e9en<\/p>\n<p>Il y a d&rsquo;une part la question de la fronti\u00e8re allemande, o\u00f9 Donald Tusk confirme que depuis pr\u00e8s d&rsquo;un mois, \u00ab\u00a0le c\u00f4t\u00e9 allemand refuse d\u00e9sormais r\u00e9ellement d&rsquo;autoriser l&rsquo;entr\u00e9e sur son territoire des migrants qui se dirigent vers l&rsquo;Allemagne pour, par exemple, demander l&rsquo;asile ou obtenir un autre type de statut\u00a0\u00bb. <\/p>\n<p>Le renvoi de demandeurs d&rsquo;asile aux fronti\u00e8res fait en effet partie des mesures phare du nouveau gouvernement allemand dirig\u00e9 par <a class=\"internal-link\" href=\"https:\/\/www.dw.com\/fr\/friedrich-merz\/t-71293710\" rel=\"nofollow noopener\" target=\"_blank\">Friedrich Merz<\/a>. La mesure ne s&rsquo;appliquerait pas aux personnes jug\u00e9es vuln\u00e9rables, mais les ONG de d\u00e9fense des droits de migrants doutent des capacit\u00e9s de la police des fronti\u00e8res \u00e0 op\u00e9rer ce tri.<\/p>\n<p>Mais surtout, la pratique est vivement contest\u00e9e d&rsquo;un point de vue juridique. Les juges d&rsquo;un tribunal berlinois ont r\u00e9cemment estim\u00e9 ill\u00e9gal le refoulement de trois demandeurs d&rsquo;asile somaliens.<\/p>\n<p>\u00ab\u00a0Nous maintenons les refoulements, nous estimons qu&rsquo;ils sont juridiquement fond\u00e9s\u00a0\u00bb, avait r\u00e9agi le ministre de l&rsquo;Int\u00e9rieur, Alexander Dobrindt.<\/p>\n<p>L&rsquo;Allemagne suspend son aide au sauvetage en M\u00e9diterran\u00e9e | Comment Frantz Fanon a contribu\u00e9 \u00e0 l&rsquo;ind\u00e9pendance de l&rsquo;Alg\u00e9rie<\/p>\n<p class=\"vjs-no-js\">To play this audio please enable JavaScript, and consider upgrading to a web browser that <a href=\"https:\/\/videojs.com\/html5-video-support\/\" rel=\"noopener noreferrer nofollow\" target=\"_blank\">supports HTML5 audio<\/a><\/p>\n<p>Pression migratoire de la Bi\u00e9lorussie<\/p>\n<p>Au niveau du droit europ\u00e9en aussi, ces pushbacks sont pol\u00e9miques. Selon la Cour de justice de l&rsquo;Union europ\u00e9enne (CJUE), un Etat doit d&rsquo;abord d\u00e9terminer quel pays est responsable de la demande d&rsquo;asile d&rsquo;une personne et respecter un d\u00e9lai de d\u00e9part volontaire avant d&rsquo;engager toute proc\u00e9dure d&rsquo;expulsion.<\/p>\n<p>Revenons \u00e0 la Pologne. L&rsquo;autre fronti\u00e8re concern\u00e9e par ces nouveaux contr\u00f4les temporaires est celle avec la Lituanie. Dans ce cas, il s&rsquo;agit de repousser les arriv\u00e9es de migrants passant par la Bi\u00e9lorussie, qui ne fait pas partie de l&rsquo;UE et l&rsquo;espace Schengen, mais qui est voisine de la Lituanie.\u00a0<\/p>\n<p>Depuis des ann\u00e9es, le pouvoir bi\u00e9lorusse, aid\u00e9 par Moscou, est accus\u00e9 d&rsquo;orchestrer une pression migratoire artificielle aux fronti\u00e8res europ\u00e9ennes en d\u00e9livrant des visas \u00e0 des personnes venues du Moyen-Orient ou d&rsquo;Afrique, pour ensuite les amener vers les fronti\u00e8res polonaise, lituanienne ou lettone et les pousser \u00e0 entrer clandestinement dans ce pays.<\/p>\n","protected":false},"excerpt":{"rendered":"En Europe, la libre circulation des personnes au sein de l&rsquo;espace Schengen continue \u00e0 \u00eatre mise \u00e0 mal.&hellip;\n","protected":false},"author":2,"featured_media":221255,"comment_status":"","ping_status":"","sticky":false,"template":"","format":"standard","meta":{"footnotes":""},"categories":[1587],"tags":[11,672,1804,1805,1803,1777,674,1801,12,1802],"class_list":{"0":"post-221254","1":"post","2":"type-post","3":"status-publish","4":"format-standard","5":"has-post-thumbnail","7":"category-allemagne","8":"tag-actualites","9":"tag-allemagne","10":"tag-bundesrepublik-deutschland","11":"tag-de","12":"tag-deutschland","13":"tag-eu","14":"tag-europe","15":"tag-germany","16":"tag-news","17":"tag-republique-federale-dallemagne"},"share_on_mastodon":{"url":"https:\/\/pubeurope.com\/@fr\/114784956832722292","error":""},"_links":{"self":[{"href":"https:\/\/www.europesays.com\/fr\/wp-json\/wp\/v2\/posts\/221254","targetHints":{"allow":["GET"]}}],"collection":[{"href":"https:\/\/www.europesays.com\/fr\/wp-json\/wp\/v2\/posts"}],"about":[{"href":"https:\/\/www.europesays.com\/fr\/wp-json\/wp\/v2\/types\/post"}],"author":[{"embeddable":true,"href":"https:\/\/www.europesays.com\/fr\/wp-json\/wp\/v2\/users\/2"}],"replies":[{"embeddable":true,"href":"https:\/\/www.europesays.com\/fr\/wp-json\/wp\/v2\/comments?post=221254"}],"version-history":[{"count":0,"href":"https:\/\/www.europesays.com\/fr\/wp-json\/wp\/v2\/posts\/221254\/revisions"}],"wp:featuredmedia":[{"embeddable":true,"href":"https:\/\/www.europesays.com\/fr\/wp-json\/wp\/v2\/media\/221255"}],"wp:attachment":[{"href":"https:\/\/www.europesays.com\/fr\/wp-json\/wp\/v2\/media?parent=221254"}],"wp:term":[{"taxonomy":"category","embeddable":true,"href":"https:\/\/www.europesays.com\/fr\/wp-json\/wp\/v2\/categories?post=221254"},{"taxonomy":"post_tag","embeddable":true,"href":"https:\/\/www.europesays.com\/fr\/wp-json\/wp\/v2\/tags?post=221254"}],"curies":[{"name":"wp","href":"https:\/\/api.w.org\/{rel}","templated":true}]}}