{"id":221258,"date":"2025-07-02T18:04:11","date_gmt":"2025-07-02T18:04:11","guid":{"rendered":"https:\/\/www.europesays.com\/fr\/221258\/"},"modified":"2025-07-02T18:04:11","modified_gmt":"2025-07-02T18:04:11","slug":"taux-nette-degradation-usa-et-ue-les-gilts-uk-plongent-02-07-2025-a-1951","status":"publish","type":"post","link":"https:\/\/www.europesays.com\/fr\/221258\/","title":{"rendered":"Taux : nette d\u00e9gradation USA et UE, les Gilts UK plongent &#8211; 02\/07\/2025 \u00e0 19:51"},"content":{"rendered":"<p>                                                                (CercleFinance.com) &#8211; Le tableau macro\u00e9conomique est contrast\u00e9 ce mercredi puisque la croissance semble se redresser en Europe tandis que l&#8217;emploi d\u00e9cline brutalement aux Etats Unis.<\/p>\n<p>En revanche, la lourdeur l&rsquo;a emport\u00e9 de part et d&rsquo;autre de l&rsquo;Atlantique avec une d\u00e9gradation des bons du Tr\u00e9sor un peu inattendue apr\u00e8s le sommet des banquiers centraux de Sintra au Portugal : Jerome Powell dit qu&rsquo;il voit se dessiner un consensus parmi ses coll\u00e8gues en faveur d&rsquo;une reprise du cycle de baisse des taux&#8230; et qu&rsquo;il n&rsquo;est pas encore en mesure d&rsquo;estimer si juillet est pr\u00e9matur\u00e9 (ce qui signifie -en creux- qu&rsquo;il ne l&rsquo;exclut plus).\n<\/p>\n<p>L&rsquo;\u00e9conomie de la zone euro a progress\u00e9 de 0,6% au premier trimestre 2025, soit le double des estimations initiales.<br \/>\n<br \/>B\u00e9n\u00e9dicte Kukla, senior investment strategist chez Indosuez WM, fait part d&rsquo;un &lsquo;optimisme prudent&rsquo; pour la zone.\n<\/p>\n<p>&lsquo;La croissance de la zone euro s&rsquo;am\u00e9liore, mais nous restons sceptiques quant \u00e0 une nette progression cette ann\u00e9e, car les mesures de relance allemandes prendront du temps&rsquo;, estimait pour sa part Bank of America vendredi dernier.\n<\/p>\n<p>Les chiffres de la matin\u00e9e font chuter les bons du Tr\u00e9sor dans l&rsquo;Eurozone avec une tension sym\u00e9trique de +6Pts sur les Bunds \u00e0 2,628%, nos OAT rajoutent +7,2Pts \u00e0 3,319%, les BTP italiens +7Pts \u00e0 3,54%, les &lsquo;Bonos&rsquo; espagnols +7,5Pts vers 3,285% (ils reviennent presque \u00e0 parit\u00e9 avec nos OAT.\n<\/p>\n<p>Mais la pire performance, et de tr\u00e8s loin, revient aux &lsquo;Gilts&rsquo; britanniques avec un spectaculaire +22Pts \u00e0 4,67% (vers 15H) avant un timide retour des acheteurs \u00e0 partir de 16H (soit +16Pts \u00e0 4,612% ce soir).<br \/>\n<br \/>Le Royaume Uni connait une situation de crise qui n&rsquo;\u00e9pargne pas la Livre, laquelle d\u00e9croche de -19% vers 1,3600\/$.\n<\/p>\n<p>Les &lsquo;Gilts&rsquo; sont un cas \u00e0 part, la chute des Bunds et OAT provient de la conviction que la BCE ne va plus bouger avant longtemps.\n<\/p>\n<p>Il y avait aussi des &lsquo;chiffres&rsquo; concernant l&#8217;emploi aux US, \u00e0 24H du rapport officiel sur l&#8217;emploi am\u00e9ricain jeudi -principale donn\u00e9e macro\u00e9conomique de la semaine-.<br \/>\n<br \/>Les r\u00e9sultats de l&rsquo;enqu\u00eate ADP font un peu l&rsquo;effet d&rsquo;une douche froide car le secteur priv\u00e9 aux Etats-Unis a d\u00e9truit 33.000 emplois au mois de juin, illustrant un ralentissement de la conjoncture \u00e9conomique aux Etats-Unis peut-\u00eatre plus brutal que pr\u00e9vu (le consensus tablait sur au moins +50.000).\n<\/p>\n<p>Les pertes d&#8217;emplois dans les services professionnels et aux entreprises, ainsi que dans l&rsquo;enseignement et la sant\u00e9 ont \u00e9t\u00e9 \u00e0 l&rsquo;origine de cette baisse, alors que les loisirs et l&rsquo;h\u00f4tellerie ainsi que l&rsquo;industrie manufacturi\u00e8re ont affich\u00e9 des gains.\n<\/p>\n<p>&lsquo;Si les licenciements restent rares, l&rsquo;h\u00e9sitation \u00e0 embaucher et la r\u00e9ticence \u00e0 remplacer les partants ont entra\u00een\u00e9 des pertes d&#8217;emplois&rsquo;, explique Nela Richardson, \u00e9conomiste en chef d&rsquo;ADP, notant que ceci n&rsquo;a pourtant pas encore perturb\u00e9 la croissance des salaires.<br \/>\n<br \/>Par ailleurs, les salari\u00e9s donnant leur cong\u00e9 (le plus souvent pour un changement de job) a lourdement chut\u00e9, de -151.000 \u00e0 704.000, plus faible total depuis novembre 2020.<br \/>\n<br \/>La r\u00e9actions des T-Bonds est paradoxalement n\u00e9gative avec un &rsquo;10 ans&rsquo; qui se tend de +5Pts vers 4,301%, le &rsquo;30 ans&rsquo; rajoute +6,3Pts \u00e0 4,84%&#8230; le &lsquo;2 ans&rsquo; reste en revanche quasi inchang\u00e9 \u00e0 3,785% (+1Pts).<\/p>\n","protected":false},"excerpt":{"rendered":"(CercleFinance.com) &#8211; Le tableau macro\u00e9conomique est contrast\u00e9 ce mercredi puisque la croissance semble se redresser en Europe tandis&hellip;\n","protected":false},"author":2,"featured_media":9135,"comment_status":"","ping_status":"","sticky":false,"template":"","format":"standard","meta":{"footnotes":""},"categories":[1586],"tags":[400,11,398,408,405,1777,674,1779,1011,27,403,402,399,404,12,25,401,406,1778,364,407],"class_list":{"0":"post-221258","1":"post","2":"type-post","3":"status-publish","4":"format-standard","5":"has-post-thumbnail","7":"category-europe","8":"tag-action-cac-40","9":"tag-actualites","10":"tag-bourse-de-paris","11":"tag-boursorama","12":"tag-cotations","13":"tag-eu","14":"tag-europe","15":"tag-european-union","16":"tag-fr","17":"tag-france","18":"tag-indices-devises","19":"tag-investir","20":"tag-investissement","21":"tag-marche-boursier","22":"tag-news","23":"tag-republique-francaise","24":"tag-sicav","25":"tag-trackers","26":"tag-ue","27":"tag-union-europeenne","28":"tag-warrants"},"share_on_mastodon":{"url":"https:\/\/pubeurope.com\/@fr\/114784964684769674","error":""},"_links":{"self":[{"href":"https:\/\/www.europesays.com\/fr\/wp-json\/wp\/v2\/posts\/221258","targetHints":{"allow":["GET"]}}],"collection":[{"href":"https:\/\/www.europesays.com\/fr\/wp-json\/wp\/v2\/posts"}],"about":[{"href":"https:\/\/www.europesays.com\/fr\/wp-json\/wp\/v2\/types\/post"}],"author":[{"embeddable":true,"href":"https:\/\/www.europesays.com\/fr\/wp-json\/wp\/v2\/users\/2"}],"replies":[{"embeddable":true,"href":"https:\/\/www.europesays.com\/fr\/wp-json\/wp\/v2\/comments?post=221258"}],"version-history":[{"count":0,"href":"https:\/\/www.europesays.com\/fr\/wp-json\/wp\/v2\/posts\/221258\/revisions"}],"wp:featuredmedia":[{"embeddable":true,"href":"https:\/\/www.europesays.com\/fr\/wp-json\/wp\/v2\/media\/9135"}],"wp:attachment":[{"href":"https:\/\/www.europesays.com\/fr\/wp-json\/wp\/v2\/media?parent=221258"}],"wp:term":[{"taxonomy":"category","embeddable":true,"href":"https:\/\/www.europesays.com\/fr\/wp-json\/wp\/v2\/categories?post=221258"},{"taxonomy":"post_tag","embeddable":true,"href":"https:\/\/www.europesays.com\/fr\/wp-json\/wp\/v2\/tags?post=221258"}],"curies":[{"name":"wp","href":"https:\/\/api.w.org\/{rel}","templated":true}]}}