{"id":221264,"date":"2025-07-02T18:10:16","date_gmt":"2025-07-02T18:10:16","guid":{"rendered":"https:\/\/www.europesays.com\/fr\/221264\/"},"modified":"2025-07-02T18:10:16","modified_gmt":"2025-07-02T18:10:16","slug":"hastoy-espere-bousculer-la-hierarchie-au-poste-durant-cette-tournee","status":"publish","type":"post","link":"https:\/\/www.europesays.com\/fr\/221264\/","title":{"rendered":"Hastoy esp\u00e8re bousculer la hi\u00e9rarchie au poste durant cette tourn\u00e9e !"},"content":{"rendered":"<p>Il a v\u00e9cu des derniers mois d\u00e9licats. Alors qu\u2019il marchait sur l\u2019eau avec le Stade Rochelais et \u00e9tait solidement install\u00e9 au poste de num\u00e9ro 10 avec les Bleus, disputant la Coupe du monde en profitant du forfait de Romain Ntamack, Antoine Hastoy a vu sa courbe s\u2019inverser. Ecart\u00e9 un temps par Ronan O\u2019Gara en plein c\u0153ur des difficult\u00e9s de son club, l\u2019ouvreur n\u2019\u00e9tait plus appel\u00e9 en s\u00e9lection cette saison, Galthi\u00e9 lui pr\u00e9f\u00e9rant L\u00e9o Berdeu derri\u00e8re les incontournables Ntamack, Ramos et Jalibert.<\/p>\n<p>Hastoy a une carte \u00e0 jouer<\/p>\n<p>Fort d\u2019une belle fin de saison et de l\u2019absence de ses concurrents, retenus pour la finale du Top 14, l\u2019ancien Palois est parti en tourn\u00e9e en Nouvelle-Z\u00e9lande et semble tenir la corde pour d\u00e9marrer le premier test-match face aux All Blacks ce samedi.<\/p>\n<p>Pr\u00e9sent en conf\u00e9rence de presse, Hastoy veut profiter de chaque opportunit\u00e9 pour tenter de bousculer la hi\u00e9rarchie\u00a0: \u00ab\u00a0Oui, c\u2019est une nouvelle opportunit\u00e9 pour moi et je vais tout donner au fil de ce mois de juillet. Porter ce maillot est toujours un honneur.\u00a0\u00bb Des belles performances face aux All Blacks lui permettrait forc\u00e9ment de marquer des points.<\/p>\n<p>Partagez cette info avec vos amis et vos proches en cliquant ici<br \/>Pour r\u00e9sumer<\/p>\n<p>R\u00e9trograd\u00e9 dans la hi\u00e9rarchie des dix fran\u00e7ais, Antoine Hastoy esp\u00e8re profiter de cette tourn\u00e9e estivale pour regagner la confiance du staff tricolore. L&rsquo;ouvreur du Stade Rochelais sort d&rsquo;une saison contrast\u00e9e avec son club.<\/p>\n<p> <img decoding=\"async\" width=\"76\" height=\"76\" loading=\"lazy\" src=\"https:\/\/www.europesays.com\/fr\/wp-content\/uploads\/2025\/04\/avatar-quinze.png\" alt=\"Arnaud D\u00e9chelotte\"\/><\/p>\n","protected":false},"excerpt":{"rendered":"Il a v\u00e9cu des derniers mois d\u00e9licats. Alors qu\u2019il marchait sur l\u2019eau avec le Stade Rochelais et \u00e9tait&hellip;\n","protected":false},"author":2,"featured_media":221265,"comment_status":"","ping_status":"","sticky":false,"template":"","format":"standard","meta":{"footnotes":""},"categories":[1416],"tags":[1011,27,479,1468,60],"class_list":{"0":"post-221264","1":"post","2":"type-post","3":"status-publish","4":"format-standard","5":"has-post-thumbnail","7":"category-rugby","8":"tag-fr","9":"tag-france","10":"tag-rugby","11":"tag-rugby-football","12":"tag-sports"},"share_on_mastodon":{"url":"https:\/\/pubeurope.com\/@fr\/114784988305226522","error":""},"_links":{"self":[{"href":"https:\/\/www.europesays.com\/fr\/wp-json\/wp\/v2\/posts\/221264","targetHints":{"allow":["GET"]}}],"collection":[{"href":"https:\/\/www.europesays.com\/fr\/wp-json\/wp\/v2\/posts"}],"about":[{"href":"https:\/\/www.europesays.com\/fr\/wp-json\/wp\/v2\/types\/post"}],"author":[{"embeddable":true,"href":"https:\/\/www.europesays.com\/fr\/wp-json\/wp\/v2\/users\/2"}],"replies":[{"embeddable":true,"href":"https:\/\/www.europesays.com\/fr\/wp-json\/wp\/v2\/comments?post=221264"}],"version-history":[{"count":0,"href":"https:\/\/www.europesays.com\/fr\/wp-json\/wp\/v2\/posts\/221264\/revisions"}],"wp:featuredmedia":[{"embeddable":true,"href":"https:\/\/www.europesays.com\/fr\/wp-json\/wp\/v2\/media\/221265"}],"wp:attachment":[{"href":"https:\/\/www.europesays.com\/fr\/wp-json\/wp\/v2\/media?parent=221264"}],"wp:term":[{"taxonomy":"category","embeddable":true,"href":"https:\/\/www.europesays.com\/fr\/wp-json\/wp\/v2\/categories?post=221264"},{"taxonomy":"post_tag","embeddable":true,"href":"https:\/\/www.europesays.com\/fr\/wp-json\/wp\/v2\/tags?post=221264"}],"curies":[{"name":"wp","href":"https:\/\/api.w.org\/{rel}","templated":true}]}}