{"id":221269,"date":"2025-07-02T18:14:13","date_gmt":"2025-07-02T18:14:13","guid":{"rendered":"https:\/\/www.europesays.com\/fr\/221269\/"},"modified":"2025-07-02T18:14:13","modified_gmt":"2025-07-02T18:14:13","slug":"troisieme-abandon-consecutif-pour-albon-ca-minquiete-un-peu","status":"publish","type":"post","link":"https:\/\/www.europesays.com\/fr\/221269\/","title":{"rendered":"Troisi\u00e8me abandon cons\u00e9cutif pour Albon : \u00ab\u00a0\u00c7a m&rsquo;inqui\u00e8te un peu\u00a0\u00bb"},"content":{"rendered":"<p>C&rsquo;est un z\u00e9ro point\u00e9 pour <a href=\"https:\/\/fr.motorsport.com\/team\/williams\/613\/\" target=\"_blank\" rel=\"noopener\">Williams<\/a> \u00e0 Spielberg. L&rsquo;\u00e9quipe anglaise a pli\u00e9 bagage sans le moindre point inscrit avec deux abandons au compteur, le troisi\u00e8me cons\u00e9cutif pour <a href=\"https:\/\/fr.motorsport.com\/driver\/alexander-albon\/109635\/\" target=\"_blank\" rel=\"noopener\">Alexander Albon<\/a>. Au Canada, le Tha\u00eflandais a d\u00fb d\u00e9finitivement rentrer au garage \u00e0 cause d&rsquo;un probl\u00e8me sur son unit\u00e9 de puissance. M\u00eame conclusion en Espagne, cette fois apr\u00e8s un contact avec la monoplace de <a href=\"https:\/\/fr.motorsport.com\/driver\/liam-lawson\/826061\/\" target=\"_blank\" rel=\"noopener\">Liam Lawson<\/a>.\u00a0<\/p>\n<p>Rebelote au <a href=\"https:\/\/fr.motorsport.com\/team\/red-bull\/553\/\" target=\"_blank\" rel=\"noopener\">Red Bull<\/a> Ring. Alors qu&rsquo;Albon semblait en passe de r\u00e9aliser une tr\u00e8s bonne course, son Grand Prix d&rsquo;Autriche s&rsquo;est termin\u00e9 d\u00e8s le 17e tour. Le pilote avait \u00e9t\u00e9 opportuniste au d\u00e9part et avait r\u00e9ussi \u00e0 remonter dans le top 10 dans les premi\u00e8res boucles, s&rsquo;\u00e9lan\u00e7ant depuis la 12e place sur la grille.\u00a0<\/p>\n<p>Lire aussi :<\/p>\n<p>\u00ab\u00a0On a eu un peu de chance [au premier tour]\u00a0\u00bb, a-t-il confi\u00e9. \u00ab\u00a0Tout s&rsquo;est un peu ouvert devant nous, mais on \u00e9tait au bon endroit au bon moment. La voiture \u00e9tait bonne, j&rsquo;ai pu faire un joli d\u00e9passement sur Pierre [Gasly], et on s&rsquo;\u00e9chappait des voitures derri\u00e8re. J&rsquo;\u00e9tais m\u00eame en train de revenir sur George [Russell] vers la fin de mon relais, puis on a couvert Gasly, et ensuite je crois qu&rsquo;on s&rsquo;est accroch\u00e9s.\u00a0\u00bb<\/p>\n<p>Interrog\u00e9 sur les causes de son abandon soudain,\u00a0Albon a sembl\u00e9 un peu perdu : \u00ab\u00a0Peut-\u00eatre que quelque chose a l\u00e2ch\u00e9 apr\u00e8s l&rsquo;arr\u00eat au stand [qu&rsquo;il a effectu\u00e9 au 13e tour, ndlr]\u2026 Oui, \u00e7a ressemble un peu \u00e0 ce qui s&rsquo;est pass\u00e9 au Canada, en fait. On doit \u00e9videmment analyser tout \u00e7a.\u00a0\u00bb<\/p>\n<p>\u00ab\u00a0On a eu trois abandons cons\u00e9cutifs maintenant. Du coup, on n&rsquo;accumule pas assez de kilom\u00e8tres pour comprendre. Je ne sais pas trop, honn\u00eatement. C&rsquo;est la m\u00eame voiture qu&rsquo;en d\u00e9but de saison, et elle \u00e9tait beaucoup plus fiable \u00e0 ce moment-l\u00e0\u2026 Donc je ne sais pas si ce sont les temp\u00e9ratures auxquelles on tourne qui nous posent probl\u00e8me, mais voil\u00e0.\u00a0\u00bb<\/p>\n<p>Apr\u00e8s un d\u00e9but de saison sur les chapeaux de roue, la belle dynamique de Williams s&rsquo;est quelque peu essouffl\u00e9e ces derni\u00e8res semaines. L&rsquo;\u00e9quipe n&rsquo;a inscrit que quatre points sur les quatre derni\u00e8res manches, alors que ses adversaires en ont comptabilis\u00e9 au moins 14 &#8211; except\u00e9 <a href=\"https:\/\/fr.motorsport.com\/team\/alpine\/37490\/\" target=\"_blank\" rel=\"noopener\">Alpine<\/a> qui elle aussi n&rsquo;en a engrang\u00e9 que quatre. La structure de Grove, pour l&rsquo;instant cinqui\u00e8me du <a href=\"https:\/\/fr.motorsport.com\/f1\/standings\/2025\/?type=Team&amp;class=\" target=\"_blank\" rel=\"noopener\">classement constructeurs<\/a>, voit ainsi <a href=\"https:\/\/fr.motorsport.com\/team\/racing-bulls-610\/610\/\" target=\"_blank\" rel=\"noopener\">Racing Bulls<\/a> &#8211; sixi\u00e8me &#8211; remonter \u00e0 une vingtaine de points au championnat.<\/p>\n<p>\u00ab\u00a0\u00c7a m&rsquo;inqui\u00e8te un peu\u00a0\u00bb, a avou\u00e9 le Tha\u00eflandais. \u00ab\u00a0Je ne sais pas\u2026 Je ne sais pas ce qu&rsquo;on peut faire. On ne peut pas se permettre que \u00e7a se reproduise \u00e0 Silverstone, parce que je pense que c&rsquo;est un circuit qui peut nous convenir. On a laiss\u00e9 filer de bons points, et en plus nos rivaux en ont marqu\u00e9 de leur c\u00f4t\u00e9, donc on passe vraiment \u00e0 c\u00f4t\u00e9, surtout avec tous les abandons devant\u2026\u00a0\u00bb <\/p>\n<p>\u00ab\u00a0Donc oui, c&rsquo;est tr\u00e8s frustrant. Je ne sais pas. Le prochain Grand Prix est \u00e0 domicile, \u00e7a peut peut-\u00eatre nous aider un peu, au moins pour la logistique, pour amener les \u00e9volutions plus facilement, mais on va creuser et essayer de trouver une solution.\u00a0\u00bb<\/p>\n<blockquote>\n<p>La v\u00e9rit\u00e9, c&rsquo;est que cette premi\u00e8re moiti\u00e9 de saison est un peu lourde, car les probl\u00e8mes s&rsquo;encha\u00eenent.<\/p>\n<\/blockquote>\n<p>   <img decoding=\"async\" draggable=\"false\" src=\"https:\/\/www.europesays.com\/fr\/wp-content\/uploads\/2025\/07\/carlos-sainz-williams.jpg\" alt=\"Carlos Sainz a lui aussi d\u00fb abandonner avant m\u00eame le d\u00e9part du GP d'Autriche.\" width=\"1200\" height=\"800\" loading=\"lazy\"\/> <\/p>\n<p class=\"title\">Carlos Sainz a lui aussi d\u00fb abandonner avant m\u00eame le d\u00e9part du GP d&rsquo;Autriche.<\/p>\n<p class=\"photographer\">Photo de: Peter Fox \/ Getty Images<\/p>\n<p>Pour couronner le tout, la voiture de <a href=\"https:\/\/fr.motorsport.com\/driver\/carlos-sainz-jr\/91450\/\" target=\"_blank\" rel=\"noopener\">Carlos Sainz<\/a> n&rsquo;a m\u00eame pas pu prendre le d\u00e9part de la course dimanche dernier, concluant ce week-end autrichien par un double abandon pour Williams. La FW47 de l&rsquo;Espagnol est rest\u00e9e bloqu\u00e9e sur la piste au moment o\u00f9 les pilotes s&rsquo;\u00e9lan\u00e7aient pour le tour de formation, avant de rejoindre la voie des stands avec les freins arri\u00e8re en feu et de finalement abandonner. Le rendez-vous du Madril\u00e8ne n&rsquo;avait d\u00e9j\u00e0 pas tr\u00e8s bien commenc\u00e9 puisqu&rsquo;il avait rencontr\u00e9 un probl\u00e8me lors des qualifications et avait seulement sign\u00e9 le 19e temps.\u00a0<\/p>\n<p>\u00ab\u00a0Nous devons voir s&rsquo;il y a une relation entre ce qui s&rsquo;est pass\u00e9 [en qualifications] et [pendant le tour de formation]\u00a0\u00bb, a expliqu\u00e9 Sainz \u00e0 DAZN. \u00ab\u00a0Le fait est qu&rsquo;il s&rsquo;agit d&rsquo;un autre probl\u00e8me, et nous devons comprendre exactement ce qui a pu se passer. La voiture \u00e9tait bloqu\u00e9e \u00e0 l&rsquo;arri\u00e8re quand j&rsquo;ai d\u00e9marr\u00e9 le moteur et je ne pouvais pas bouger. J&rsquo;ai r\u00e9ussi \u00e0 faire un reset, j&rsquo;ai fait un tour et \u00e7a s&rsquo;est de nouveau bloqu\u00e9 \u00e0 l&rsquo;arri\u00e8re, et nous avons d\u00fb abandonner. Mais oui, il nous arrive beaucoup de choses en ce moment.\u00a0\u00bb<\/p>\n<p>\u00ab\u00a0La v\u00e9rit\u00e9, c&rsquo;est que cette premi\u00e8re moiti\u00e9 de saison est un peu lourde de ce point de vue, car les probl\u00e8mes s&rsquo;encha\u00eenent, mais \u00e0 un moment donn\u00e9, toute cette malchance va finir par s&rsquo;arr\u00eater et les choses vont finir par tourner en notre faveur.\u00a0\u00bb<\/p>\n<p>\u00ab\u00a0Nous avons eu aussi un probl\u00e8me avec Alex apparemment. Donc nous devons comprendre pourquoi nous rencontrons autant de soucis, que ce soit en qualifications ou en course. Parce que cela fait d\u00e9j\u00e0 plusieurs week-ends que nous avons des probl\u00e8mes de freins, de moteur, de surchauffe. Parfois, nous sommes un peu fragiles de ce c\u00f4t\u00e9-l\u00e0.\u00a0\u00bb<\/p>\n<p>\u00ab\u00a0Tout le week-end a \u00e9t\u00e9 compliqu\u00e9 avec des probl\u00e8mes, et maintenant les deux voitures sont hors course\u00a0\u00bb, a-t-il conclu. \u00ab\u00a0C&rsquo;est un week-end un peu d\u00e9sastreux pour nous, mais il faut serrer les dents et voir comment nous pouvons nous am\u00e9liorer.\u00a0\u00bb<\/p>\n<p>Lire aussi :<\/p>\n<p>Dans cet article<\/p>\n<p>    T\u00e9ha Courbon\n<\/p>\n<p>    Formule 1\n<\/p>\n<p>    Carlos Sainz Jr\n<\/p>\n<p>    Alexander Albon\n<\/p>\n<p>    Williams\n<\/p>\n<p>Soyez le premier inform\u00e9 et souscrivez aux alertes mails pour recevoir les infos en temps r\u00e9el<\/p>\n<p>    S&rsquo;abonner aux alertes de news<\/p>\n","protected":false},"excerpt":{"rendered":"C&rsquo;est un z\u00e9ro point\u00e9 pour Williams \u00e0 Spielberg. L&rsquo;\u00e9quipe anglaise a pli\u00e9 bagage sans le moindre point inscrit&hellip;\n","protected":false},"author":2,"featured_media":221270,"comment_status":"","ping_status":"","sticky":false,"template":"","format":"standard","meta":{"footnotes":""},"categories":[1412],"tags":[2239,12787,1451,1452,1453,1454,1455,1011,27,34489,34490,60,2771],"class_list":{"0":"post-221269","1":"post","2":"type-post","3":"status-publish","4":"format-standard","5":"has-post-thumbnail","7":"category-f1","8":"tag-alexander-albon","9":"tag-carlos-sainz-jr","10":"tag-f1","11":"tag-formula-1","12":"tag-formula1","13":"tag-formule-1","14":"tag-formule1","15":"tag-fr","16":"tag-france","17":"tag-gp-dautriche","18":"tag-red-bull-ring","19":"tag-sports","20":"tag-williams"},"share_on_mastodon":{"url":"https:\/\/pubeurope.com\/@fr\/114785004080485889","error":""},"_links":{"self":[{"href":"https:\/\/www.europesays.com\/fr\/wp-json\/wp\/v2\/posts\/221269","targetHints":{"allow":["GET"]}}],"collection":[{"href":"https:\/\/www.europesays.com\/fr\/wp-json\/wp\/v2\/posts"}],"about":[{"href":"https:\/\/www.europesays.com\/fr\/wp-json\/wp\/v2\/types\/post"}],"author":[{"embeddable":true,"href":"https:\/\/www.europesays.com\/fr\/wp-json\/wp\/v2\/users\/2"}],"replies":[{"embeddable":true,"href":"https:\/\/www.europesays.com\/fr\/wp-json\/wp\/v2\/comments?post=221269"}],"version-history":[{"count":0,"href":"https:\/\/www.europesays.com\/fr\/wp-json\/wp\/v2\/posts\/221269\/revisions"}],"wp:featuredmedia":[{"embeddable":true,"href":"https:\/\/www.europesays.com\/fr\/wp-json\/wp\/v2\/media\/221270"}],"wp:attachment":[{"href":"https:\/\/www.europesays.com\/fr\/wp-json\/wp\/v2\/media?parent=221269"}],"wp:term":[{"taxonomy":"category","embeddable":true,"href":"https:\/\/www.europesays.com\/fr\/wp-json\/wp\/v2\/categories?post=221269"},{"taxonomy":"post_tag","embeddable":true,"href":"https:\/\/www.europesays.com\/fr\/wp-json\/wp\/v2\/tags?post=221269"}],"curies":[{"name":"wp","href":"https:\/\/api.w.org\/{rel}","templated":true}]}}