{"id":221279,"date":"2025-07-02T18:20:30","date_gmt":"2025-07-02T18:20:30","guid":{"rendered":"https:\/\/www.europesays.com\/fr\/221279\/"},"modified":"2025-07-02T18:20:30","modified_gmt":"2025-07-02T18:20:30","slug":"les-fans-en-colere-apres-lannulation-de-cette-serie-avec-lun-de-nos-chouchous-des-annees-1990","status":"publish","type":"post","link":"https:\/\/www.europesays.com\/fr\/221279\/","title":{"rendered":"Les fans en col\u00e8re apr\u00e8s l&rsquo;annulation de cette s\u00e9rie avec l&rsquo;un de nos chouchous des ann\u00e9es 1990"},"content":{"rendered":"<p>C&rsquo;est l&rsquo;incompr\u00e9hension du c\u00f4t\u00e9 des fans apr\u00e8s l&rsquo;annulation de cette s\u00e9rie qui venait d&rsquo;arriver en streaming et qui, gr\u00e2ce \u00e0 une star des ann\u00e9es 1990, avait connu le succ\u00e8s&#8230;<\/p>\n<p>En une saison, la s\u00e9rie a r\u00e9ussi \u00e0 se constituer une base solide de fans ! Malheureusement, cela n&rsquo;aura pas suffi : Doctor Odyssey n&rsquo;a pas \u00e9t\u00e9 renouvel\u00e9e pour une deuxi\u00e8me saison&#8230; Une annulation qui provoque la col\u00e8re des fans ! Dans cette <a href=\"https:\/\/www.programme-tv.net\/news\/evenement\/disney-plus-streaming\/363442-docteur-odyssey-joshua-jackson-nous-regale-dans-la-nouvelle-serie-de-ryan-murphy\/\" data-api-deeplink=\"teleloisirs:\/\/news\/363442\" target=\"_blank\" rel=\"noopener\">s\u00e9rie de Ryan Murphy<\/a>, on suit Max Bankman, interpr\u00e9t\u00e9 par Joshua Jackson, la star de <a href=\"https:\/\/www.programme-tv.net\/news\/series-tv\/332787-on-a-revu-le-premier-episode-de-dawson-la-serie-culte-serait-elle-bien-plus-osee-quelle-nen-a-lair\/\" data-api-deeplink=\"teleloisirs:\/\/news\/332787\" target=\"_blank\" rel=\"noopener\">la s\u00e9rie culte Dawson<\/a>. Ce m\u00e9decin est embauch\u00e9 par un paquebot de croisi\u00e8re de luxe, o\u00f9 l&rsquo;\u00e9quipage travaille dur mais profite \u00e9galement des conditions festives \u00e0 bord. Max et sa petite \u00e9quipe se retrouvent confront\u00e9s \u00e0 des crises m\u00e9dicales uniques, qui les poussent \u00e0 prendre des mesures particuli\u00e8res. <a href=\"https:\/\/www.programme-tv.net\/news\/evenement\/disney-plus-streaming\/363838-docteur-odyssey-aviez-vous-repere-shania-twain-au-casting-d-un-episode\/\" data-api-deeplink=\"teleloisirs:\/\/news\/363838\" target=\"_blank\" rel=\"noopener\">Cette s\u00e9rie, o\u00f9 l&rsquo;on a pu apercevoir Shania Twain<\/a>, au sc\u00e9nario original, disponible sur Disney+, avait s\u00e9duit les abonn\u00e9s, qui partagent leur m\u00e9contentement sur les r\u00e9seaux sociaux.<\/p>\n<p>                        Les fans en col\u00e8re apr\u00e8s l&rsquo;annulation de Doctor Odyssey apr\u00e8s seulement une saison<\/p>\n<p>\u00ab\u00a0Je suis vraiment d\u00e9vast\u00e9, m\u00eame si cette s\u00e9rie \u00e9tait d\u00e9jant\u00e9e, elle m&rsquo;a apport\u00e9 beaucoup de joie et m\u00e9ritait une nouvelle saison\u00a0\u00bb, \u00e9crit un fan. \u00ab\u00a0Ils ont vraiment annul\u00e9 Doctor Odyssey et je me sens personnellement attaqu\u00e9. Oui, c&rsquo;\u00e9tait chaotique. Oui, \u00e7a n&rsquo;avait pas toujours de sens. Mais il y avait du c\u0153ur, et au final, j&rsquo;ai \u00e9trangement ador\u00e9 chaque minute. Cette perle sensible, brouillonne et insouciante va me manquer\u00a0\u00bb, rench\u00e9rit un autre. \u00ab\u00a0Je ne suis pas content ! J&rsquo;esp\u00e9rais une saison 2. C&rsquo;\u00e9tait vraiment une excellente s\u00e9rie et une \u00e9vasion formidable, o\u00f9 qu&rsquo;elle nous emm\u00e8ne. J&rsquo;esp\u00e8re qu&rsquo;ils vont reconsid\u00e9rer leur d\u00e9cision\u00a0\u00bb, peut-on lire \u00e9galement.<\/p>\n<p>Doctor Odyssey : et si la s\u00e9rie n&rsquo;\u00e9tait pas tout \u00e0 fait abandonn\u00e9e ?<\/p>\n<p>Un espoir qui n&rsquo;est pas tout \u00e0 fait vain puisque la s\u00e9rie de 18 \u00e9pisodes n&rsquo;a pas \u00e9t\u00e9 officiellement annul\u00e9e et <a href=\"https:\/\/www.programme-tv.net\/biographie\/6014-murphy-ryan\/\" data-link-people=\"e867c4c3-9150-4b5a-bdfb-bfc2dd1ba1d7\" target=\"_blank\" rel=\"noopener\">Ryan Murphy<\/a> r\u00e9fl\u00e9chirait \u00e0 diff\u00e9rentes options cr\u00e9atives pour la suite. \u00ab\u00a0Doctor Odyssey n&rsquo;est pas actuellement \u00e0 notre programme. Ryan est tr\u00e8s occup\u00e9. Il travaille beaucoup avec nous. Nous poursuivons donc notre conversation cr\u00e9ative avec lui\u00a0\u00bb, a d\u00e9taill\u00e9 Craig Erwich, pr\u00e9sident de Disney Television Group. En attendant, les contrats n&rsquo;ayant pas \u00e9t\u00e9 renouvel\u00e9s, si la s\u00e9rie revient, de nouveaux contrats devront \u00eatre conclus avec les acteurs.<\/p>\n<p>Article \u00e9crit en collaboration avec 6Medias<\/p>\n","protected":false},"excerpt":{"rendered":"C&rsquo;est l&rsquo;incompr\u00e9hension du c\u00f4t\u00e9 des fans apr\u00e8s l&rsquo;annulation de cette s\u00e9rie qui venait d&rsquo;arriver en streaming et qui,&hellip;\n","protected":false},"author":2,"featured_media":221280,"comment_status":"","ping_status":"","sticky":false,"template":"","format":"standard","meta":{"footnotes":""},"categories":[1356],"tags":[1409,244,10451,58,36006,59,1011,27,36005,10450,129,252,1364],"class_list":{"0":"post-221279","1":"post","2":"type-post","3":"status-publish","4":"format-standard","5":"has-post-thumbnail","7":"category-television","8":"tag-bande-annonce","9":"tag-commentaire","10":"tag-disney-plus","11":"tag-divertissement","12":"tag-doctor-odyssey","13":"tag-entertainment","14":"tag-fr","15":"tag-france","16":"tag-joshua-jackson","17":"tag-pub-streaming-disney-plus","18":"tag-svod","19":"tag-television","20":"tag-tv"},"share_on_mastodon":{"url":"https:\/\/pubeurope.com\/@fr\/114785027709724199","error":""},"_links":{"self":[{"href":"https:\/\/www.europesays.com\/fr\/wp-json\/wp\/v2\/posts\/221279","targetHints":{"allow":["GET"]}}],"collection":[{"href":"https:\/\/www.europesays.com\/fr\/wp-json\/wp\/v2\/posts"}],"about":[{"href":"https:\/\/www.europesays.com\/fr\/wp-json\/wp\/v2\/types\/post"}],"author":[{"embeddable":true,"href":"https:\/\/www.europesays.com\/fr\/wp-json\/wp\/v2\/users\/2"}],"replies":[{"embeddable":true,"href":"https:\/\/www.europesays.com\/fr\/wp-json\/wp\/v2\/comments?post=221279"}],"version-history":[{"count":0,"href":"https:\/\/www.europesays.com\/fr\/wp-json\/wp\/v2\/posts\/221279\/revisions"}],"wp:featuredmedia":[{"embeddable":true,"href":"https:\/\/www.europesays.com\/fr\/wp-json\/wp\/v2\/media\/221280"}],"wp:attachment":[{"href":"https:\/\/www.europesays.com\/fr\/wp-json\/wp\/v2\/media?parent=221279"}],"wp:term":[{"taxonomy":"category","embeddable":true,"href":"https:\/\/www.europesays.com\/fr\/wp-json\/wp\/v2\/categories?post=221279"},{"taxonomy":"post_tag","embeddable":true,"href":"https:\/\/www.europesays.com\/fr\/wp-json\/wp\/v2\/tags?post=221279"}],"curies":[{"name":"wp","href":"https:\/\/api.w.org\/{rel}","templated":true}]}}