{"id":221289,"date":"2025-07-02T18:25:26","date_gmt":"2025-07-02T18:25:26","guid":{"rendered":"https:\/\/www.europesays.com\/fr\/221289\/"},"modified":"2025-07-02T18:25:26","modified_gmt":"2025-07-02T18:25:26","slug":"les-lieux-en-lice-pour-devenir-le-village-prefere-des-francais-2025","status":"publish","type":"post","link":"https:\/\/www.europesays.com\/fr\/221289\/","title":{"rendered":"Les lieux en lice pour devenir \u00ab\u00a0Le village pr\u00e9f\u00e9r\u00e9 des Fran\u00e7ais\u00a02025\u00a0\u00bb"},"content":{"rendered":"<p><a href=\"https:\/\/www.20minutes.fr\/journaliste\/jeremy-vial\" rel=\"nofollow noopener\" target=\"_blank\"><img decoding=\"async\" class=\"c-avatar c-avatar--media c-avatar--with-placeholder\" src=\"data:image\/svg+xml,%3Csvg%20xmlns='http:\/\/www.w3.org\/2000\/svg'%20width='40'%20height='40'%3E%3C\/svg%3E\" alt=\"J\u00e9r\u00e9my Vial\"\/><\/p>\n<p class=\"font-weight-bold@xs text-s@xs\">J\u00e9r\u00e9my Vial<\/p>\n<p class=\"mt-xxs-2@xs color-grey-400 text-xxs@xs\">Publi\u00e9 le 02\/07\/2025 \u00e0 18h05<\/p>\n<p><\/a><\/p>\n<p>Cette ann\u00e9e, \u00ab\u00a0<a href=\"https:\/\/www.20minutes.fr\/dossier\/le_village_prefere_des_francais\" class=\"color-ultramarine c-link\" rel=\"nofollow noopener\" target=\"_blank\">Le village pr\u00e9f\u00e9r\u00e9 des Fran\u00e7ais<\/a>\u00a0\u00bb repart sur les routes de <a href=\"https:\/\/www.20minutes.fr\/france\/\" class=\"color-ultramarine c-link\" rel=\"nofollow noopener\" target=\"_blank\">France<\/a> pour faire d\u00e9couvrir des villages d\u2019une beaut\u00e9 et d\u2019une richesse exceptionnelles. C\u2019est le cas pour les 14 villages en lice.<\/p>\n<p>Tout au long de l\u2019\u00e9mission pr\u00e9sent\u00e9e par <a href=\"https:\/\/www.20minutes.fr\/arts-stars\/television\/stephane-bern\/\" class=\"color-ultramarine c-link\" rel=\"nofollow noopener\" target=\"_blank\">St\u00e9phane Bern<\/a> ce mercredi \u00e0 21h10 sur <a href=\"https:\/\/www.20minutes.fr\/television\/france3\/\" class=\"color-ultramarine c-link\" rel=\"nofollow noopener\" target=\"_blank\">France 3<\/a>, le public d\u00e9couvrira le classement de cette \u00e9dition, et le village qui succ\u00e9dera \u00e0 Collioure, en <a href=\"https:\/\/www.20minutes.fr\/dossier\/occitanie\" class=\"color-ultramarine c-link\" rel=\"nofollow noopener\" target=\"_blank\">Occitanie<\/a>. <a href=\"https:\/\/www.20minutes.fr\/dossier\/patrimoine\" class=\"color-ultramarine c-link\" rel=\"nofollow noopener\" target=\"_blank\">Patrimoine<\/a>, <a href=\"https:\/\/www.20minutes.fr\/tempo\/food\/gastronomie\/\" class=\"color-ultramarine c-link\" rel=\"nofollow noopener\" target=\"_blank\">gastronomie<\/a>, <a href=\"https:\/\/www.20minutes.fr\/dossier\/artisanat\" class=\"color-ultramarine c-link\" rel=\"nofollow noopener\" target=\"_blank\">artisanat<\/a>\u00a0: les quatorze villages s\u00e9lectionn\u00e9s rivalisent de charmes\u00a0! Qui sera le grand gagnant du \u00ab\u00a0village pr\u00e9f\u00e9r\u00e9 des Fran\u00e7ais 2025\u00a0\u00bb\u00a0? 20 Minutes vous pr\u00e9sente ces lieux d\u2019exception en images.<\/p>\n<p><img fetchpriority=\"high\" decoding=\"async\" alt=\"Class\u00e9 parmi les Plus beaux Villages de France, Saint-Antoine l\u2019Abbaye est l\u2019un des joyaux de l\u2019Is\u00e8re. Nich\u00e9 aux portes du massif du Vercors, le village est c\u00e9l\u00e8bre pour son abbaye dont l\u2019histoire d\u00e9bute en\u00a01070, alors qu\u2019un seigneur local y ram\u00e8ne les reliques de Saint-Antoine l\u2019\u00c9gyptien.\" class=\"mb-s@xs radius-0@xs radius-xxs@md c-img\" loading=\"eager\" width=\"640\" height=\"408\" src=\"https:\/\/img.20mn.fr\/eGcD1KazSPG7FYnaXopJkCk\/640x408_classe-parmi-les-plus-beaux-villages-de-france-saint-antoine-l-abbaye-est-l-un-des-joyaux-de-l-isere-niche-aux-portes-du-massif-du-vercors-le-village-est-celebre-pour-son-abbaye-dont-l-histoire-debute-en-1070-alors-qu-un-seigneur-local-y-ramene-les-reliques-de-saint-antoine-l-egyptien\" \/>Class\u00e9 parmi les Plus beaux Villages de France, Saint-Antoine l\u2019Abbaye est l\u2019un des joyaux de l\u2019Is\u00e8re. Nich\u00e9 aux portes du massif du Vercors, le village est c\u00e9l\u00e8bre pour son abbaye dont l\u2019histoire d\u00e9bute en\u00a01070, alors qu\u2019un seigneur local y ram\u00e8ne les reliques de Saint-Antoine l\u2019\u00c9gyptien.\u2002-\u00a0Cnossos\u2002\/\u00a0Cnossos<\/p>\n<p>Saint-Antoine-l\u2019Abbaye (Is\u00e8re)<\/p>\n<p><img decoding=\"async\" alt=\"Ce n\u2019est pas pour rien que l\u2019on appelle Beaulieu-sur-Dordogne la \u00ab\u00a0Riviera limousine\u00a0\u00bb. Class\u00e9e parmi les Plus beaux Villages de France, la commune s\u00e9duit par son patrimoine historique et sa douceur de vivre, sur les bords de Dordogne.\" class=\"mb-s@xs radius-0@xs radius-xxs@md c-img\" loading=\"eager\" width=\"640\" height=\"408\" src=\"https:\/\/img.20mn.fr\/oihto6pWSxCmUUg9IfX3Hyk\/640x408_beaulieu-sur-dordogne-correze-nouvelle-aquitaine\" \/>Ce n\u2019est pas pour rien que l\u2019on appelle Beaulieu-sur-Dordogne la \u00ab\u00a0Riviera limousine\u00a0\u00bb. Class\u00e9e parmi les Plus beaux Villages de France, la commune s\u00e9duit par son patrimoine historique et sa douceur de vivre, sur les bords de Dordogne.\u2002-\u00a0Christophe-Bouthe-Vent-d-Autan\u2002\/\u00a0Christophe-Bouthe-Vent-d-Autan<\/p>\n<p>Beaulieu-sur-Dordogne (Corr\u00e8ze)<\/p>\n<p><img decoding=\"async\" alt=\"Situ\u00e9 dans le Calvados, dans un \u00e9crin de verdure, ce n\u2019est pas un hasard si Cl\u00e9cy est surnomm\u00e9 la \u00ab\u00a0perle de la Suisse normande\u00a0\u00bb. Le village est un petit paradis pour les amateurs de nature et de sensations fortes.\" class=\"mb-s@xs radius-0@xs radius-xxs@md c-img\" loading=\"eager\" width=\"640\" height=\"408\" src=\"https:\/\/img.20mn.fr\/aF32r0FDRLqe0ZPKt7VUfCk\/640x408_situe-dans-le-calvados-dans-un-ecrin-de-verdure-ce-n-est-pas-un-hasard-si-clecy-est-surnomme-la-perle-de-la-suisse-normande-le-village-est-un-petit-paradis-pour-les-amateurs-de-nature-et-de-sensations-fortes\" \/>Situ\u00e9 dans le Calvados, dans un \u00e9crin de verdure, ce n\u2019est pas un hasard si Cl\u00e9cy est surnomm\u00e9 la \u00ab\u00a0perle de la Suisse normande\u00a0\u00bb. Le village est un petit paradis pour les amateurs de nature et de sensations fortes.\u2002-\u00a0 Greg Wait\u2002\/\u00a0 Greg Wait<\/p>\n<p>Cl\u00e9cy (Calvados)<\/p>\n<p><img decoding=\"async\" alt=\"Dominant \u00e0 300 m\u00e8tres d\u2019altitude le golfe de Sagone en Corse-du-Sud, Calcatoggio est un havre de paix nich\u00e9 entre mer et montagne.\" class=\"mb-s@xs radius-0@xs radius-xxs@md c-img\" loading=\"eager\" width=\"640\" height=\"408\" src=\"https:\/\/img.20mn.fr\/Tm2RNGdxSXy-B4tQLsLJjyk\/640x408_dominant-a-300-metres-d-altitude-le-golf-de-sagone-en-corse-du-sud-calcatoggio-est-un-havre-de-paix-niche-entre-mer-et-montagne\" \/>Dominant \u00e0 300 m\u00e8tres d\u2019altitude le golfe de Sagone en Corse-du-Sud, Calcatoggio est un havre de paix nich\u00e9 entre mer et montagne.\u2002-\u00a0Calcatoggio\u2002\/\u00a0Calcatoggio<\/p>\n<p>Calcatoggio (Corse-du-Sud)<\/p>\n<p><img decoding=\"async\" alt=\"Nich\u00e9 aux confins du G\u00e2tinais, dans le Loiret, Ferri\u00e8res-en-G\u00e2tinais \u00e9tait jusqu\u2019au XVIIIe\u00a0si\u00e8cle l\u2019une des principales sources de minerais de fer de la r\u00e9gion.\" class=\"mb-s@xs radius-0@xs radius-xxs@md c-img\" loading=\"eager\" width=\"640\" height=\"408\" src=\"https:\/\/img.20mn.fr\/BBQx8rw5QBC7rggbo0_rhSk\/640x408_niche-aux-confins-du-gatinais-dans-le-loiret-ferrieres-en-gatinais-etait-jusqu-au-18eme-siecle-l-une-des-principales-sources-de-minerais-de-fer-de-la-region\" \/>Nich\u00e9 aux confins du G\u00e2tinais, dans le Loiret, Ferri\u00e8res-en-G\u00e2tinais \u00e9tait jusqu\u2019au XVIIIe\u00a0si\u00e8cle l\u2019une des principales sources de minerais de fer de la r\u00e9gion.\u2002-\u00a0Ferri\u00e8res-en-G\u00e2tinais\u2002\/\u00a0Ferri\u00e8res-en-G\u00e2tinais<\/p>\n<p>Ferri\u00e8res-en-G\u00e2tinais (Loiret)<\/p>\n<p><img decoding=\"async\" alt=\"Blotti entre les vignobles et les paysages verdoyants de l\u2019Anjou, Fontevraud-l\u2019Abbaye est un village d\u2019exception marqu\u00e9 par pr\u00e8s de mille ans d\u2019histoire.\" class=\"mb-s@xs radius-0@xs radius-xxs@md c-img\" loading=\"eager\" width=\"640\" height=\"408\" src=\"https:\/\/img.20mn.fr\/6IHVNhCHQGanCgL4YYbx_ik\/640x408_blotti-entre-les-vignobles-et-les-paysages-verdoyants-de-l-anjou-fontevraud-l-abbaye-est-un-village-d-exception-marque-par-pres-de-mille-ans-d-histoire\" \/>Blotti entre les vignobles et les paysages verdoyants de l\u2019Anjou, Fontevraud-l\u2019Abbaye est un village d\u2019exception marqu\u00e9 par pr\u00e8s de mille ans d\u2019histoire.\u2002-\u00a0Kreazim\u2002\/\u00a0Kreazim<\/p>\n<p>Fontevraud-l\u2019Abbaye (Maine-et-Loire)<\/p>\n<p><img decoding=\"async\" alt=\"Petit village situ\u00e9 sur la pointe nord de la Martinique, \u00e0 la vue imprenable sur la mer des Cara\u00efbes, Grand\u2019Rivi\u00e8re est souvent surnomm\u00e9 le \u00ab\u00a0bout du monde\u00a0\u00bb, il en a l\u2019authentique charme.\" class=\"mb-s@xs radius-0@xs radius-xxs@md c-img\" loading=\"eager\" width=\"640\" height=\"408\" src=\"https:\/\/img.20mn.fr\/qCBk3iINRvyRk4obxo12Pik\/640x408_petit-village-situe-sur-la-pointe-nord-de-la-martinique-a-la-vue-imprenable-sur-la-mer-des-caraibes-grand-riviere-est-souvent-surnomme-le-bout-du-monde-il-en-a-l-authentique-charme\" \/>Petit village situ\u00e9 sur la pointe nord de la Martinique, \u00e0 la vue imprenable sur la mer des Cara\u00efbes, Grand\u2019Rivi\u00e8re est souvent surnomm\u00e9 le \u00ab\u00a0bout du monde\u00a0\u00bb, il en a l\u2019authentique charme.\u2002-\u00a0Grand\u2019Rivi\u00e8re\u2002\/\u00a0Grand\u2019Rivi\u00e8re<\/p>\n<p>Grand\u2019Rivi\u00e8re (Martinique)<\/p>\n<p><img decoding=\"async\" alt=\"Situ\u00e9 dans le vallon verdoyant de la for\u00eat de Retz, dans le d\u00e9partement de l\u2019Aisne, Longpont est un village au charme intemporel, marqu\u00e9 par un prestigieux pass\u00e9 monastique.\" class=\"mb-s@xs radius-0@xs radius-xxs@md c-img\" loading=\"eager\" width=\"640\" height=\"408\" src=\"https:\/\/img.20mn.fr\/9BtL6OjdRh-nXvRg4jx2hSk\/640x408_situe-dans-le-vallon-verdoyant-de-la-foret-de-retz-dans-le-departement-de-l-aisne-longpont-est-un-village-au-charme-intemporel-marque-par-un-prestigieux-passe-monastique\" \/>Situ\u00e9 dans le vallon verdoyant de la for\u00eat de Retz, dans le d\u00e9partement de l\u2019Aisne, Longpont est un village au charme intemporel, marqu\u00e9 par un prestigieux pass\u00e9 monastique.\u2002-\u00a0Jean-Luc Maleron\u2002\/\u00a0Jean-Luc Maleron<\/p>\n<p>Longpont (Aisne)<\/p>\n<p><img decoding=\"async\" alt=\"Perch\u00e9 sur les collines vallonn\u00e9es du Gers, Lupiac porte une grande histoire. Celle de d\u2019Artagnan, le personnage illustre, h\u00e9ros du roman d\u2019Alexandre Dumas \u00ab\u00a0Les Trois mousquetaires\u00a0\u00bb.\" class=\"mb-s@xs radius-0@xs radius-xxs@md c-img\" loading=\"eager\" width=\"640\" height=\"408\" src=\"https:\/\/img.20mn.fr\/LslUwcyYTquxD3m4TL0kJCk\/640x408_perche-sur-les-collines-vallonees-du-gers-lupiac-porte-une-grande-histoire-celle-de-d-artagnan-le-personnage-illustre-heros-du-roman-d-alexandre-dumas-les-trois-mousquetaires\" \/>Perch\u00e9 sur les collines vallonn\u00e9es du Gers, Lupiac porte une grande histoire. Celle de d\u2019Artagnan, le personnage illustre, h\u00e9ros du roman d\u2019Alexandre Dumas \u00ab\u00a0Les Trois mousquetaires\u00a0\u00bb.\u2002-\u00a0Lupiac\u2002\/\u00a0Lupiac<\/p>\n<p>Lupiac (Gers)<\/p>\n<p><img decoding=\"async\" alt=\"Cit\u00e9 mill\u00e9naire dont l\u2019origine remonterait \u00e0 l\u2019an 987, Malestroit est l\u2019un des tr\u00e9sors du Morbihan. En t\u00e9moigne le surnom qu\u2019on lui donne\u00a0: la perle de l\u2019Oust, la rivi\u00e8re qui longe le village.\" class=\"mb-s@xs radius-0@xs radius-xxs@md c-img\" loading=\"eager\" width=\"640\" height=\"408\" src=\"https:\/\/img.20mn.fr\/PztLM_QZSLK-MUycV8a1VCk\/640x408_cite-millenaire-dont-l-origine-remonterait-a-l-an-987-malestroit-est-l-un-des-tresors-du-morbihan-en-temoigne-le-surnom-qu-on-lui-donne-la-perle-de-l-oust-la-riviere-qui-longe-le-village\" \/>Cit\u00e9 mill\u00e9naire dont l\u2019origine remonterait \u00e0 l\u2019an 987, Malestroit est l\u2019un des tr\u00e9sors du Morbihan. En t\u00e9moigne le surnom qu\u2019on lui donne\u00a0: la perle de l\u2019Oust, la rivi\u00e8re qui longe le village.\u2002-\u00a0Alexandre Lamoureux\u2002\/\u00a0Alexandre Lamoureux<\/p>\n<p>Malestroit (Morbihan)<\/p>\n<p><img decoding=\"async\" alt=\"Au c\u0153ur de la Haute vall\u00e9e de Chevreuse, sur l\u2019une des voies antiques qui reliait Paris \u00e0 Chartres, Rochefort-en-Yvelines doit son patronyme \u00e0 la place forte que repr\u00e9sentait le village construit au pied d\u2019une butte rocheuse.\" class=\"mb-s@xs radius-0@xs radius-xxs@md c-img\" loading=\"eager\" width=\"640\" height=\"408\" src=\"https:\/\/img.20mn.fr\/-z-db-4yRRKGeC5rB0hoDCk\/640x408_au-c-ur-de-la-haute-vallee-de-chevreuse-sur-l-une-des-voies-antiques-qui-reliait-paris-a-chartres-rochefort-en-yvelines-doit-son-patronyme-a-la-place-forte-que-representait-le-village-construit-au-pied-d-une-butte-rocheuse\" \/>Au c\u0153ur de la Haute vall\u00e9e de Chevreuse, sur l\u2019une des voies antiques qui reliait Paris \u00e0 Chartres, Rochefort-en-Yvelines doit son patronyme \u00e0 la place forte que repr\u00e9sentait le village construit au pied d\u2019une butte rocheuse.\u2002-\u00a0Rochefort-en-Yvelines\u2002\/\u00a0Rochefort-en-Yvelines<\/p>\n<p>Rochefort-en-Yvelines (Yvelines)<\/p>\n<p><img decoding=\"async\" alt=\"Comme suspendues entre ciel et montagne, au c\u0153ur du parc national du Mercantour, les maisons color\u00e9es de Saorge se dessinent sous le ciel bleu de la vall\u00e9e de la Roya. A 800 m\u00e8tres d\u2019altitude, avec leurs toits recouverts de pierre violette, elles donnent au village un panorama \u00e0 l\u2019esth\u00e9tisme presque irr\u00e9el.\" class=\"mb-s@xs radius-0@xs radius-xxs@md c-img\" loading=\"eager\" width=\"640\" height=\"408\" src=\"https:\/\/img.20mn.fr\/_4xzgl96TGKULTmSPIfLhCk\/640x408_comme-suspendues-entre-ciel-et-montagne-au-c-ur-du-parc-national-du-mercantour-les-maisons-colorees-de-saorge-se-dessinent-sous-le-ciel-bleu-de-la-vallee-de-la-roya-a-800-metres-d-altitude-avec-leurs-toits-recouverts-de-pierre-violette-elles-donnent-au-village-un-panorama-a-l-esthetisme-presqu-irreel\" \/>Comme suspendues entre ciel et montagne, au c\u0153ur du parc national du Mercantour, les maisons color\u00e9es de Saorge se dessinent sous le ciel bleu de la vall\u00e9e de la Roya. A 800 m\u00e8tres d\u2019altitude, avec leurs toits recouverts de pierre violette, elles donnent au village un panorama \u00e0 l\u2019esth\u00e9tisme presque irr\u00e9el.\u2002-\u00a0Saorge\u2002\/\u00a0Saorge<\/p>\n<p>Saorge (Alpes-Maritimes)<\/p>\n<p><img decoding=\"async\" alt=\"Perle de la C\u00f4te-d\u2019Or, en Bourgogne-Franche-Comt\u00e9, Semur-en-Auxois est perch\u00e9 sur un \u00e9peron rocheux de granit rose dominant une boucle encaiss\u00e9e de l\u2019Arma\u00e7on.\" class=\"mb-s@xs radius-0@xs radius-xxs@md c-img\" loading=\"eager\" width=\"640\" height=\"408\" src=\"https:\/\/img.20mn.fr\/vXLi25LSSzKEo23fjZ05jyk\/640x408_perle-de-la-cote-d-or-en-bourgogne-franche-comte-semur-en-auxois-est-perche-sur-un-eperon-rocheux-de-granit-rose-dominant-une-boucle-encaissee-de-l-armacon\" \/>Perle de la C\u00f4te-d\u2019Or, en Bourgogne-Franche-Comt\u00e9, Semur-en-Auxois est perch\u00e9 sur un \u00e9peron rocheux de granit rose dominant une boucle encaiss\u00e9e de l\u2019Arma\u00e7on.\u2002-\u00a0Semur en Auxois\u2002\/\u00a0Semur en Auxois<\/p>\n<p>Semur-en-Auxois (C\u00f4te-d\u2019Or)<\/p>\n<p><img decoding=\"async\" alt=\"Blotti dans un \u00e9crin de verdure, dans le pays des Trois Fronti\u00e8res, aux portes de l\u2019Allemagne et du Luxembourg, Sierck-les-Bains est un village enchanteur. Son ch\u00e2teau, datant du XIe\u00a0si\u00e8cle et propri\u00e9t\u00e9 des Ducs de Lorraine, est l\u2019un des derniers forts de l\u2019Est de la France.\" class=\"mb-s@xs radius-0@xs radius-xxs@md c-img\" loading=\"eager\" width=\"640\" height=\"408\" src=\"https:\/\/img.20mn.fr\/E2BAu6VVSJCEuJeAXY4zkCk\/640x408_comme-suspendues-entre-ciel-et-montagne-au-c-ur-du-parc-national-du-mercantour-les-maisons-colorees-de-saorge-se-dessinent-sous-le-ciel-bleu-de-la-vallee-de-la-roya\" \/>Blotti dans un \u00e9crin de verdure, dans le pays des Trois Fronti\u00e8res, aux portes de l\u2019Allemagne et du Luxembourg, Sierck-les-Bains est un village enchanteur. Son ch\u00e2teau, datant du XIe\u00a0si\u00e8cle et propri\u00e9t\u00e9 des Ducs de Lorraine, est l\u2019un des derniers forts de l\u2019Est de la France.\u2002-\u00a0Sierck-les-Bains\u2002\/\u00a0Sierck-les-Bains<\/p>\n<p>Sierck-les-Bains (Moselle)<\/p>\n","protected":false},"excerpt":{"rendered":"J\u00e9r\u00e9my Vial Publi\u00e9 le 02\/07\/2025 \u00e0 18h05 Cette ann\u00e9e, \u00ab\u00a0Le village pr\u00e9f\u00e9r\u00e9 des Fran\u00e7ais\u00a0\u00bb repart sur les routes&hellip;\n","protected":false},"author":2,"featured_media":221290,"comment_status":"","ping_status":"","sticky":false,"template":"","format":"standard","meta":{"footnotes":""},"categories":[8],"tags":[6196,58,59,1011,27,876,2400,36007,18875,252],"class_list":{"0":"post-221289","1":"post","2":"type-post","3":"status-publish","4":"format-standard","5":"has-post-thumbnail","7":"category-divertissement","8":"tag-diaporamas","9":"tag-divertissement","10":"tag-entertainment","11":"tag-fr","12":"tag-france","13":"tag-france-3","14":"tag-france-televisions","15":"tag-le-village-prefere-des-francais","16":"tag-stephane-bern","17":"tag-television"},"share_on_mastodon":{"url":"https:\/\/pubeurope.com\/@fr\/114785047794318001","error":""},"_links":{"self":[{"href":"https:\/\/www.europesays.com\/fr\/wp-json\/wp\/v2\/posts\/221289","targetHints":{"allow":["GET"]}}],"collection":[{"href":"https:\/\/www.europesays.com\/fr\/wp-json\/wp\/v2\/posts"}],"about":[{"href":"https:\/\/www.europesays.com\/fr\/wp-json\/wp\/v2\/types\/post"}],"author":[{"embeddable":true,"href":"https:\/\/www.europesays.com\/fr\/wp-json\/wp\/v2\/users\/2"}],"replies":[{"embeddable":true,"href":"https:\/\/www.europesays.com\/fr\/wp-json\/wp\/v2\/comments?post=221289"}],"version-history":[{"count":0,"href":"https:\/\/www.europesays.com\/fr\/wp-json\/wp\/v2\/posts\/221289\/revisions"}],"wp:featuredmedia":[{"embeddable":true,"href":"https:\/\/www.europesays.com\/fr\/wp-json\/wp\/v2\/media\/221290"}],"wp:attachment":[{"href":"https:\/\/www.europesays.com\/fr\/wp-json\/wp\/v2\/media?parent=221289"}],"wp:term":[{"taxonomy":"category","embeddable":true,"href":"https:\/\/www.europesays.com\/fr\/wp-json\/wp\/v2\/categories?post=221289"},{"taxonomy":"post_tag","embeddable":true,"href":"https:\/\/www.europesays.com\/fr\/wp-json\/wp\/v2\/tags?post=221289"}],"curies":[{"name":"wp","href":"https:\/\/api.w.org\/{rel}","templated":true}]}}