{"id":221291,"date":"2025-07-02T18:26:10","date_gmt":"2025-07-02T18:26:10","guid":{"rendered":"https:\/\/www.europesays.com\/fr\/221291\/"},"modified":"2025-07-02T18:26:10","modified_gmt":"2025-07-02T18:26:10","slug":"un-possible-objet-interstellaire-traverse-le-systeme-solaire","status":"publish","type":"post","link":"https:\/\/www.europesays.com\/fr\/221291\/","title":{"rendered":"un possible objet interstellaire traverse le syst\u00e8me solaire"},"content":{"rendered":"<p>Baptis\u00e9 A11pl3Z, et d\u2019une taille estim\u00e9e de 10 \u00e0 20 km de diam\u00e8tre, l\u2019objet ne pr\u00e9sente toutefois pas de risque de collision avec la Terre.<\/p>\n<p class=\"fig-paragraph\">Un objet suppos\u00e9 venir\u00a0<a href=\"http:\/\/www.lefigaro.fr\/sciences\/comment-une-planete-inconnue-pourrait-s-etre-retrouvee-perdue-dans-les-confins-du-systeme-solaire-20250605\" target=\"_blank\" data-fig-type=\"Article\" rel=\"noopener\" data-gtm-custom-categorie=\"navigation\" data-gtm-custom-action=\"crossclick\" data-gtm-custom-label=\"Contextuel\" data-gtm-event=\"customEventSPE\" data-fig-domain=\"LEFIGARO\">d&rsquo;en dehors du syst\u00e8me solaire<\/a>, le troisi\u00e8me de type interstellaire, a \u00e9t\u00e9 d\u00e9tect\u00e9 par des astronomes, a indiqu\u00e9 mercredi l&rsquo;Agence spatiale europ\u00e9enne (ESA). Baptis\u00e9 A11pl3Z, il ne pr\u00e9sente pas de risque de collision avec la Terre, a dit \u00e0 l&rsquo;AFP le responsable de la d\u00e9fense plan\u00e9taire de l&rsquo;ESA, Richard Moissl: \u00abIl va voler profond\u00e9ment dans le syst\u00e8me solaire, en passant juste dans l&rsquo;orbite de Mars\u00bb.<\/p>\n<p class=\"fig-paragraph\">\u00c9voluant \u00e0 une vitesse estim\u00e9e jusqu&rsquo;\u00e0 60 km\/seconde, soit plus de 200.000 km\/heure, sa trajectoire \u00abindique qu&rsquo;il n&rsquo;est pas en orbite autour du Soleil, mais vient de l&rsquo;espace interstellaire et va y retourner\u00bb. Une confirmation officielle de ses caract\u00e9ristiques est attendue de la part du centre des plan\u00e8tes mineures de l&rsquo;Union astronomique internationale, qui a enregistr\u00e9 plus de cent observations de l&rsquo;objet par des astronomes.<\/p>\n<p>                                    <a class=\"fig-a11y-skip a11y-hidden\" href=\"#fig-a11y-skip-main-inarticle\"><br \/>\n        Passer la publicit\u00e9<br \/>\n    <\/a><\/p>\n<p>10 \u00e0 20 km de diam\u00e8tre<\/p>\n<p class=\"fig-paragraph\">D\u00e9tect\u00e9 d\u00e8s le 14 juin, il pourrait faire 10 \u00e0 20 km de diam\u00e8tre, ou peut-\u00eatre moins selon Richard Moissl.\u00abIl va briller de plus en plus et s&rsquo;approcher du Soleil jusqu&rsquo;\u00e0 la fin octobre, et sera encore observable jusqu&rsquo;\u00e0 l&rsquo;an prochain\u00bb, a-t-il dit. Si sa nature est officiellement confirm\u00e9e, ce serait le troisi\u00e8me objet observ\u00e9 en provenance de l&rsquo;espace interstellaire. Le premier, Oumuamua, a \u00e9t\u00e9 d\u00e9tect\u00e9 en 2017. Le deuxi\u00e8me, 2I\/Borisov, l&rsquo;a \u00e9t\u00e9 en 2019.<\/p>\n<p class=\"fig-paragraph\">A11pl3Z parait \u00abse d\u00e9placer beaucoup plus rapidement que les deux premiers objets extra-solaires qui avaient \u00e9t\u00e9 d\u00e9couverts\u00bb, a dit \u00e0 l&rsquo;AFP Mark Norris, astronome \u00e0 l&rsquo;universit\u00e9 britannique de Central Lancashire. Selon lui, des mod\u00e9lisations font \u00e9tat d&rsquo;au moins 10.000 objets interstellaires circulant dans le syst\u00e8me solaire \u00e0 n&rsquo;importe quel moment.<\/p>\n","protected":false},"excerpt":{"rendered":"Baptis\u00e9 A11pl3Z, et d\u2019une taille estim\u00e9e de 10 \u00e0 20 km de diam\u00e8tre, l\u2019objet ne pr\u00e9sente toutefois pas&hellip;\n","protected":false},"author":2,"featured_media":221292,"comment_status":"","ping_status":"","sticky":false,"template":"","format":"standard","meta":{"footnotes":""},"categories":[7],"tags":[1011,27,43,40,41,39,24901,42,44],"class_list":{"0":"post-221291","1":"post","2":"type-post","3":"status-publish","4":"format-standard","5":"has-post-thumbnail","7":"category-sciences-et-technologies","8":"tag-fr","9":"tag-france","10":"tag-science","11":"tag-science-and-technology","12":"tag-sciences","13":"tag-sciences-et-technologies","14":"tag-systeme-solaire","15":"tag-technologies","16":"tag-technology"},"share_on_mastodon":{"url":"https:\/\/pubeurope.com\/@fr\/114785051311272573","error":""},"_links":{"self":[{"href":"https:\/\/www.europesays.com\/fr\/wp-json\/wp\/v2\/posts\/221291","targetHints":{"allow":["GET"]}}],"collection":[{"href":"https:\/\/www.europesays.com\/fr\/wp-json\/wp\/v2\/posts"}],"about":[{"href":"https:\/\/www.europesays.com\/fr\/wp-json\/wp\/v2\/types\/post"}],"author":[{"embeddable":true,"href":"https:\/\/www.europesays.com\/fr\/wp-json\/wp\/v2\/users\/2"}],"replies":[{"embeddable":true,"href":"https:\/\/www.europesays.com\/fr\/wp-json\/wp\/v2\/comments?post=221291"}],"version-history":[{"count":0,"href":"https:\/\/www.europesays.com\/fr\/wp-json\/wp\/v2\/posts\/221291\/revisions"}],"wp:featuredmedia":[{"embeddable":true,"href":"https:\/\/www.europesays.com\/fr\/wp-json\/wp\/v2\/media\/221292"}],"wp:attachment":[{"href":"https:\/\/www.europesays.com\/fr\/wp-json\/wp\/v2\/media?parent=221291"}],"wp:term":[{"taxonomy":"category","embeddable":true,"href":"https:\/\/www.europesays.com\/fr\/wp-json\/wp\/v2\/categories?post=221291"},{"taxonomy":"post_tag","embeddable":true,"href":"https:\/\/www.europesays.com\/fr\/wp-json\/wp\/v2\/tags?post=221291"}],"curies":[{"name":"wp","href":"https:\/\/api.w.org\/{rel}","templated":true}]}}