{"id":221295,"date":"2025-07-02T18:28:12","date_gmt":"2025-07-02T18:28:12","guid":{"rendered":"https:\/\/www.europesays.com\/fr\/221295\/"},"modified":"2025-07-02T18:28:12","modified_gmt":"2025-07-02T18:28:12","slug":"le-dalai-lama-defie-pekin-en-promettant-un-successeur","status":"publish","type":"post","link":"https:\/\/www.europesays.com\/fr\/221295\/","title":{"rendered":"le dala\u00ef-lama d\u00e9fie P\u00e9kin en promettant un \u00absuccesseur\u00bb"},"content":{"rendered":"<p><strong>ANALYSE <\/strong>&#8211; \u00c0 la veille de son 90e\u00a0anniversaire, le leader du bouddhisme tib\u00e9tain, honni \u00e0 P\u00e9kin qui entend assujettir cette contr\u00e9e, a promis que seuls les lamas (ma\u00eetres spirituels) identifieront le moment venu sa r\u00e9incarnation.<\/p>\n<p class=\"fig-paragraph\">La guerre des \u00ab\u00a0r\u00e9incarnations\u00a0\u00bb est lanc\u00e9e entre le\u00a0<a href=\"http:\/\/www.lefigaro.fr\/international\/le-dalai-lama-confirme-qu-il-aura-bien-un-successeur-apres-sa-mort-20250702\" data-fig-type=\"NewsFlash\" data-gtm-custom-categorie=\"navigation\" data-gtm-custom-action=\"crossclick\" data-gtm-custom-label=\"Contextuel\" data-gtm-event=\"customEventSPE\" data-fig-domain=\"LEFIGARO\" rel=\"nofollow noopener\" target=\"_blank\">dala\u00ef-lama\u00a0<\/a>et la Chine. \u00c0 la veille de son 90e\u00a0anniversaire, le leader du bouddhisme tib\u00e9tain a confirm\u00e9 qu\u2019il aurait bien un successeur, ce mercredi 2\u00a0juillet \u00e0 Dharamsala, lors d\u2019une adresse tr\u00e8s attendue par ses fid\u00e8les comme les chancelleries. \u00ab\u00a0J\u2019affirme que l\u2019institution du dala\u00ef-lama sera perp\u00e9tu\u00e9e\u00a0\u00bb, a d\u00e9clar\u00e9 le 14e du nom \u00e0 l\u2019or\u00e9e d\u2019une r\u00e9union solennelle, dans la petite ville du nord de l\u2019Inde, bastion du gouvernement du\u00a0<a href=\"http:\/\/www.lefigaro.fr\/international\/nous-risquons-une-extermination-de-notre-culture-au-tibet-xi-jinping-impose-une-sinisation-a-marche-forcee-20250630\" data-fig-type=\"Article\" data-gtm-custom-categorie=\"navigation\" data-gtm-custom-action=\"crossclick\" data-gtm-custom-label=\"Contextuel\" data-gtm-event=\"customEventSPE\" data-fig-domain=\"LEFIGARO\" rel=\"nofollow noopener\" target=\"_blank\">Tibet\u00a0<\/a>en exil, accroch\u00e9e aux contreforts de l\u2019Himalaya. Une annonce en ligne avec la tradition s\u00e9culaire de la \u00ab\u00a0r\u00e9incarnation\u00a0\u00bb, brisant un faux suspense entretenu ces derni\u00e8res semaines par le Prix Nobel de la Paix, figure de proue vieillissante du Tibet \u00ab\u00a0libre\u00a0\u00bb.<\/p>\n<p class=\"fig-paragraph\">L\u2019h\u00e9ritier de cette institution datant du XVIe\u00a0si\u00e8cle a tent\u00e9 d\u2019offrir un \u00e9crin d\u00e9mocratique \u00e0 cette d\u00e9cision, pour mieux d\u00e9fier un r\u00e9gime communiste en embuscade qui pr\u00e9pare de longue date une succession \u00e0 sa main, apr\u00e8s avoir\u2026<\/p>\n<p class=\"fig-premium-paywall__infos\">\n        Cet article est r\u00e9serv\u00e9 aux abonn\u00e9s.        Il vous reste 83% \u00e0 d\u00e9couvrir.\n    <\/p>\n<p>                <img  data- alt=\"Le Figaro\" class=\"fig-img--complete fig-img\"\/><\/p>\n<p class=\"fig-premium-paywall__title\">Vous avez envie de lire la suite ?<\/p>\n<p class=\"fig-premium-paywall__subtitle\">D\u00e9bloquez tous les articles imm\u00e9diatement.<\/p>\n<p class=\"fig-premium-paywall__connect\">\n                D\u00e9j\u00e0 abonn\u00e9\u00a0?                <a class=\"fig-premium-paywall__connect-link\" href=\"https:\/\/connect.lefigaro.fr\/login?client=horizon_web&amp;type=main&amp;redirect_uri=https%3A%2F%2Fwww.lefigaro.fr%2Finternational%2Fles-chinois-sont-obsedes-par-sa-reincarnation-le-dalai-lama-defie-pekin-en-promettant-un-successeur-20250702\" data-js-gtm=\"{&quot;customCategorie&quot;: &quot;conversion&quot;, &quot;customAction&quot;: &quot;before_Landing_Connexion_paywall_auto&quot;, &quot;customLabel&quot;: &quot;bGVmaWdhcm8uZnJfXzFmMDU3NDRlLTU5NDItNmM0ZS1iNDFlLWQzMDhiMjQ3YzRmMl9fQXJ0aWNsZQ==_\u00abLes Chinois sont obs\u00e9d\u00e9s par sa r\u00e9incarnation\u00bb\u00a0: le dala\u00ef-lama d\u00e9fie P\u00e9kin en promettant un \u00absuccesseur\u00bb_224&quot;, &quot;customIDSPE&quot;: &quot;bGVmaWdhcm8uZnJfXzFmMDU3NDRlLTU5NDItNmM0ZS1iNDFlLWQzMDhiMjQ3YzRmMl9fQXJ0aWNsZQ==&quot;, &quot;event&quot;: &quot;customEventSPE&quot;}\" rel=\"nofollow noopener\" target=\"_blank\"><br \/>\n                    Connectez-vous<br \/>\n                <\/a>\n            <\/p>\n","protected":false},"excerpt":{"rendered":"ANALYSE &#8211; \u00c0 la veille de son 90e\u00a0anniversaire, le leader du bouddhisme tib\u00e9tain, honni \u00e0 P\u00e9kin qui entend&hellip;\n","protected":false},"author":2,"featured_media":221296,"comment_status":"","ping_status":"","sticky":false,"template":"","format":"standard","meta":{"footnotes":""},"categories":[5],"tags":[11,309,36009,1011,27,14,12,36008,28],"class_list":{"0":"post-221295","1":"post","2":"type-post","3":"status-publish","4":"format-standard","5":"has-post-thumbnail","7":"category-international","8":"tag-actualites","9":"tag-chine","10":"tag-dalai-lama","11":"tag-fr","12":"tag-france","13":"tag-international","14":"tag-news","15":"tag-tibet","16":"tag-world"},"share_on_mastodon":{"url":"https:\/\/pubeurope.com\/@fr\/114785059041889808","error":""},"_links":{"self":[{"href":"https:\/\/www.europesays.com\/fr\/wp-json\/wp\/v2\/posts\/221295","targetHints":{"allow":["GET"]}}],"collection":[{"href":"https:\/\/www.europesays.com\/fr\/wp-json\/wp\/v2\/posts"}],"about":[{"href":"https:\/\/www.europesays.com\/fr\/wp-json\/wp\/v2\/types\/post"}],"author":[{"embeddable":true,"href":"https:\/\/www.europesays.com\/fr\/wp-json\/wp\/v2\/users\/2"}],"replies":[{"embeddable":true,"href":"https:\/\/www.europesays.com\/fr\/wp-json\/wp\/v2\/comments?post=221295"}],"version-history":[{"count":0,"href":"https:\/\/www.europesays.com\/fr\/wp-json\/wp\/v2\/posts\/221295\/revisions"}],"wp:featuredmedia":[{"embeddable":true,"href":"https:\/\/www.europesays.com\/fr\/wp-json\/wp\/v2\/media\/221296"}],"wp:attachment":[{"href":"https:\/\/www.europesays.com\/fr\/wp-json\/wp\/v2\/media?parent=221295"}],"wp:term":[{"taxonomy":"category","embeddable":true,"href":"https:\/\/www.europesays.com\/fr\/wp-json\/wp\/v2\/categories?post=221295"},{"taxonomy":"post_tag","embeddable":true,"href":"https:\/\/www.europesays.com\/fr\/wp-json\/wp\/v2\/tags?post=221295"}],"curies":[{"name":"wp","href":"https:\/\/api.w.org\/{rel}","templated":true}]}}