{"id":221297,"date":"2025-07-02T18:29:20","date_gmt":"2025-07-02T18:29:20","guid":{"rendered":"https:\/\/www.europesays.com\/fr\/221297\/"},"modified":"2025-07-02T18:29:20","modified_gmt":"2025-07-02T18:29:20","slug":"les-images-impressionnantes-de-la-violente-tempete-qui-traverse-actuellement-la-cote-dazur-et-le-var","status":"publish","type":"post","link":"https:\/\/www.europesays.com\/fr\/221297\/","title":{"rendered":"Les images impressionnantes de la violente temp\u00eate qui traverse actuellement la C\u00f4te d&rsquo;Azur et le Var"},"content":{"rendered":"<p>De fortes cellules orageuses se d\u00e9clenchent actuellement sur la C\u00f4te d&rsquo;Azur, notamment du c\u00f4t\u00e9 de S\u00e9ranon, dans l&rsquo;arri\u00e8re-pays de Grasse,\u00a0\u00e0 l&rsquo;Ouest des Alpes-Maritimes.<\/p>\n<p>\u00a0<\/p>\n<p>Ces orages s\u2019accompagnent de fortes pr\u00e9cipitations et de violentes rafales de vent.<\/p>\n<p>\u00a0<\/p>\n<p>La prudence est de mise pour les prochaines heures.\u00a0<\/p>\n<\/p>\n<p>De la gr\u00eale est \u00e9galement observ\u00e9e depuis Caussols sur les hauteurs de Grasse.\u00a0La temp\u00e9rature est brusquement pass\u00e9e de 25\u00b0C \u00e0 15\u00b0C, avant de remonter actuellement \u00e0 18\u00b0C.<\/p>\n<p>\u00a0<\/p>\n<\/p>\n<p>A l&rsquo;oppos\u00e9, \u00e0 l&rsquo;Est du d\u00e9partement, la temp\u00e9rature chute nettement, notamment \u00e0 Gourdon, o\u00f9 le thermom\u00e8tre est pass\u00e9 de 33\u00b0C \u00e0 17,9\u00b0C en \u00ab\u00a0\u00e0 peine 5 minutes\u00a0\u00bb selon des internautes.<\/p>\n<\/p>\n<p>Aux alentours de 16h, la temp\u00eate avait travers\u00e9 la V\u00e9subie. Sur les r\u00e9seaux sociaux, des habitants partagent des vid\u00e9os, o\u00f9 l&rsquo;on voit les \u00e9l\u00e9ments se d\u00e9cha\u00eener au c\u0153ur de l\u2019orage. Heureusement, aucun d\u00e9g\u00e2t majeur n\u2019est constat\u00e9 pour le moment.<\/p>\n<\/p>\n<p>Mais les orages touchent \u00e9galement le Var comme ici depuis Draguignan.\u00a0<\/p><\/p>\n","protected":false},"excerpt":{"rendered":"De fortes cellules orageuses se d\u00e9clenchent actuellement sur la C\u00f4te d&rsquo;Azur, notamment du c\u00f4t\u00e9 de S\u00e9ranon, dans l&rsquo;arri\u00e8re-pays&hellip;\n","protected":false},"author":2,"featured_media":221298,"comment_status":"","ping_status":"","sticky":false,"template":"","format":"standard","meta":{"footnotes":""},"categories":[4],"tags":[11,1011,27,2487,12,25],"class_list":{"0":"post-221297","1":"post","2":"type-post","3":"status-publish","4":"format-standard","5":"has-post-thumbnail","7":"category-france","8":"tag-actualites","9":"tag-fr","10":"tag-france","11":"tag-meteo","12":"tag-news","13":"tag-republique-francaise"},"share_on_mastodon":{"url":"https:\/\/pubeurope.com\/@fr\/114785063036864562","error":""},"_links":{"self":[{"href":"https:\/\/www.europesays.com\/fr\/wp-json\/wp\/v2\/posts\/221297","targetHints":{"allow":["GET"]}}],"collection":[{"href":"https:\/\/www.europesays.com\/fr\/wp-json\/wp\/v2\/posts"}],"about":[{"href":"https:\/\/www.europesays.com\/fr\/wp-json\/wp\/v2\/types\/post"}],"author":[{"embeddable":true,"href":"https:\/\/www.europesays.com\/fr\/wp-json\/wp\/v2\/users\/2"}],"replies":[{"embeddable":true,"href":"https:\/\/www.europesays.com\/fr\/wp-json\/wp\/v2\/comments?post=221297"}],"version-history":[{"count":0,"href":"https:\/\/www.europesays.com\/fr\/wp-json\/wp\/v2\/posts\/221297\/revisions"}],"wp:featuredmedia":[{"embeddable":true,"href":"https:\/\/www.europesays.com\/fr\/wp-json\/wp\/v2\/media\/221298"}],"wp:attachment":[{"href":"https:\/\/www.europesays.com\/fr\/wp-json\/wp\/v2\/media?parent=221297"}],"wp:term":[{"taxonomy":"category","embeddable":true,"href":"https:\/\/www.europesays.com\/fr\/wp-json\/wp\/v2\/categories?post=221297"},{"taxonomy":"post_tag","embeddable":true,"href":"https:\/\/www.europesays.com\/fr\/wp-json\/wp\/v2\/tags?post=221297"}],"curies":[{"name":"wp","href":"https:\/\/api.w.org\/{rel}","templated":true}]}}