{"id":221301,"date":"2025-07-02T18:31:12","date_gmt":"2025-07-02T18:31:12","guid":{"rendered":"https:\/\/www.europesays.com\/fr\/221301\/"},"modified":"2025-07-02T18:31:12","modified_gmt":"2025-07-02T18:31:12","slug":"des-spectacles-dans-quatre-villages-en-juillet","status":"publish","type":"post","link":"https:\/\/www.europesays.com\/fr\/221301\/","title":{"rendered":"des spectacles dans quatre villages en juillet"},"content":{"rendered":"<p>L\u2019id\u00e9e ne manque pas d\u2019originalit\u00e9. Cela fait en effet onze ans que la compagnie Augustine Turpaux emprunte \u00e0 pied les chemins de la r\u00e9gion pour m\u00ealer des personnes \u00e0 un territoire, le tout mitonn\u00e9 \u00e0 du th\u00e9\u00e2tre.<\/p>\n<p>Quatre artistes en balade huit jours<\/p>\n<p>Concr\u00e8tement, quatre artistes se baladent pendant huit jours sur un terroir donn\u00e9. Chaque matin, ils interviewent des habitants, rejoignent \u00e0 pied l\u2019\u00e9tape du soir, invitent les personnes rencontr\u00e9es \u00e0 se r\u00e9unir \u00e0 18 heures 30 et improvisent devant eux un spectacle unique chaque jour, imagin\u00e9 \u00e0 partir des \u00e9changes matinaux. Cet \u00e9t\u00e9, la d\u00e9ambulation se fera de Rozier-C\u00f4tes-d\u2019Aurec \u00e0 Saint-\u00c9tienne, en passant par P\u00e9lussin ou Valfleury.<\/p>\n<p>Ce sont Anne-Sophie Ortiz-Balin et Louis Antoine Fort, tous deux com\u00e9diens, qui ont cr\u00e9\u00e9 cette compagnie en 2012.<\/p>\n<p>Bas\u00e9&#8230;<\/p>\n","protected":false},"excerpt":{"rendered":"L\u2019id\u00e9e ne manque pas d\u2019originalit\u00e9. Cela fait en effet onze ans que la compagnie Augustine Turpaux emprunte \u00e0&hellip;\n","protected":false},"author":2,"featured_media":221302,"comment_status":"","ping_status":"","sticky":false,"template":"","format":"standard","meta":{"footnotes":""},"categories":[9653],"tags":[1111,11,2430,1687,7539,1777,674,1011,27,12,25,4001,7538,3140],"class_list":{"0":"post-221301","1":"post","2":"type-post","3":"status-publish","4":"format-standard","5":"has-post-thumbnail","7":"category-saint-etienne","8":"tag-actu","9":"tag-actualites","10":"tag-auvergne-rhone-alpes","11":"tag-culture-loisirs","12":"tag-edition-loire-sud","13":"tag-eu","14":"tag-europe","15":"tag-fr","16":"tag-france","17":"tag-news","18":"tag-republique-francaise","19":"tag-saint-etienne","20":"tag-saint-etienne-ville","21":"tag-spectacle"},"share_on_mastodon":{"url":"https:\/\/pubeurope.com\/@fr\/114785070871153910","error":""},"_links":{"self":[{"href":"https:\/\/www.europesays.com\/fr\/wp-json\/wp\/v2\/posts\/221301","targetHints":{"allow":["GET"]}}],"collection":[{"href":"https:\/\/www.europesays.com\/fr\/wp-json\/wp\/v2\/posts"}],"about":[{"href":"https:\/\/www.europesays.com\/fr\/wp-json\/wp\/v2\/types\/post"}],"author":[{"embeddable":true,"href":"https:\/\/www.europesays.com\/fr\/wp-json\/wp\/v2\/users\/2"}],"replies":[{"embeddable":true,"href":"https:\/\/www.europesays.com\/fr\/wp-json\/wp\/v2\/comments?post=221301"}],"version-history":[{"count":0,"href":"https:\/\/www.europesays.com\/fr\/wp-json\/wp\/v2\/posts\/221301\/revisions"}],"wp:featuredmedia":[{"embeddable":true,"href":"https:\/\/www.europesays.com\/fr\/wp-json\/wp\/v2\/media\/221302"}],"wp:attachment":[{"href":"https:\/\/www.europesays.com\/fr\/wp-json\/wp\/v2\/media?parent=221301"}],"wp:term":[{"taxonomy":"category","embeddable":true,"href":"https:\/\/www.europesays.com\/fr\/wp-json\/wp\/v2\/categories?post=221301"},{"taxonomy":"post_tag","embeddable":true,"href":"https:\/\/www.europesays.com\/fr\/wp-json\/wp\/v2\/tags?post=221301"}],"curies":[{"name":"wp","href":"https:\/\/api.w.org\/{rel}","templated":true}]}}