{"id":221303,"date":"2025-07-02T18:32:21","date_gmt":"2025-07-02T18:32:21","guid":{"rendered":"https:\/\/www.europesays.com\/fr\/221303\/"},"modified":"2025-07-02T18:32:21","modified_gmt":"2025-07-02T18:32:21","slug":"un-nouveau-maillot-exceptionnellement-riche-de-lhistoire-stephanoise","status":"publish","type":"post","link":"https:\/\/www.europesays.com\/fr\/221303\/","title":{"rendered":"un nouveau maillot exceptionnellement riche de l\u2019histoire st\u00e9phanoise"},"content":{"rendered":"<p>En priorit\u00e9, les supporters de l\u2019ASSE pr\u00e9sents \u00e0 la Cit\u00e9 du design \u00e0 Saint-Etienne, ce mercredi soir, ont pu d\u00e9couvrir les maillots de l\u2019exercice 2025-2026.<\/p>\n<p>Le temps de patienter lors du compte \u00e0 rebours, comme lors d\u2019une mise \u00e0 feu et trois joueurs de l\u2019effectif professionnel (Mahmoud Jaber, Gautier Larsonneur et Irvin Cardona) se sont pr\u00e9sent\u00e9s sur le podium avec les tuniques\u00a0de la saison \u00e0 venir.<\/p>\n<p>Un maillot domicile d\u2019une richesse patrimoniale exceptionnelle avec des pictogrammes qui retracent la grande histoire de la cit\u00e9 st\u00e9phanoise. La pr\u00e9sentation de ce maillot pendant la Biennale du Design rev\u00eatait tout son sens. Un d\u00e9tail qui n\u2019a pas \u00e9chapp\u00e9 aux nombreuses personnes pr\u00e9sentes.<\/p>\n<p>Premier \u00e9v\u00e8nement majeur de la saison, le lancement du nouveau maillot a plong\u00e9 les supporters de plain pied dans le championnat de Ligue 2 \u00e0 venir.<\/p>\n","protected":false},"excerpt":{"rendered":"En priorit\u00e9, les supporters de l\u2019ASSE pr\u00e9sents \u00e0 la Cit\u00e9 du design \u00e0 Saint-Etienne, ce mercredi soir, ont&hellip;\n","protected":false},"author":2,"featured_media":221304,"comment_status":"","ping_status":"","sticky":false,"template":"","format":"standard","meta":{"footnotes":""},"categories":[9653],"tags":[1111,11,4000,2430,1777,674,107,1011,27,3367,12,25,4001,517],"class_list":{"0":"post-221303","1":"post","2":"type-post","3":"status-publish","4":"format-standard","5":"has-post-thumbnail","7":"category-saint-etienne","8":"tag-actu","9":"tag-actualites","10":"tag-asse-as-saint-etienne-football","11":"tag-auvergne-rhone-alpes","12":"tag-eu","13":"tag-europe","14":"tag-fil-info","15":"tag-fr","16":"tag-france","17":"tag-loire","18":"tag-news","19":"tag-republique-francaise","20":"tag-saint-etienne","21":"tag-sport"},"share_on_mastodon":{"url":"https:\/\/pubeurope.com\/@fr\/114785074827787075","error":""},"_links":{"self":[{"href":"https:\/\/www.europesays.com\/fr\/wp-json\/wp\/v2\/posts\/221303","targetHints":{"allow":["GET"]}}],"collection":[{"href":"https:\/\/www.europesays.com\/fr\/wp-json\/wp\/v2\/posts"}],"about":[{"href":"https:\/\/www.europesays.com\/fr\/wp-json\/wp\/v2\/types\/post"}],"author":[{"embeddable":true,"href":"https:\/\/www.europesays.com\/fr\/wp-json\/wp\/v2\/users\/2"}],"replies":[{"embeddable":true,"href":"https:\/\/www.europesays.com\/fr\/wp-json\/wp\/v2\/comments?post=221303"}],"version-history":[{"count":0,"href":"https:\/\/www.europesays.com\/fr\/wp-json\/wp\/v2\/posts\/221303\/revisions"}],"wp:featuredmedia":[{"embeddable":true,"href":"https:\/\/www.europesays.com\/fr\/wp-json\/wp\/v2\/media\/221304"}],"wp:attachment":[{"href":"https:\/\/www.europesays.com\/fr\/wp-json\/wp\/v2\/media?parent=221303"}],"wp:term":[{"taxonomy":"category","embeddable":true,"href":"https:\/\/www.europesays.com\/fr\/wp-json\/wp\/v2\/categories?post=221303"},{"taxonomy":"post_tag","embeddable":true,"href":"https:\/\/www.europesays.com\/fr\/wp-json\/wp\/v2\/tags?post=221303"}],"curies":[{"name":"wp","href":"https:\/\/api.w.org\/{rel}","templated":true}]}}