{"id":221305,"date":"2025-07-02T18:33:26","date_gmt":"2025-07-02T18:33:26","guid":{"rendered":"https:\/\/www.europesays.com\/fr\/221305\/"},"modified":"2025-07-02T18:33:26","modified_gmt":"2025-07-02T18:33:26","slug":"375c-a-nancy-373-a-metz-les-records-de-temperature-ce-mercredi","status":"publish","type":"post","link":"https:\/\/www.europesays.com\/fr\/221305\/","title":{"rendered":"37,5\u00b0C \u00e0 Nancy, 37,3 \u00e0 Metz&#8230; Les records de temp\u00e9rature ce mercredi"},"content":{"rendered":"<p>Ce n&rsquo;est ni \u00e0 Marseille, ni \u00e0 Toulouse qu&rsquo;il fait le plus chaud aujourd&rsquo;hui en France, mais bien \u00e0 Troyes, Reims et Metz. Depuis plusieurs jours, <a href=\"https:\/\/www.republicain-lorrain.fr\/environnement\/2025\/07\/02\/canicule-encore-une-nuit-tropicale-sur-une-partie-du-pays-bientot-une-baisse-des-temperatures\" target=\"_blank\" rel=\"noopener\">une canicule particuli\u00e8rement forte et \u00e9prouvante<\/a> s&rsquo;abat sur une large partie de la France. Ce mercredi,\u00a0le pays est coup\u00e9 en deux\u00a0: la chaleur persiste principalement dans la moiti\u00e9 Est du pays.<\/p>\n<p>C&rsquo;est donc dans le Grand Est et en Bourgogne-Franche-Comt\u00e9 qu&rsquo;il fait le plus chaud aujourd&rsquo;hui.\u00a0A 16 heures, la barre des 40\u00b0C a \u00e9t\u00e9 franchie dans trois d\u00e9partements du nord-est, selon le site sp\u00e9cialis\u00e9 M\u00e9t\u00e9ociel : \u00a0l&rsquo;Aube, la Marne et la C\u00f4te-d&rsquo;Or.<\/p>\n<p>Les temp\u00e9ratures les plus \u00e9lev\u00e9es sont ainsi provisoirement enregistr\u00e9es \u00e0 Dosnon (Aube), au nord de Troyes, avec 40,4\u00b0C, \u00e0 Mourmelon-le-Grand (Marne) avec 40,1\u00b0C et Nicey (C\u00f4te-d&rsquo;Or),\u00a0\u00e0 \u00e9galit\u00e9 avec\u00a0Avant-L\u00e8s-Ramerupt (Aube), avec 40\u00b0C.<\/p>\n<p>Le petit village de Vassincourt, dans la Meuse, se classe 13\u00e8me des temp\u00e9ratures les plus chaudes relev\u00e9es \u00e0 16 h en France, avec 39,6 \u00b0C.\u00a0<\/p>\n<p>37,5\u00b0C \u00e0 Nancy, 36,5 \u00e0 Besan\u00e7on<\/p>\n<p>Si l&rsquo;on s&rsquo;int\u00e9resse aux\u00a0stations m\u00e9t\u00e9o principales, c&rsquo;est Troyes,\u00a0Paray-le-Monial (Sa\u00f4ne-et-Loire), Auxerre et Reims qui sont les villes les plus chaudes ce mercredi.<\/p>\n<p>Les 35 \u00b0C ont \u00e9t\u00e9 facilement d\u00e9pass\u00e9s dans de nombreuses villes. En Lorraine, on rel\u00e8ve 37,5\u00b0C \u00e0 Nancy &#8211; Essey, 37,3 \u00e0 Metz, 36,5 \u00e0 Epinal. En Franche-Comt\u00e9, les records de chaleur sont de 36,8\u00b0C \u00e0 Dole, 36,5 \u00e0 Besan\u00e7on, 36,3 \u00e0 Luxeuil et 35,8 \u00e0 Belfort.\u00a0<\/p>\n<p>  Les records de chaleur pas atteints<\/p>\n<p>Malgr\u00e9 ces temp\u00e9ratures \u00e9touffantes, les records de chaleur n&rsquo;ont cependant pas \u00e9t\u00e9 d\u00e9tr\u00f4n\u00e9s dans nos stations. A Nancy-Essey,\u00a0le jour de juillet le plus chaud jamais enregistr\u00e9 reste le 24 juillet 2019 avec ses 40,1\u00b0C. A Besan\u00e7on, <a href=\"https:\/\/www.estrepublicain.fr\/encadres\/2025\/06\/30\/canicule-un-record-de-chaleur-datant-de-1976-battu-a-besancon\" target=\"_blank\" rel=\"noopener\">c&rsquo;est le 28 juillet 1921 <\/a>qui d\u00e9tient le record avec 40,3\u00b0C.<\/p>\n<p>A partir de ce jeudi, la canicule devrait progressivement reculer dans nos r\u00e9gions. D\u00e8s jeudi, la pluie fait son retour et on perdra pr\u00e8s d&rsquo;une dizaine de degr\u00e9s. La chaleur se maintient jusqu&rsquo;\u00e0 dimanche,\u00a0qui va voir les temp\u00e9ratures s&rsquo;effondrer. De quoi\u00a0rafra\u00eechir les logements !<\/p>\n","protected":false},"excerpt":{"rendered":"Ce n&rsquo;est ni \u00e0 Marseille, ni \u00e0 Toulouse qu&rsquo;il fait le plus chaud aujourd&rsquo;hui en France, mais bien&hellip;\n","protected":false},"author":2,"featured_media":221306,"comment_status":"","ping_status":"","sticky":false,"template":"","format":"standard","meta":{"footnotes":""},"categories":[9635],"tags":[1111,11,6698,12163,436,1777,674,107,1011,27,775,230,8423,3457,1702,12,3456,25,273],"class_list":{"0":"post-221305","1":"post","2":"type-post","3":"status-publish","4":"format-standard","5":"has-post-thumbnail","7":"category-nancy","8":"tag-actu","9":"tag-actualites","10":"tag-canicule","11":"tag-data","12":"tag-environnement","13":"tag-eu","14":"tag-europe","15":"tag-fil-info","16":"tag-fr","17":"tag-france","18":"tag-grand-est","19":"tag-infographie","20":"tag-meteorologie-climat","21":"tag-meurthe-et-moselle","22":"tag-nancy","23":"tag-news","24":"tag-region-lorraine","25":"tag-republique-francaise","26":"tag-selection-de-la-redaction"},"share_on_mastodon":{"url":"https:\/\/pubeurope.com\/@fr\/114785078843079861","error":""},"_links":{"self":[{"href":"https:\/\/www.europesays.com\/fr\/wp-json\/wp\/v2\/posts\/221305","targetHints":{"allow":["GET"]}}],"collection":[{"href":"https:\/\/www.europesays.com\/fr\/wp-json\/wp\/v2\/posts"}],"about":[{"href":"https:\/\/www.europesays.com\/fr\/wp-json\/wp\/v2\/types\/post"}],"author":[{"embeddable":true,"href":"https:\/\/www.europesays.com\/fr\/wp-json\/wp\/v2\/users\/2"}],"replies":[{"embeddable":true,"href":"https:\/\/www.europesays.com\/fr\/wp-json\/wp\/v2\/comments?post=221305"}],"version-history":[{"count":0,"href":"https:\/\/www.europesays.com\/fr\/wp-json\/wp\/v2\/posts\/221305\/revisions"}],"wp:featuredmedia":[{"embeddable":true,"href":"https:\/\/www.europesays.com\/fr\/wp-json\/wp\/v2\/media\/221306"}],"wp:attachment":[{"href":"https:\/\/www.europesays.com\/fr\/wp-json\/wp\/v2\/media?parent=221305"}],"wp:term":[{"taxonomy":"category","embeddable":true,"href":"https:\/\/www.europesays.com\/fr\/wp-json\/wp\/v2\/categories?post=221305"},{"taxonomy":"post_tag","embeddable":true,"href":"https:\/\/www.europesays.com\/fr\/wp-json\/wp\/v2\/tags?post=221305"}],"curies":[{"name":"wp","href":"https:\/\/api.w.org\/{rel}","templated":true}]}}