{"id":221310,"date":"2025-07-02T18:36:14","date_gmt":"2025-07-02T18:36:14","guid":{"rendered":"https:\/\/www.europesays.com\/fr\/221310\/"},"modified":"2025-07-02T18:36:14","modified_gmt":"2025-07-02T18:36:14","slug":"le-village-odalia-a-toulon-une-journee-bien-etre-au-travail","status":"publish","type":"post","link":"https:\/\/www.europesays.com\/fr\/221310\/","title":{"rendered":"Le Village Odalia \u00e0 Toulon : une journ\u00e9e bien-\u00eatre au travail"},"content":{"rendered":"<p class=\"ai-optimize-6 ai-optimize-introduction\" data-start=\"252\" data-end=\"521\">Le 26 juin 2025, le <a href=\"https:\/\/odaliasante.fr\/village-odalia-bougez-pour-votre-bien-etre-au-travail\/#:~:text=Le%20Village%20Odalia%20s&#039;adresse,d&#039;inspirer%20et%20de%20f%C3%A9d%C3%A9rer.\" target=\"_blank\" rel=\"noopener nofollow\">Village Odalia<\/a> a investi le Campus RCT de Toulon pour une journ\u00e9e gratuite autour du bien-\u00eatre en entreprise. Salari\u00e9s et experts se sont retrouv\u00e9s pour \u00e9changer sur la sant\u00e9, la pr\u00e9vention et l\u2019activit\u00e9 physique au travail.<\/p>\n<p><img fetchpriority=\"high\" decoding=\"async\" class=\"size-full wp-image-54906\" src=\"https:\/\/www.europesays.com\/fr\/wp-content\/uploads\/2025\/07\/Village-Odalia-illustration_info83.jpg\" alt=\"Village Odalia\" width=\"800\" height=\"453\"  \/>Village Odalia une journ\u00e9e autour du bien \u00eatre au travail<br \/>\n<strong data-start=\"528\" data-end=\"570\">Village Odalia : une trentaine de partenaires mobilis\u00e9s<\/strong><\/p>\n<p class=\"ai-optimize-7\" data-start=\"528\" data-end=\"859\">D\u00e8s 14h, les visiteurs ont pu d\u00e9couvrir les diff\u00e9rents stands du Village Odalia, install\u00e9 pour l\u2019occasion sur le Campus RCT. Professionnels de sant\u00e9 au travail et experts \u00e9taient pr\u00e9sents pour conseiller le public. Chacun a pu repartir avec des astuces concr\u00e8tes \u00e0 mettre en pratique.<\/p>\n<p class=\"ai-optimize-8\" data-start=\"861\" data-end=\"1133\">Le programme, riche et vari\u00e9, abordait de nombreux th\u00e8mes : ergonomie, alimentation, sant\u00e9 mentale ou encore pr\u00e9vention des risques professionnels. Chaque espace proposait une animation diff\u00e9rente, permettant au public de participer librement tout au long de l\u2019apr\u00e8s-midi.<\/p>\n<p><strong data-start=\"1140\" data-end=\"1193\">Des ateliers pour exp\u00e9rimenter et se familiariser<\/strong><\/p>\n<p class=\"ai-optimize-9\" data-start=\"1140\" data-end=\"1466\">Les participants ont eu l\u2019opportunit\u00e9 de tester diverses pratiques : de la sophrologie \u00e0 la r\u00e9flexologie, en passant par le yoga du rire ou encore l\u2019\u00e9veil musculaire. Tous ces ateliers \u00e9taient encadr\u00e9s par des professionnels qualifi\u00e9s, dans une ambiance bienveillante.<\/p>\n<p class=\"ai-optimize-10\" data-start=\"1468\" data-end=\"1730\">L\u2019enjeu \u00e9tait de montrer que prendre soin de soi peut commencer par des gestes simples, int\u00e9grables dans la routine professionnelle. De nombreuses entreprises locales \u00e9taient repr\u00e9sent\u00e9es, t\u00e9moignant de l\u2019int\u00e9r\u00eat croissant pour le bien-\u00eatre en milieu de travail.<\/p>\n<p><strong data-start=\"1737\" data-end=\"1786\">Un moment fort en soir\u00e9e avec Lucile Woodward<\/strong><\/p>\n<p class=\"ai-optimize-11\" data-start=\"1737\" data-end=\"2023\">D\u00e8s 19h, le temps fort de la journ\u00e9e a rassembl\u00e9 les participants autour d\u2019une s\u00e9ance collective anim\u00e9e par la coach sportive Lucile Woodward. En musique et dans une atmosph\u00e8re conviviale, le public a pris plaisir \u00e0 bouger ensemble.<\/p>\n<p class=\"ai-optimize-12\" data-start=\"2025\" data-end=\"2329\">La soir\u00e9e s\u2019est poursuivie par une table ronde r\u00e9unissant un m\u00e9decin du travail et plusieurs acteurs du monde professionnel. Ensemble, ils ont partag\u00e9 leurs retours d\u2019exp\u00e9rience et \u00e9voqu\u00e9 les bienfaits concrets de l\u2019activit\u00e9 physique au quotidien, tout en reconnaissant les d\u00e9fis \u00e0 relever en entreprise.vCette premi\u00e8re \u00e9dition a su rassembler employ\u00e9s, experts et dirigeants autour du bien-\u00eatre au travail.<\/p>\n<p class=\"ai-optimize-12\" data-start=\"2025\" data-end=\"2329\">Odalia ambitionne d\u00e9sormais d\u2019en faire un rendez-vous r\u00e9gulier dans le d\u00e9partement du Var.<\/p>\n<p class=\"ai-optimize-14\" data-start=\"2025\" data-end=\"2329\"><strong>A lire aussi\u00a0<\/strong><\/p>\n<p class=\"ai-optimize-15\" data-start=\"2025\" data-end=\"2329\"><a href=\"https:\/\/www.info83.fr\/sante-du-dirigeant-une-priorite-pour-odalia-et-les-entreprises-varoises\/\" target=\"_blank\" rel=\"noopener nofollow\">Sant\u00e9 du dirigeant : une priorit\u00e9 pour Odalia !<\/a><\/p>\n<p class=\"ai-optimize-8\"><strong><img decoding=\"async\" class=\"emoji\" role=\"img\" draggable=\"false\" src=\"https:\/\/s.w.org\/images\/core\/emoji\/13.1.0\/svg\/1f538.svg\" alt=\"\ud83d\udd38\" data-pin-no-hover=\"true\"\/>Info83, le Var proche de vous<br \/><\/strong><\/p>\n<p class=\"ai-optimize-9\"><img decoding=\"async\" class=\"emoji\" role=\"img\" draggable=\"false\" src=\"https:\/\/s.w.org\/images\/core\/emoji\/13.1.0\/svg\/27a1.svg\" alt=\"\u27a1\ufe0f\" data-pin-no-hover=\"true\"\/>\u00a0<a href=\"https:\/\/bit.ly\/2OZZMMK\" target=\"_blank\" rel=\"noopener noreferrer nofollow\">Facebook Info83<\/a><\/p>\n<p class=\"ai-optimize-10\"><img decoding=\"async\" class=\"emoji\" role=\"img\" draggable=\"false\" src=\"https:\/\/s.w.org\/images\/core\/emoji\/13.1.0\/svg\/27a1.svg\" alt=\"\u27a1\ufe0f\" data-pin-no-hover=\"true\"\/>\u00a0<a href=\"https:\/\/bit.ly\/2ONkTC9\" target=\"_blank\" rel=\"noopener noreferrer nofollow\">Youtube Info83<\/a><\/p>\n","protected":false},"excerpt":{"rendered":"Le 26 juin 2025, le Village Odalia a investi le Campus RCT de Toulon pour une journ\u00e9e gratuite&hellip;\n","protected":false},"author":2,"featured_media":221311,"comment_status":"","ping_status":"","sticky":false,"template":"","format":"standard","meta":{"footnotes":""},"categories":[9619],"tags":[1111,11,36010,1777,674,1011,27,12,6543,882,25,71,2310,36011],"class_list":{"0":"post-221310","1":"post","2":"type-post","3":"status-publish","4":"format-standard","5":"has-post-thumbnail","7":"category-toulon","8":"tag-actu","9":"tag-actualites","10":"tag-bien-etre-au-travail","11":"tag-eu","12":"tag-europe","13":"tag-fr","14":"tag-france","15":"tag-news","16":"tag-prevention","17":"tag-provence-alpes-cote-dazur","18":"tag-republique-francaise","19":"tag-sante","20":"tag-toulon","21":"tag-village-odalia"},"share_on_mastodon":{"url":"https:\/\/pubeurope.com\/@fr\/114785090703437081","error":""},"_links":{"self":[{"href":"https:\/\/www.europesays.com\/fr\/wp-json\/wp\/v2\/posts\/221310","targetHints":{"allow":["GET"]}}],"collection":[{"href":"https:\/\/www.europesays.com\/fr\/wp-json\/wp\/v2\/posts"}],"about":[{"href":"https:\/\/www.europesays.com\/fr\/wp-json\/wp\/v2\/types\/post"}],"author":[{"embeddable":true,"href":"https:\/\/www.europesays.com\/fr\/wp-json\/wp\/v2\/users\/2"}],"replies":[{"embeddable":true,"href":"https:\/\/www.europesays.com\/fr\/wp-json\/wp\/v2\/comments?post=221310"}],"version-history":[{"count":0,"href":"https:\/\/www.europesays.com\/fr\/wp-json\/wp\/v2\/posts\/221310\/revisions"}],"wp:featuredmedia":[{"embeddable":true,"href":"https:\/\/www.europesays.com\/fr\/wp-json\/wp\/v2\/media\/221311"}],"wp:attachment":[{"href":"https:\/\/www.europesays.com\/fr\/wp-json\/wp\/v2\/media?parent=221310"}],"wp:term":[{"taxonomy":"category","embeddable":true,"href":"https:\/\/www.europesays.com\/fr\/wp-json\/wp\/v2\/categories?post=221310"},{"taxonomy":"post_tag","embeddable":true,"href":"https:\/\/www.europesays.com\/fr\/wp-json\/wp\/v2\/tags?post=221310"}],"curies":[{"name":"wp","href":"https:\/\/api.w.org\/{rel}","templated":true}]}}