{"id":221314,"date":"2025-07-02T18:38:15","date_gmt":"2025-07-02T18:38:15","guid":{"rendered":"https:\/\/www.europesays.com\/fr\/221314\/"},"modified":"2025-07-02T18:38:15","modified_gmt":"2025-07-02T18:38:15","slug":"jai-squatte-le-balcon-pour-avoir-un-peu-de-frais-3-000-foyers-montpellierains-prives-delectricite-a-saint-martin","status":"publish","type":"post","link":"https:\/\/www.europesays.com\/fr\/221314\/","title":{"rendered":"\u00ab\u00a0J\u2019ai squatt\u00e9 le balcon pour avoir un peu de frais\u00a0\u00bb\u00a0: 3\u00a0000 foyers montpelli\u00e9rains priv\u00e9s d\u2019\u00e9lectricit\u00e9 \u00e0 Saint-Martin"},"content":{"rendered":"<p>\n                                                                La panne qui est intervenue en pleine canicule a compliqu\u00e9 la vie des habitants de Saint-Martin. Il s\u2019agissait d\u2019une double rupture de c\u00e2bles \u00e0 haute tension, due \u00e0 la chaleur. Le courant est revenu hier.\n                            <\/p>\n<p>C\u2019est un d\u00e9but d\u2019\u00e9t\u00e9 cauchemardesque qu\u2019ont v\u00e9cu 3\u00a0000 foyers du quartier Saint-Martin. En pleine vigilance orange canicule, ils se sont en effet retrouv\u00e9s priv\u00e9s d\u2019\u00e9lectricit\u00e9.<\/p>\n<p>D\u00e8s mardi, vers 16\u00a0h, 3\u00a0500 foyers de deux quartiers de Montpellier ont \u00e9t\u00e9 touch\u00e9s. Il s\u2019agissait de celui situ\u00e9 autour de la facult\u00e9 de pharmacie et de l\u2019avenue Charles-Flahault, o\u00f9 le courant a \u00e9t\u00e9 r\u00e9tabli vers 17\u00a0h\u00a030.<\/p>\n<p>Mais au sud de la ville, autour de Saint-Martin, les \u00e9quipes d\u2019Enedis ont eu le plus grand mal \u00e0 d\u00e9tecter la panne. Celle-ci concernait encore 750 foyers \u00e0 19\u00a0h\u00a030. La situation s\u2019est malheureusement d\u00e9grad\u00e9e pendant la nuit suivante.<\/p>\n<p>\u00ab\u00a0Certains n\u2019avaient pas d\u2019eau\u00a0\u00bb<\/p>\n<p>\u00ab\u00a0On n\u2019avait plus de courant vers 3\u00a0h du matin, informe une habitante. Certains n\u2019avaient pas d\u2019eau, d\u2019autres ne pouvaient pas utiliser l\u2019ascenseur ou sortir de chez eux (\u00e0 cause du portail \u00e9lectrique).\u00a0\u00bb<\/p>\n<p>\u00ab\u00a0Je me suis rendu compte \u00e0 4\u00a0h de la panne car le ventilateur ne fonctionnait plus et j\u2019\u00e9tais en sueur, t\u00e9moigne une autre Montpelli\u00e9raine. J\u2019ai squatt\u00e9 mon balcon pour avoir un peu de frais. C\u2019est tr\u00e8s compliqu\u00e9 quand on a une grave maladie qui ne supporte pas la chaleur. On avait d\u00e9j\u00e0 eu une coupure de deux heures la veille\u2026\u00a0\u00bb.<\/p>\n<p>\u00a0<\/p>\n<p>    Laurent Nison\u00a0: \u00ab\u00a0deux coupures distinctes\u00a0\u00bb<\/p>\n<p>Laurent Nison est adjoint au maire d\u00e9l\u00e9gu\u00e9 aux grands travaux, \u00e0 l\u2019embellissement et au cadre de vie. \u00ab\u00a0Il a pu y avoir une panne parcellaire mardi mais le nombre de personnes priv\u00e9es d\u2019\u00e9lectricit\u00e9 a augment\u00e9 \u00e0 partir de 3\u00a0heures du matin, dans la nuit de mardi \u00e0 mercredi.\u00a0\u00bb<\/p>\n<p>\u00ab\u00a0J\u2019ai \u00e9t\u00e9 tr\u00e8s r\u00e9guli\u00e8rement en contact avec Enedis. Ils ont identifi\u00e9 que la coupure venait d\u2019un c\u00e2ble haute tension sous-terrain, n\u00e9cessitant une intervention physique. Plus tard, on a appris qu\u2019il y avait deux coupures distinctes, situ\u00e9es avenue du Mar\u00e9chal Lerclerc et rue des Tulipes. Elles ont pu \u00eatre trait\u00e9es ce mercredi vers 17\u00a0h.\u00a0\u00bb<\/p>\n<p>\u00ab\u00a0Nicole Marin-Khoury, adjointe de quartier, a pass\u00e9 la journ\u00e9e sur le terrain, avec les commer\u00e7ants mais aussi \u00e0 la Maison pour tous qui a bien port\u00e9 son nom en accueillant les habitants les plus fragiles dans des pi\u00e8ces climatis\u00e9es. C\u2019est une panne qui tombe tr\u00e8s mal, en p\u00e9riode de fortes chaleurs.\u00a0\u00bb<\/p>\n<p>\u00ab\u00a0J\u2019ai refus\u00e9 des clients\u00a0\u00bb<\/p>\n<p>Ce mercredi matin, ce sont 3\u00a0000 foyers qui \u00e9taient priv\u00e9s de courant. Dont le coiffeur du centre commercial Saint-Martin. \u00ab\u00a0Quand je suis arriv\u00e9 \u00e0 9\u00a0h, il n\u2019y avait pas d\u2019\u00e9lectricit\u00e9. La veille, \u00e7a s\u2019\u00e9tait arr\u00eat\u00e9 deux fois et c\u2019\u00e9tait revenu. Mais l\u00e0, il n\u2019y avait plus rien. J\u2019ai refus\u00e9 des clients car je ne pouvais pas travailler. Je suis parti vers 12\u00a0h\u00a030. Les autres commer\u00e7ants ont aussi ferm\u00e9\u00a0\u00bb.<\/p>\n<p>Ce mercredi, vers 17\u00a0h, Enedis confirmait enfin que \u00ab\u00a0la totalit\u00e9 des 3\u00a0000 clients ont \u00e9t\u00e9 r\u00e9aliment\u00e9s. L\u2019intervention de nos \u00e9quipes est termin\u00e9e\u00a0\u00bb. Ce sont les fortes chaleurs qui auraient provoqu\u00e9 les coupures. Ce qui n\u2019a rien de rassurant, l\u2019\u00e9t\u00e9 ne faisant que commencer\u2026<\/p>\n","protected":false},"excerpt":{"rendered":"La panne qui est intervenue en pleine canicule a compliqu\u00e9 la vie des habitants de Saint-Martin. Il s\u2019agissait&hellip;\n","protected":false},"author":2,"featured_media":221315,"comment_status":"","ping_status":"","sticky":false,"template":"","format":"standard","meta":{"footnotes":""},"categories":[9599],"tags":[1111,11,1777,674,1011,27,2208,12,2680,25],"class_list":{"0":"post-221314","1":"post","2":"type-post","3":"status-publish","4":"format-standard","5":"has-post-thumbnail","7":"category-montpellier","8":"tag-actu","9":"tag-actualites","10":"tag-eu","11":"tag-europe","12":"tag-fr","13":"tag-france","14":"tag-montpellier","15":"tag-news","16":"tag-occitanie","17":"tag-republique-francaise"},"share_on_mastodon":{"url":"https:\/\/pubeurope.com\/@fr\/114785098510033369","error":""},"_links":{"self":[{"href":"https:\/\/www.europesays.com\/fr\/wp-json\/wp\/v2\/posts\/221314","targetHints":{"allow":["GET"]}}],"collection":[{"href":"https:\/\/www.europesays.com\/fr\/wp-json\/wp\/v2\/posts"}],"about":[{"href":"https:\/\/www.europesays.com\/fr\/wp-json\/wp\/v2\/types\/post"}],"author":[{"embeddable":true,"href":"https:\/\/www.europesays.com\/fr\/wp-json\/wp\/v2\/users\/2"}],"replies":[{"embeddable":true,"href":"https:\/\/www.europesays.com\/fr\/wp-json\/wp\/v2\/comments?post=221314"}],"version-history":[{"count":0,"href":"https:\/\/www.europesays.com\/fr\/wp-json\/wp\/v2\/posts\/221314\/revisions"}],"wp:featuredmedia":[{"embeddable":true,"href":"https:\/\/www.europesays.com\/fr\/wp-json\/wp\/v2\/media\/221315"}],"wp:attachment":[{"href":"https:\/\/www.europesays.com\/fr\/wp-json\/wp\/v2\/media?parent=221314"}],"wp:term":[{"taxonomy":"category","embeddable":true,"href":"https:\/\/www.europesays.com\/fr\/wp-json\/wp\/v2\/categories?post=221314"},{"taxonomy":"post_tag","embeddable":true,"href":"https:\/\/www.europesays.com\/fr\/wp-json\/wp\/v2\/tags?post=221314"}],"curies":[{"name":"wp","href":"https:\/\/api.w.org\/{rel}","templated":true}]}}